{"id":14880,"date":"2021-02-13T05:54:43","date_gmt":"2021-02-13T05:54:43","guid":{"rendered":"https:\/\/visionciudadana.com.mx\/prueba\/2021\/02\/13\/quierete-cuidate-y-protegete-13-de-febrero-dia-del-condon\/"},"modified":"2025-06-25T00:32:28","modified_gmt":"2025-06-25T00:32:28","slug":"quierete-cuidate-y-protegete-13-de-febrero-dia-del-condon","status":"publish","type":"post","link":"https:\/\/visionciudadana.com.mx\/oficial\/2021\/02\/13\/quierete-cuidate-y-protegete-13-de-febrero-dia-del-condon\/","title":{"rendered":"Qui\u00e9rete, cu\u00eddate y prot\u00e9gete, 13 de febrero d\u00eda del Cond\u00f3n"},"content":{"rendered":"<div>\n<p><img fetchpriority=\"high\" decoding=\"async\" src=\"images\/Feb21\/quierete_y_cuidate.PNG\" alt=\"quierete y cuidate\" width=\"432\" height=\"206\" style=\"display: block; margin-left: auto; margin-right: auto;\" \/><\/p>\n<p class=\"x_MsoNormal\" style=\"text-align: justify;\"><b><span lang=\"ES-MX\"><\/span><\/b><span lang=\"ES-MX\" style=\"font-size: 14pt; font-family: arial, helvetica, sans-serif;\">Desde 2009, se estableci\u00f3 el 13 de febrero como el D\u00eda Internacional del Cond\u00f3n, fecha conmemorativa que respalda los esfuerzos mundiales enfocados a aumentar el autocuidado de las personas en sus pr\u00e1cticas sexuales, para crear conciencia sobre el sexo seguro y protegido y reducir el n\u00famero de nuevos contagios de ITS y VIH.<\/span><\/p>\n<p>&nbsp;<\/p>\n<p class=\"x_MsoNormal\" style=\"text-align: justify;\"><span lang=\"ES-MX\" style=\"font-size: 14pt; font-family: arial, helvetica, sans-serif;\">Los Servicios de Salud de Sinaloa a trav\u00e9s de la Direcci\u00f3n de Prevenci\u00f3n y Promoci\u00f3n de la Salud garantizan el acceso a condones y promueven su uso correcto y constante, inform\u00f3 el Dr. Juan Manuel Garc\u00eda D\u00edaz, Jefe del Programa VIH SIDA, quien ofreci\u00f3 una conferencia virtual a medios de comunicaci\u00f3n en el marco del D\u00eda internacional del Cond\u00f3n.<\/span><\/p>\n<p style=\"text-align: justify;\">&nbsp;<\/p>\n<p class=\"x_MsoNormal\" style=\"text-align: justify;\"><span lang=\"ES-MX\" style=\"font-size: 14pt; font-family: arial, helvetica, sans-serif;\">\u201cEl cond\u00f3n es un aliado esencial en la prevenci\u00f3n del VIH y otras enfermedades de transmisi\u00f3n sexual (ITS), al igual que tambi\u00e9n una manera de evitar embarazos no planeados. Por lo cual, es prioritario que la poblaci\u00f3n cuente con acceso a este insumo preventivo y reciba informaci\u00f3n para su uso adecuado; derecho que tienen las personas para disfrutar una vida sexual plena y placentera\u201d, manifest\u00f3.<\/span><\/p>\n<p style=\"text-align: justify;\">&nbsp;<\/p>\n<p class=\"x_MsoNormal\" style=\"text-align: justify;\"><span lang=\"ES-MX\" style=\"font-size: 14pt; font-family: arial, helvetica, sans-serif;\">Asimismo, manifest\u00f3 que, los condones son barreras f\u00edsicas que pueden reducir el riesgo de exposici\u00f3n sexual al VIH y otras ITS. Est\u00e1n hechos de materiales que les permiten impedir el paso de virus y bacterias hasta en 98% de los casos, aunado a la prevenci\u00f3n de embarazos no planeados.<\/span><\/p>\n<p style=\"text-align: justify;\">&nbsp;<\/p>\n<p class=\"x_MsoNormal\" style=\"text-align: justify;\"><span lang=\"ES-MX\" style=\"font-size: 14pt; font-family: arial, helvetica, sans-serif;\">\u201cExisten dos tipos disponibles de forma gratuita en las unidades de salud: el interno y externo. El cond\u00f3n externo, o tambi\u00e9n llamado masculino, es una funda hecha de l\u00e1tex, poliuretano o polipropileno que cubre al pene durante las pr\u00e1cticas sexuales. Existen muchas marcas y tipos disponibles. El cond\u00f3n interno, o tambi\u00e9n conocido como cond\u00f3n femenino, es una bolsa fabricada de nitrilo o poliuretano dise\u00f1ado para el sexo vaginal, sin embargo, tambi\u00e9n puede ser utilizada durante el sexo anal, explic\u00f3\u201d.<\/span><\/p>\n<p class=\"x_MsoNormal\" style=\"text-align: justify;\"><span lang=\"ES-MX\" style=\"font-size: 14pt; font-family: arial, helvetica, sans-serif;\"><\/span><\/p>\n<p class=\"x_MsoNormal\" style=\"text-align: justify;\"><span lang=\"ES-MX\" style=\"font-size: 14pt; font-family: arial, helvetica, sans-serif;\">Agreg\u00f3 que, la Encuesta Nacional de Salud y Nutrici\u00f3n, en su \u00faltima versi\u00f3n, reporta que el cond\u00f3n es el m\u00e9todo anticonceptivo m\u00e1s utilizado y de mayor popularidad en adolescentes mexicanos que inician su vida sexual (82% en hombres y 69% en mujeres); mientras que, casi la mitad de las personas de 20 a 49 a\u00f1os, refieren no haber utilizado ninguna protecci\u00f3n anticonceptiva en su primera relaci\u00f3n sexual. Dicha situaci\u00f3n refleja la importancia de potenciar las estrategias de prevenci\u00f3n que actualmente se promueve en el estado de Sinaloa.<\/span><\/p>\n<p style=\"text-align: justify;\">&nbsp;<\/p>\n<p class=\"x_MsoNormal\" style=\"text-align: justify;\"><span lang=\"ES-MX\" style=\"font-size: 14pt; font-family: arial, helvetica, sans-serif;\">Adem\u00e1s de la situaci\u00f3n en M\u00e9xico, cifras de la Organizaci\u00f3n Mundial de la Salud refieren que diariamente 1 mill\u00f3n de personas adquieren una infecci\u00f3n de transmisi\u00f3n sexual por mantener pr\u00e1cticas sexuales sin cond\u00f3n.<\/span><\/p>\n<p style=\"text-align: justify;\">&nbsp;<\/p>\n<p class=\"x_MsoNormal\" style=\"text-align: justify;\"><span lang=\"ES-MX\" style=\"font-size: 14pt; font-family: arial, helvetica, sans-serif;\">Es por ello que, para garantizar el abasto y el acceso a condones para las poblaciones clave y en mayor vulnerabilidad, los Servicios de Salud de Sinaloa, promueven su uso y garantizan su distribuci\u00f3n gratuita en los m\u00e1s de 200 centros de salud ubicados a lo largo y ancho del estado.<\/span><\/p>\n<p style=\"text-align: justify;\">&nbsp;<\/p>\n<p class=\"x_MsoNormal\" style=\"text-align: justify;\"><span lang=\"ES-MX\" style=\"font-size: 14pt; font-family: arial, helvetica, sans-serif;\">Como parte de las acciones preventivas focalizadas, los condones podr\u00e1n encontrarse en Centros Ambulatorios para la Prevenci\u00f3n y Atenci\u00f3n en sida e ITS (CAPASITS) y en los Servicios de Atenci\u00f3n Integral Hospitalaria (SAIH), adem\u00e1s de los m\u00e1s de 200 centros de salud del estado de Sinaloa.<\/span><\/p>\n<p style=\"text-align: justify;\">&nbsp;<\/p>\n<p class=\"x_MsoNormal\" style=\"text-align: justify;\"><span lang=\"ES-MX\" style=\"font-size: 14pt; font-family: arial, helvetica, sans-serif;\">Aunado a este esfuerzo, Censida y el Programa estatal de VIH sida e ITS en el estado de Sinaloa promueven el uso correcto y consistente del cond\u00f3n masculino y femenino a trav\u00e9s de la campa\u00f1a \u201cD\u00eda Internacional del Cond\u00f3n 2021, #SiempreCond\u00f3n\u201d, la cual tiene por objetivo promover una cultura de su utilizaci\u00f3n para disfrutar de una salud sexual informada, protegida y divertida.<\/span><\/p>\n<p class=\"x_MsoNormal\" style=\"text-align: justify;\"><span style=\"font-size: 14pt; font-family: arial, helvetica, sans-serif;\"><b><span lang=\"ES-MX\">DIRECCIONES DE UNEMES CAPASITS.<\/span><\/b><\/span><\/p>\n<p class=\"x_MsoNormal\" style=\"text-align: justify;\"><span lang=\"ES-MX\" style=\"font-size: 14pt; font-family: arial, helvetica, sans-serif;\">CAPASITS&nbsp; CULIACAN:<\/span><\/p>\n<p class=\"x_MsoNormal\" style=\"text-align: justify;\"><span style=\"font-size: 14pt; font-family: arial, helvetica, sans-serif;\"><b><span lang=\"ES-MX\">BOULEVARD LOLA BELTRAN No: 1001 PTE. FRACCIONAMIENTO RINCON DEL HUMAYA CULIACAN SINALOA, C,P. 80020<br \/>(667) 1 46 91 23&nbsp; y 1 46 91 24<\/span><\/b><\/span><\/p>\n<p class=\"x_MsoNormal\" style=\"text-align: justify;\"><span lang=\"ES-MX\" style=\"font-size: 14pt; font-family: arial, helvetica, sans-serif;\">CAPASITS&nbsp;&nbsp; MAZATLAN:<\/span><\/p>\n<p class=\"x_MsoNormal\" style=\"text-align: justify;\"><span style=\"font-size: 14pt; font-family: arial, helvetica, sans-serif;\"><b><span lang=\"ES-MX\">AVE. FERROCARRIL S\/N, COLONIA SANTA ELENA<br \/>66 99 81 60 00<\/span><\/b><b><span lang=\"ES-MX\">,&nbsp; a un costado de Hospital General de Mazatl\u00e1n C.P. 82186<\/span><\/b><\/span><\/p>\n<p class=\"x_MsoNormal\" style=\"text-align: justify;\"><span lang=\"ES-MX\" style=\"font-size: 14pt; font-family: arial, helvetica, sans-serif;\">CAPASITS&nbsp;&nbsp; DE LOS MOCHIS<\/span><\/p>\n<p class=\"x_MsoNormal\" style=\"text-align: justify;\"><span style=\"font-size: 14pt; font-family: arial, helvetica, sans-serif;\"><b><span lang=\"ES-MX\">MELCHOR OCAMPO ENTRE NI\u00d1OS H\u00c9ROES Y CONSTITUCI\u00d3N COL. ANAHUAC, C.P. 81280<br \/>(668) 17 58 83<\/span><\/b><b><span lang=\"ES-MX\">, a un costado de la Jurisdicci\u00f3n sanitaria<\/span><\/b><\/span><\/p>\n<p class=\"x_MsoNormal\" style=\"text-align: justify;\"><span lang=\"ES\" style=\"font-size: 14pt; font-family: arial, helvetica, sans-serif;\">HOSPITAL GENERAL DE ESCUINAPA<\/span><\/p>\n<p class=\"x_MsoNormal\" style=\"text-align: justify;\"><span style=\"font-size: 14pt; font-family: arial, helvetica, sans-serif;\"><b><span lang=\"ES-MX\">GABRIEL LEYVA #300 CP. 82400 ESCUINAPA, SINALOA, Tel 695-95-303-88<\/span><\/b><\/span><\/p>\n<p style=\"text-align: justify;\">&nbsp;<\/p>\n<p style=\"text-align: justify;\">&nbsp;<\/p>\n<p style=\"text-align: justify;\"><span style=\"font-size: 14pt; font-family: arial, helvetica, sans-serif;\">REDACCI\u00d3N\/VISI\u00d3N CIUDADANA.<\/span><\/p>\n<\/div>\n","protected":false},"excerpt":{"rendered":"<p>Desde 2009, se estableci\u00f3 el 13 de febrero como el D\u00eda Internacional del Cond\u00f3n, fecha conmemorativa que respalda los esfuerzos mundiales enfocados a aumentar el autocuidado de las personas en sus pr\u00e1cticas sexuales, para crear conciencia sobre el sexo seguro y protegido y reducir el n\u00famero de nuevos contagios de ITS y VIH. &nbsp; Los [&hellip;]<\/p>\n","protected":false},"author":1,"featured_media":6688,"comment_status":"closed","ping_status":"closed","sticky":false,"template":"","format":"standard","meta":{"footnotes":""},"categories":[24],"tags":[],"ppma_author":[31],"class_list":["post-14880","post","type-post","status-publish","format-standard","has-post-thumbnail","hentry","category-relevantes"],"aioseo_notices":[],"authors":[{"term_id":31,"user_id":1,"is_guest":0,"slug":"ivan3vino","display_name":"Iv\u00e1n Trevi\u00f1o","avatar_url":{"url":"https:\/\/visionciudadana.com.mx\/oficial\/wp-content\/uploads\/2025\/09\/columna-ivan-Trevino.png","url2x":"https:\/\/visionciudadana.com.mx\/oficial\/wp-content\/uploads\/2025\/09\/columna-ivan-Trevino.png"},"0":null,"1":"","2":"","3":"","4":"","5":"","6":"","7":"","8":""}],"_links":{"self":[{"href":"https:\/\/visionciudadana.com.mx\/oficial\/wp-json\/wp\/v2\/posts\/14880","targetHints":{"allow":["GET"]}}],"collection":[{"href":"https:\/\/visionciudadana.com.mx\/oficial\/wp-json\/wp\/v2\/posts"}],"about":[{"href":"https:\/\/visionciudadana.com.mx\/oficial\/wp-json\/wp\/v2\/types\/post"}],"author":[{"embeddable":true,"href":"https:\/\/visionciudadana.com.mx\/oficial\/wp-json\/wp\/v2\/users\/1"}],"replies":[{"embeddable":true,"href":"https:\/\/visionciudadana.com.mx\/oficial\/wp-json\/wp\/v2\/comments?post=14880"}],"version-history":[{"count":1,"href":"https:\/\/visionciudadana.com.mx\/oficial\/wp-json\/wp\/v2\/posts\/14880\/revisions"}],"predecessor-version":[{"id":31419,"href":"https:\/\/visionciudadana.com.mx\/oficial\/wp-json\/wp\/v2\/posts\/14880\/revisions\/31419"}],"wp:featuredmedia":[{"embeddable":true,"href":"https:\/\/visionciudadana.com.mx\/oficial\/wp-json\/wp\/v2\/media\/6688"}],"wp:attachment":[{"href":"https:\/\/visionciudadana.com.mx\/oficial\/wp-json\/wp\/v2\/media?parent=14880"}],"wp:term":[{"taxonomy":"category","embeddable":true,"href":"https:\/\/visionciudadana.com.mx\/oficial\/wp-json\/wp\/v2\/categories?post=14880"},{"taxonomy":"post_tag","embeddable":true,"href":"https:\/\/visionciudadana.com.mx\/oficial\/wp-json\/wp\/v2\/tags?post=14880"},{"taxonomy":"author","embeddable":true,"href":"https:\/\/visionciudadana.com.mx\/oficial\/wp-json\/wp\/v2\/ppma_author?post=14880"}],"curies":[{"name":"wp","href":"https:\/\/api.w.org\/{rel}","templated":true}]}}