{"id":14878,"date":"2021-02-13T05:47:52","date_gmt":"2021-02-13T05:47:52","guid":{"rendered":"https:\/\/visionciudadana.com.mx\/prueba\/2021\/02\/13\/se-integra-liliana-campuzano-como-nueva-comisionada-de-ceaip\/"},"modified":"2025-06-25T00:32:28","modified_gmt":"2025-06-25T00:32:28","slug":"se-integra-liliana-campuzano-como-nueva-comisionada-de-ceaip","status":"publish","type":"post","link":"https:\/\/visionciudadana.com.mx\/oficial\/2021\/02\/13\/se-integra-liliana-campuzano-como-nueva-comisionada-de-ceaip\/","title":{"rendered":"Se integra Liliana Campuzano como nueva comisionada de Ceaip"},"content":{"rendered":"<p><img fetchpriority=\"high\" decoding=\"async\" src=\"images\/Feb21\/campuzano.PNG\" alt=\"campuzano\" width=\"406\" height=\"188\" style=\"display: block; margin-left: auto; margin-right: auto;\" \/><\/p>\n<p class=\"x_MsoNormal\" style=\"text-align: justify;\" align=\"right\"><span style=\"font-size: 14pt; font-family: arial, helvetica, sans-serif;\">La Licenciada Liliana Margarita Campuzano Vega se integr\u00f3 a la Comisi\u00f3n Estatal para el Acceso a la Informaci\u00f3n P\u00fablica, luego de rendir protesta de Ley ante la LXIII Legislatura de Sinaloa.<\/span><\/p>\n<p style=\"text-align: justify;\">&nbsp;<\/p>\n<p class=\"x_MsoNormal\" style=\"text-align: justify;\"><span style=\"font-size: 14pt; font-family: arial, helvetica, sans-serif;\">Los Comisionados Jos\u00e9 Alfredo Beltr\u00e1n Estrada, Presidente del \u00f3rgano constitucional aut\u00f3nomo y la Comisionada Rosa del Carmen Liz\u00e1rraga F\u00e9lix, dieron la bienvenida a Liliana Margarita Campuzano Vega, con quien sostuvieron la primera reuni\u00f3n de trabajo.<\/span><\/p>\n<p style=\"text-align: justify;\">&nbsp;<\/p>\n<p class=\"x_MsoNormal\" style=\"text-align: justify;\"><span style=\"font-size: 14pt; font-family: arial, helvetica, sans-serif;\">Este viernes 12 de febrero, con la nueva Comisionada ya integrada al Pleno, realizaron la primera Sesi\u00f3n Extraordinaria en la cual se aprob\u00f3 como \u00fanico punto, la designaci\u00f3n de su equipo de trabajo de ponencia 2.<\/span><\/p>\n<p style=\"text-align: justify;\">&nbsp;<\/p>\n<p class=\"x_MsoNormal\" style=\"text-align: justify;\"><span style=\"font-size: 14pt; font-family: arial, helvetica, sans-serif;\">En su trayectoria profesional, es especialista en Derecho de Acceso a la Informaci\u00f3n P\u00fablica, y Diplomada en Protecci\u00f3n de Datos Personales.<\/span><\/p>\n<p style=\"text-align: justify;\">&nbsp;<\/p>\n<p class=\"x_MsoNormal\" style=\"text-align: justify;\"><span style=\"font-size: 14pt; font-family: arial, helvetica, sans-serif;\">Labor\u00f3 en la Aduana de Mazatl\u00e1n durante 18 a\u00f1os en los que ejerci\u00f3 diversos cargos, siendo el \u00faltimo Enlace de Alto Nivel de Responsabilidad; asimismo, fue Oficial de Partes Com\u00fan para los Juzgadores de Primera Instancia en materia penal del Distrito Judicial de Culiac\u00e1n y Coordinadora de la Unidad de Transparencia del Poder Judicial del Estado de Sinaloa durante los \u00faltimos 7 a\u00f1os.<\/span><\/p>\n<p style=\"text-align: justify;\">&nbsp;<\/p>\n<p class=\"x_MsoNormal\" style=\"text-align: justify;\"><span style=\"font-size: 14pt; font-family: arial, helvetica, sans-serif;\">Es Licenciada en Derecho y Asuntos Internacionales, y actualmente cursa la maestr\u00eda en Administraci\u00f3n P\u00fablica.<\/span><\/p>\n<p style=\"text-align: justify;\">&nbsp;<\/p>\n<p class=\"x_MsoNormal\" style=\"text-align: justify;\"><span style=\"font-size: 14pt; font-family: arial, helvetica, sans-serif;\">Liliana Margarita Campuzano Vega durar\u00e1 en su cargo 7 a\u00f1os, contados a partir del 11 de febrero de 2021.<\/span><\/p>\n<p style=\"text-align: justify;\">&nbsp;<\/p>\n<p class=\"x_MsoNormal\" style=\"text-align: justify;\"><span style=\"font-size: 14pt; font-family: arial, helvetica, sans-serif;\">Al igual que la nueva Comisionada, realiz\u00f3 el juramento de Ley el Licenciado Jos\u00e9 Luis Moreno L\u00f3pez, quien asumir\u00e1 su funci\u00f3n al partir del 26 de febrero, una vez que concluya el periodo de 7 a\u00f1os para el cual fue electa la Comisionada Rosa del Carmen Liz\u00e1rraga F\u00e9lix.<\/span><\/p>\n<p style=\"text-align: justify;\">&nbsp;<\/p>\n<p style=\"text-align: justify;\">&nbsp;<\/p>\n<p style=\"text-align: justify;\"><span style=\"font-size: 14pt; font-family: arial, helvetica, sans-serif;\">REDACCI\u00d3N\/VISI\u00d3N CIUDADANA.<\/span><\/p>\n<div style=\"text-align: justify;\"><span style=\"font-size: 14pt; font-family: arial, helvetica, sans-serif;\"><\/span><\/div>\n","protected":false},"excerpt":{"rendered":"<p>La Licenciada Liliana Margarita Campuzano Vega se integr\u00f3 a la Comisi\u00f3n Estatal para el Acceso a la Informaci\u00f3n P\u00fablica, luego de rendir protesta de Ley ante la LXIII Legislatura de Sinaloa. &nbsp; Los Comisionados Jos\u00e9 Alfredo Beltr\u00e1n Estrada, Presidente del \u00f3rgano constitucional aut\u00f3nomo y la Comisionada Rosa del Carmen Liz\u00e1rraga F\u00e9lix, dieron la bienvenida a [&hellip;]<\/p>\n","protected":false},"author":1,"featured_media":6684,"comment_status":"closed","ping_status":"closed","sticky":false,"template":"","format":"standard","meta":{"footnotes":""},"categories":[24],"tags":[],"ppma_author":[31],"class_list":["post-14878","post","type-post","status-publish","format-standard","has-post-thumbnail","hentry","category-relevantes"],"aioseo_notices":[],"authors":[{"term_id":31,"user_id":1,"is_guest":0,"slug":"ivan3vino","display_name":"Iv\u00e1n Trevi\u00f1o","avatar_url":{"url":"https:\/\/visionciudadana.com.mx\/oficial\/wp-content\/uploads\/2025\/09\/columna-ivan-Trevino.png","url2x":"https:\/\/visionciudadana.com.mx\/oficial\/wp-content\/uploads\/2025\/09\/columna-ivan-Trevino.png"},"0":null,"1":"","2":"","3":"","4":"","5":"","6":"","7":"","8":""}],"_links":{"self":[{"href":"https:\/\/visionciudadana.com.mx\/oficial\/wp-json\/wp\/v2\/posts\/14878","targetHints":{"allow":["GET"]}}],"collection":[{"href":"https:\/\/visionciudadana.com.mx\/oficial\/wp-json\/wp\/v2\/posts"}],"about":[{"href":"https:\/\/visionciudadana.com.mx\/oficial\/wp-json\/wp\/v2\/types\/post"}],"author":[{"embeddable":true,"href":"https:\/\/visionciudadana.com.mx\/oficial\/wp-json\/wp\/v2\/users\/1"}],"replies":[{"embeddable":true,"href":"https:\/\/visionciudadana.com.mx\/oficial\/wp-json\/wp\/v2\/comments?post=14878"}],"version-history":[{"count":1,"href":"https:\/\/visionciudadana.com.mx\/oficial\/wp-json\/wp\/v2\/posts\/14878\/revisions"}],"predecessor-version":[{"id":31421,"href":"https:\/\/visionciudadana.com.mx\/oficial\/wp-json\/wp\/v2\/posts\/14878\/revisions\/31421"}],"wp:featuredmedia":[{"embeddable":true,"href":"https:\/\/visionciudadana.com.mx\/oficial\/wp-json\/wp\/v2\/media\/6684"}],"wp:attachment":[{"href":"https:\/\/visionciudadana.com.mx\/oficial\/wp-json\/wp\/v2\/media?parent=14878"}],"wp:term":[{"taxonomy":"category","embeddable":true,"href":"https:\/\/visionciudadana.com.mx\/oficial\/wp-json\/wp\/v2\/categories?post=14878"},{"taxonomy":"post_tag","embeddable":true,"href":"https:\/\/visionciudadana.com.mx\/oficial\/wp-json\/wp\/v2\/tags?post=14878"},{"taxonomy":"author","embeddable":true,"href":"https:\/\/visionciudadana.com.mx\/oficial\/wp-json\/wp\/v2\/ppma_author?post=14878"}],"curies":[{"name":"wp","href":"https:\/\/api.w.org\/{rel}","templated":true}]}}