{"id":14877,"date":"2021-02-13T05:40:22","date_gmt":"2021-02-13T05:40:22","guid":{"rendered":"https:\/\/visionciudadana.com.mx\/prueba\/2021\/02\/13\/anuncian-operativo-sanitario-san-valentin-para-prevenir-covid-19\/"},"modified":"2025-06-25T00:32:28","modified_gmt":"2025-06-25T00:32:28","slug":"anuncian-operativo-sanitario-san-valentin-para-prevenir-covid-19","status":"publish","type":"post","link":"https:\/\/visionciudadana.com.mx\/oficial\/2021\/02\/13\/anuncian-operativo-sanitario-san-valentin-para-prevenir-covid-19\/","title":{"rendered":"Anuncian Operativo sanitario \u00abSan Valent\u00edn\u00bb para prevenir COVID-19"},"content":{"rendered":"<p>&nbsp;<\/p>\n<p><img fetchpriority=\"high\" decoding=\"async\" src=\"images\/Feb21\/operativo_valentin.PNG\" alt=\"operativo valentin\" width=\"314\" height=\"186\" style=\"display: block; margin-left: auto; margin-right: auto;\" \/><\/p>\n<p class=\"x_MsoNormal\" style=\"text-align: justify;\"><span style=\"font-family: verdana, sans-serif; font-size: large;\">La Coepriss recomienda evitar aglomeraciones, reuniones o festejos masivos durante la celebraci\u00f3n del D\u00eda del Amor y la Amistad, y anuncia se establecer\u00e1 un operativo especial del 12 al 15 de febrero para vigilar se cumplan los protocolos sanitarios y se respeten las medidas b\u00e1sicas de prevenci\u00f3n.<\/span><\/p>\n<p style=\"text-align: justify;\">&nbsp;<\/p>\n<p class=\"x_MsoNormal\" style=\"text-align: justify;\"><span style=\"font-family: verdana, sans-serif; font-size: large;\">El comisionado estatal para la protecci\u00f3n contra riesgos sanitarios de Sinaloa (Coepriss), Jorge Alan Urbina Vidales advirti\u00f3 que durante esta celebraci\u00f3n los verificadores vigilar\u00e1n de manera particular se cumplan la sana distancia, los filtros sanitarios y las limitaciones de aforo en restaurantes, hoteles y comercios para impedir la propagaci\u00f3n del SARS Cov-2, virus causante de la enfermedad pand\u00e9mica COVID-19.<\/span><\/p>\n<p style=\"text-align: justify;\">&nbsp;<\/p>\n<p class=\"x_MsoNormal\" style=\"text-align: justify;\"><span style=\"font-family: verdana, sans-serif; font-size: large;\">El titular de Coepriss sostuvo que se llevar\u00e1 a cabo un operativo especial de vigilancia sanitaria en una coordinaci\u00f3n interinstitucional entre el Gobierno del Estado y los Ayuntamientos para garantizar que se cumplan las medidas de protecci\u00f3n sanitaria.<\/span><\/p>\n<p style=\"text-align: justify;\">&nbsp;<\/p>\n<p class=\"x_MsoNormal\" style=\"text-align: justify;\"><span style=\"font-family: verdana, sans-serif; font-size: large;\">\u201cNuestra sugerencia es celebrar el D\u00eda de San Valent\u00edn en casa, con las personas convivientes, y si se decide salir en pareja hacerlo de manera organizada e incluso anticipada o hacer reservaci\u00f3n para esa cena rom\u00e1ntica para evitar hacer fila y si hay que esperar sugiero utilizar turnos impresos para que las personas est\u00e9n dispersas\u201d, coment\u00f3.<\/span><\/p>\n<p style=\"text-align: justify;\">&nbsp;<\/p>\n<p class=\"x_MsoNormal\" style=\"text-align: justify;\"><span style=\"font-family: verdana, sans-serif; font-size: large;\">Jorge Alan Urbina Vidales reconoci\u00f3 que es t\u00edpico en la cultura sinaloense la cercan\u00eda f\u00edsica, no solo como una forma de expresar afecto sino que con frecuencia rebasa el espacio personal. Crecimos con besos y abrazos pero en esta \u00e9poca la distancia f\u00edsica es indispensable para mantener la salud, y hay quienes se acercan demasiado a otras personas e invaden su espacio personal aunque no las conozcan, debemos ser respetuosos y precavidos\u201d, dijo.<\/span><\/p>\n<p style=\"text-align: justify;\">&nbsp;<\/p>\n<p class=\"x_MsoNormal\" style=\"text-align: justify;\"><span style=\"font-family: verdana, sans-serif; font-size: large;\">Luego aclar\u00f3 que la ausencia de proximidad f\u00edsica no impide la cercan\u00eda emocional. \u201cPodemos estar lejos f\u00edsicamente, pero sentimentalmente cerca\u201d, afirm\u00f3.<\/span><\/p>\n<p style=\"text-align: justify;\">&nbsp;<\/p>\n<p class=\"x_MsoNormal\" style=\"text-align: justify;\"><span style=\"font-family: verdana, sans-serif; font-size: large;\">Explic\u00f3 que las brigadas sanitarias realizar\u00e1n un trabajo enfocado a la verificaci\u00f3n de hoteles, restaurantes y comercios en general, especialmente florer\u00edas, tiendas de regalos y todo tipo de establecimiento en el marco del D\u00eda del Amor y la Amistad para garantizar se cumplan las medidas de protecci\u00f3n sanitaria y no permitir las aglomeraciones de personas.<\/span><\/p>\n<p style=\"text-align: justify;\">&nbsp;<\/p>\n<p class=\"x_MsoNormal\" style=\"text-align: justify;\"><span style=\"font-family: verdana, sans-serif; font-size: large;\">El operativo de vigilancia sanitaria se llevar\u00e1 a cabo en todos los municipios de Sinaloa con motivo de la celebraci\u00f3n del D\u00eda de San Valent\u00edn del viernes 12 hasta el lunes 15 de febrero para vigilar se cumplan las disposiciones que se han implementado en Sinaloa durante ese periodo con la finalidad de detener la propagaci\u00f3n del SARS-CoV2, virus causante del COVID-19.<\/span><\/p>\n<p style=\"text-align: justify;\">&nbsp;<\/p>\n<p class=\"x_MsoNormal\" style=\"text-align: justify;\"><span style=\"font-family: verdana, sans-serif; font-size: large;\">\u201cEn este operativo especial participa la Secretar\u00eda de Salud, Coepriss, seguridad p\u00fablica estatal y municipal, los inspectores de vigilancia estatal y municipal, Instituto Estatal de Protecci\u00f3n Civil y las \u00e1reas de protecci\u00f3n civil municipales\u201d, inform\u00f3.<\/span><\/p>\n<p style=\"text-align: justify;\">&nbsp;<\/p>\n<p class=\"x_MsoNormal\" style=\"text-align: justify;\"><span style=\"font-family: verdana, sans-serif; font-size: large;\">Advirti\u00f3 que el prop\u00f3sito medular del operativo interinstitucional es vigilar se cumplan las disposiciones que son de car\u00e1cter obligatorio y los establecimientos que no acaten las medidas de seguridad sanitaria y permitan aglomeraciones o la venta a quienes no porten cubrebocas ser\u00e1n suspendidos y pueden ser sujetos a los procedimientos administrativos correspondientes.<\/span><\/p>\n<p>&nbsp;<\/p>\n<p>REDACCI\u00d3N\/VISI\u00d3N CIUDADANA.<\/p>\n","protected":false},"excerpt":{"rendered":"<p>&nbsp; La Coepriss recomienda evitar aglomeraciones, reuniones o festejos masivos durante la celebraci\u00f3n del D\u00eda del Amor y la Amistad, y anuncia se establecer\u00e1 un operativo especial del 12 al 15 de febrero para vigilar se cumplan los protocolos sanitarios y se respeten las medidas b\u00e1sicas de prevenci\u00f3n. &nbsp; El comisionado estatal para la protecci\u00f3n [&hellip;]<\/p>\n","protected":false},"author":1,"featured_media":6682,"comment_status":"closed","ping_status":"closed","sticky":false,"template":"","format":"standard","meta":{"footnotes":""},"categories":[24],"tags":[],"ppma_author":[31],"class_list":["post-14877","post","type-post","status-publish","format-standard","has-post-thumbnail","hentry","category-relevantes"],"aioseo_notices":[],"authors":[{"term_id":31,"user_id":1,"is_guest":0,"slug":"ivan3vino","display_name":"Iv\u00e1n Trevi\u00f1o","avatar_url":{"url":"https:\/\/visionciudadana.com.mx\/oficial\/wp-content\/uploads\/2025\/09\/columna-ivan-Trevino.png","url2x":"https:\/\/visionciudadana.com.mx\/oficial\/wp-content\/uploads\/2025\/09\/columna-ivan-Trevino.png"},"0":null,"1":"","2":"","3":"","4":"","5":"","6":"","7":"","8":""}],"_links":{"self":[{"href":"https:\/\/visionciudadana.com.mx\/oficial\/wp-json\/wp\/v2\/posts\/14877","targetHints":{"allow":["GET"]}}],"collection":[{"href":"https:\/\/visionciudadana.com.mx\/oficial\/wp-json\/wp\/v2\/posts"}],"about":[{"href":"https:\/\/visionciudadana.com.mx\/oficial\/wp-json\/wp\/v2\/types\/post"}],"author":[{"embeddable":true,"href":"https:\/\/visionciudadana.com.mx\/oficial\/wp-json\/wp\/v2\/users\/1"}],"replies":[{"embeddable":true,"href":"https:\/\/visionciudadana.com.mx\/oficial\/wp-json\/wp\/v2\/comments?post=14877"}],"version-history":[{"count":1,"href":"https:\/\/visionciudadana.com.mx\/oficial\/wp-json\/wp\/v2\/posts\/14877\/revisions"}],"predecessor-version":[{"id":31422,"href":"https:\/\/visionciudadana.com.mx\/oficial\/wp-json\/wp\/v2\/posts\/14877\/revisions\/31422"}],"wp:featuredmedia":[{"embeddable":true,"href":"https:\/\/visionciudadana.com.mx\/oficial\/wp-json\/wp\/v2\/media\/6682"}],"wp:attachment":[{"href":"https:\/\/visionciudadana.com.mx\/oficial\/wp-json\/wp\/v2\/media?parent=14877"}],"wp:term":[{"taxonomy":"category","embeddable":true,"href":"https:\/\/visionciudadana.com.mx\/oficial\/wp-json\/wp\/v2\/categories?post=14877"},{"taxonomy":"post_tag","embeddable":true,"href":"https:\/\/visionciudadana.com.mx\/oficial\/wp-json\/wp\/v2\/tags?post=14877"},{"taxonomy":"author","embeddable":true,"href":"https:\/\/visionciudadana.com.mx\/oficial\/wp-json\/wp\/v2\/ppma_author?post=14877"}],"curies":[{"name":"wp","href":"https:\/\/api.w.org\/{rel}","templated":true}]}}