{"id":14876,"date":"2021-02-13T05:38:37","date_gmt":"2021-02-13T05:38:37","guid":{"rendered":"https:\/\/visionciudadana.com.mx\/prueba\/2021\/02\/13\/celebra-el-auditorio-mia-su-noveno-aniversario-fundacional\/"},"modified":"2025-06-25T00:32:28","modified_gmt":"2025-06-25T00:32:28","slug":"celebra-el-auditorio-mia-su-noveno-aniversario-fundacional","status":"publish","type":"post","link":"https:\/\/visionciudadana.com.mx\/oficial\/2021\/02\/13\/celebra-el-auditorio-mia-su-noveno-aniversario-fundacional\/","title":{"rendered":"Celebra el Auditorio MIA su noveno aniversario fundacional"},"content":{"rendered":"<p><img fetchpriority=\"high\" decoding=\"async\" src=\"images\/vision_44.PNG\" alt=\"vision 44\" width=\"674\" height=\"457\" style=\"display: block; margin-left: auto; margin-right: auto;\" \/><\/p>\n<p><span style=\"font-size: 12pt; font-family: arial, helvetica, sans-serif;\">Con la realizaci\u00f3n de miles de eventos, conferencias, obras teatrales y un sinf\u00edn de espect\u00e1culos de diferente \u00edndole, principalmente orientados a incidir positivamente en la sociedad, el Auditorio MIA conmemora su noveno aniversario.<\/span><\/p>\n<p class=\"x_MsoNormal\"><span style=\"font-size: 12pt; font-family: arial, helvetica, sans-serif;\">Desde su fundaci\u00f3n, se formul\u00f3 un espacio que promoviera el fortalecimiento de la cultura en nuestra ciudad para generar que miles de ni\u00f1os y j\u00f3venes, a trav\u00e9s del arte, generaran factores de protecci\u00f3n que permitieran la exploraci\u00f3n y reconocimiento de las emociones y as\u00ed los alejara de conductas adictivas.<\/span><\/p>\n<p class=\"x_MsoNormal\"><span style=\"font-size: 12pt; font-family: arial, helvetica, sans-serif;\">Es as\u00ed que se ha mantenido como un recinto innovador y familiar, que ha impactado de manera positiva a nuestra ciudad, generando experiencias \u00fanicas mediante la organizaci\u00f3n de eventos art\u00edsticos de talla nacional e internacional.<\/span><\/p>\n<p class=\"x_MsoNormal\"><span style=\"font-size: 12pt; font-family: arial, helvetica, sans-serif;\">Ante el actual escenario adverso derivado por la pandemia, se tom\u00f3 la decisi\u00f3n de romper las barreras del espacio y generar una plataforma digital para que los j\u00f3venes de nuestra ciudad compartieran su talento art\u00edstico, llevando a los hogares contenidos familiares y de sano esparcimiento.<\/span><\/p>\n<p class=\"x_MsoNormal\"><span style=\"font-size: 12pt; font-family: arial, helvetica, sans-serif;\">Lo cual tambi\u00e9n ha hecho que en el Auditorio MIA se sigan preparando para estar listos y recibir de nuevo a los ciudadanos una vez sea superada la contingencia sanitaria, para vivir juntos maravillosas experiencias que permitan el sano desarrollo de ni\u00f1os y j\u00f3venes a fin de que logren alcanzar su potencial.<\/span><\/p>\n<p class=\"x_MsoNormal\"><span style=\"font-size: 12pt; font-family: arial, helvetica, sans-serif;\">Una labor que se ha visto respaldada por el Gobierno de Culiac\u00e1n, quien con acciones espec\u00edficas descritas en el Plan Municipal de Desarrollo, atiende de manera directa la problem\u00e1tica que representa el consumo de sustancias t\u00f3xicas y su posible incidencia en la ni\u00f1ez y la juventud.<\/span><\/p>\n<p>&nbsp;<\/p>\n<p><span style=\"font-size: 12pt; font-family: arial, helvetica, sans-serif;\">REDACCI\u00d3N\/ VISI\u00d3N CIUDADANA&nbsp;<\/span><\/p>\n","protected":false},"excerpt":{"rendered":"<p>Con la realizaci\u00f3n de miles de eventos, conferencias, obras teatrales y un sinf\u00edn de espect\u00e1culos de diferente \u00edndole, principalmente orientados a incidir positivamente en la sociedad, el Auditorio MIA conmemora su noveno aniversario. Desde su fundaci\u00f3n, se formul\u00f3 un espacio que promoviera el fortalecimiento de la cultura en nuestra ciudad para generar que miles de [&hellip;]<\/p>\n","protected":false},"author":1,"featured_media":6680,"comment_status":"closed","ping_status":"closed","sticky":false,"template":"","format":"standard","meta":{"footnotes":""},"categories":[13],"tags":[],"ppma_author":[31],"class_list":["post-14876","post","type-post","status-publish","format-standard","has-post-thumbnail","hentry","category-locales"],"aioseo_notices":[],"authors":[{"term_id":31,"user_id":1,"is_guest":0,"slug":"ivan3vino","display_name":"Iv\u00e1n Trevi\u00f1o","avatar_url":{"url":"https:\/\/visionciudadana.com.mx\/oficial\/wp-content\/uploads\/2025\/09\/columna-ivan-Trevino.png","url2x":"https:\/\/visionciudadana.com.mx\/oficial\/wp-content\/uploads\/2025\/09\/columna-ivan-Trevino.png"},"0":null,"1":"","2":"","3":"","4":"","5":"","6":"","7":"","8":""}],"_links":{"self":[{"href":"https:\/\/visionciudadana.com.mx\/oficial\/wp-json\/wp\/v2\/posts\/14876","targetHints":{"allow":["GET"]}}],"collection":[{"href":"https:\/\/visionciudadana.com.mx\/oficial\/wp-json\/wp\/v2\/posts"}],"about":[{"href":"https:\/\/visionciudadana.com.mx\/oficial\/wp-json\/wp\/v2\/types\/post"}],"author":[{"embeddable":true,"href":"https:\/\/visionciudadana.com.mx\/oficial\/wp-json\/wp\/v2\/users\/1"}],"replies":[{"embeddable":true,"href":"https:\/\/visionciudadana.com.mx\/oficial\/wp-json\/wp\/v2\/comments?post=14876"}],"version-history":[{"count":1,"href":"https:\/\/visionciudadana.com.mx\/oficial\/wp-json\/wp\/v2\/posts\/14876\/revisions"}],"predecessor-version":[{"id":31423,"href":"https:\/\/visionciudadana.com.mx\/oficial\/wp-json\/wp\/v2\/posts\/14876\/revisions\/31423"}],"wp:featuredmedia":[{"embeddable":true,"href":"https:\/\/visionciudadana.com.mx\/oficial\/wp-json\/wp\/v2\/media\/6680"}],"wp:attachment":[{"href":"https:\/\/visionciudadana.com.mx\/oficial\/wp-json\/wp\/v2\/media?parent=14876"}],"wp:term":[{"taxonomy":"category","embeddable":true,"href":"https:\/\/visionciudadana.com.mx\/oficial\/wp-json\/wp\/v2\/categories?post=14876"},{"taxonomy":"post_tag","embeddable":true,"href":"https:\/\/visionciudadana.com.mx\/oficial\/wp-json\/wp\/v2\/tags?post=14876"},{"taxonomy":"author","embeddable":true,"href":"https:\/\/visionciudadana.com.mx\/oficial\/wp-json\/wp\/v2\/ppma_author?post=14876"}],"curies":[{"name":"wp","href":"https:\/\/api.w.org\/{rel}","templated":true}]}}