{"id":14875,"date":"2021-02-13T05:35:34","date_gmt":"2021-02-13T05:35:34","guid":{"rendered":"https:\/\/visionciudadana.com.mx\/prueba\/2021\/02\/13\/instalan-el-organo-de-gobierno-de-la-coalicion-priprd-y-pan\/"},"modified":"2025-06-25T00:32:28","modified_gmt":"2025-06-25T00:32:28","slug":"instalan-el-organo-de-gobierno-de-la-coalicion-priprd-y-pan","status":"publish","type":"post","link":"https:\/\/visionciudadana.com.mx\/oficial\/2021\/02\/13\/instalan-el-organo-de-gobierno-de-la-coalicion-priprd-y-pan\/","title":{"rendered":"Instalan el \u00d3rgano de gobierno de la coalici\u00f3n PRI,PRD y PAN"},"content":{"rendered":"<p style=\"text-align: justify;\"><img fetchpriority=\"high\" decoding=\"async\" src=\"images\/Feb21\/instalan_\u00f3rgano.PNG\" alt=\"instalan \u00f3rgano\" width=\"431\" height=\"197\" style=\"display: block; margin-left: auto; margin-right: auto;\" \/><\/p>\n<p class=\"x_MsoNormal\" style=\"text-align: justify;\"><span style=\"font-size: 14pt; font-family: arial, helvetica, sans-serif;\">Con la finalidad de postular la candidatura a la gubernatura del estado de Sinaloa y candidaturas a diputaciones locales por el sistema de mayor\u00eda relativa en los 24 distritos electorales, se instal\u00f3 el \u00d3rgano de Gobierno de la coalici\u00f3n PRI, PRD y PAN.<\/span><\/p>\n<p style=\"text-align: justify;\">&nbsp;<\/p>\n<p class=\"x_MsoNormal\" style=\"text-align: justify;\"><span style=\"font-size: 14pt; font-family: arial, helvetica, sans-serif;\">El presidente del PRI Sinaloa, Jes\u00fas Vald\u00e9s Palazuelos, se\u00f1al\u00f3 que \u201ccon esto se firma un compromiso m\u00e1s, que otorga los elementos jur\u00eddicos y t\u00e9cnicos para continuar con la estrategia a realizar en el proceso electoral.<\/span><\/p>\n<p style=\"text-align: justify;\">&nbsp;<\/p>\n<p class=\"x_MsoNormal\" style=\"text-align: justify;\"><span style=\"font-size: 14pt; font-family: arial, helvetica, sans-serif;\">Acompa\u00f1ado de Marco Aurelio V\u00e1zquez L\u00f3pez, delegado del PRD Nacional en Sinaloa; de Francisco Ju\u00e1rez, secretario de Alianzas del PRD Sinaloa y del presidente del PAN Estatal, Juan Carlos Estrada, Jes\u00fas Vald\u00e9s se\u00f1al\u00f3&nbsp; que la alianza \u00abVa por Sinaloa\u00bb, es congruente con las acciones que han llevado a cabo.<\/span><\/p>\n<p style=\"text-align: justify;\">&nbsp;<\/p>\n<p class=\"x_MsoNormal\" style=\"text-align: justify;\"><span style=\"font-size: 14pt; font-family: arial, helvetica, sans-serif;\">Asimismo, se instal\u00f3 la mesa t\u00e9cnica jur\u00eddica, con Gonzalo Estrada Villarreal y la mesa financiera con la representaci\u00f3n de Didihier Quiroz L\u00f3pez, secretaria de Finanzas y Administraci\u00f3n; as\u00ed como Manuel de Jes\u00fas Quiroz F\u00e9lix, contralor del PRI Sinaloa.<\/span><\/p>\n<p style=\"text-align: justify;\">&nbsp;<\/p>\n<p class=\"x_MsoNormal\" style=\"text-align: justify;\"><span style=\"font-size: 14pt; font-family: arial, helvetica, sans-serif;\">Presentes tambi\u00e9n, la diputada local Gloria Himelda F\u00e9lix Niebla, coordinadora operativa de la campa\u00f1a de Mario Zamora; adem\u00e1s de Leonila Guadalupe Larra\u00f1aga Rubio, titular de la Coordinaci\u00f3n de Patrimonios y Recursos Financieros del PRD; Adolfo Beltr\u00e1n Corrales, tesorero y Arturo Za\u00f1udo L\u00f3pez, contador general del PAN.<\/span><\/p>\n<p style=\"text-align: justify;\">&nbsp;<\/p>\n<p style=\"text-align: justify;\"><span style=\"font-size: 14pt; font-family: arial, helvetica, sans-serif;\">REDACCI\u00d3N\/VISI\u00d3N CIUDADANA.<\/span><\/p>\n","protected":false},"excerpt":{"rendered":"<p>Con la finalidad de postular la candidatura a la gubernatura del estado de Sinaloa y candidaturas a diputaciones locales por el sistema de mayor\u00eda relativa en los 24 distritos electorales, se instal\u00f3 el \u00d3rgano de Gobierno de la coalici\u00f3n PRI, PRD y PAN. &nbsp; El presidente del PRI Sinaloa, Jes\u00fas Vald\u00e9s Palazuelos, se\u00f1al\u00f3 que \u201ccon [&hellip;]<\/p>\n","protected":false},"author":1,"featured_media":6678,"comment_status":"closed","ping_status":"closed","sticky":false,"template":"","format":"standard","meta":{"footnotes":""},"categories":[24],"tags":[],"ppma_author":[31],"class_list":["post-14875","post","type-post","status-publish","format-standard","has-post-thumbnail","hentry","category-relevantes"],"aioseo_notices":[],"authors":[{"term_id":31,"user_id":1,"is_guest":0,"slug":"ivan3vino","display_name":"Iv\u00e1n Trevi\u00f1o","avatar_url":{"url":"https:\/\/visionciudadana.com.mx\/oficial\/wp-content\/uploads\/2025\/09\/columna-ivan-Trevino.png","url2x":"https:\/\/visionciudadana.com.mx\/oficial\/wp-content\/uploads\/2025\/09\/columna-ivan-Trevino.png"},"0":null,"1":"","2":"","3":"","4":"","5":"","6":"","7":"","8":""}],"_links":{"self":[{"href":"https:\/\/visionciudadana.com.mx\/oficial\/wp-json\/wp\/v2\/posts\/14875","targetHints":{"allow":["GET"]}}],"collection":[{"href":"https:\/\/visionciudadana.com.mx\/oficial\/wp-json\/wp\/v2\/posts"}],"about":[{"href":"https:\/\/visionciudadana.com.mx\/oficial\/wp-json\/wp\/v2\/types\/post"}],"author":[{"embeddable":true,"href":"https:\/\/visionciudadana.com.mx\/oficial\/wp-json\/wp\/v2\/users\/1"}],"replies":[{"embeddable":true,"href":"https:\/\/visionciudadana.com.mx\/oficial\/wp-json\/wp\/v2\/comments?post=14875"}],"version-history":[{"count":1,"href":"https:\/\/visionciudadana.com.mx\/oficial\/wp-json\/wp\/v2\/posts\/14875\/revisions"}],"predecessor-version":[{"id":31424,"href":"https:\/\/visionciudadana.com.mx\/oficial\/wp-json\/wp\/v2\/posts\/14875\/revisions\/31424"}],"wp:featuredmedia":[{"embeddable":true,"href":"https:\/\/visionciudadana.com.mx\/oficial\/wp-json\/wp\/v2\/media\/6678"}],"wp:attachment":[{"href":"https:\/\/visionciudadana.com.mx\/oficial\/wp-json\/wp\/v2\/media?parent=14875"}],"wp:term":[{"taxonomy":"category","embeddable":true,"href":"https:\/\/visionciudadana.com.mx\/oficial\/wp-json\/wp\/v2\/categories?post=14875"},{"taxonomy":"post_tag","embeddable":true,"href":"https:\/\/visionciudadana.com.mx\/oficial\/wp-json\/wp\/v2\/tags?post=14875"},{"taxonomy":"author","embeddable":true,"href":"https:\/\/visionciudadana.com.mx\/oficial\/wp-json\/wp\/v2\/ppma_author?post=14875"}],"curies":[{"name":"wp","href":"https:\/\/api.w.org\/{rel}","templated":true}]}}