{"id":14874,"date":"2021-02-13T05:27:56","date_gmt":"2021-02-13T05:27:56","guid":{"rendered":"https:\/\/visionciudadana.com.mx\/prueba\/2021\/02\/13\/reconoce-subsecretario-de-educacion-superior-la-labor-de-la-uas-ante-la-pandemia\/"},"modified":"2025-06-25T00:32:28","modified_gmt":"2025-06-25T00:32:28","slug":"reconoce-subsecretario-de-educacion-superior-la-labor-de-la-uas-ante-la-pandemia","status":"publish","type":"post","link":"https:\/\/visionciudadana.com.mx\/oficial\/2021\/02\/13\/reconoce-subsecretario-de-educacion-superior-la-labor-de-la-uas-ante-la-pandemia\/","title":{"rendered":"Reconoce Subsecretario de Educaci\u00f3n Superior la labor de la UAS ante la pandemia"},"content":{"rendered":"<p>&nbsp;<\/p>\n<p><img fetchpriority=\"high\" decoding=\"async\" src=\"images\/Feb21\/reconoce_subse.PNG\" alt=\"reconoce subse\" width=\"327\" height=\"192\" style=\"display: block; margin-left: auto; margin-right: auto;\" \/><\/p>\n<p class=\"x_MsoNormal\" style=\"text-align: justify;\" align=\"right\"><span style=\"font-size: 14pt; font-family: arial, helvetica, sans-serif;\">La Universidad Aut\u00f3noma de Sinaloa (UAS) recibi\u00f3 un reconocimiento por parte del Subsecretario de Educaci\u00f3n Superior de la SEP, doctor Luciano Concheiro B\u00f3rquez, quien se mostr\u00f3 sorprendido por las acciones que ha realizado esta casa de estudios para aportar en la mitigaci\u00f3n de la pandemia por COVID-19 y tambi\u00e9n porque cumple con los indicadores que los c\u00e1nones internacionales ponen como \u201cdeseables\u201d.<\/span><\/p>\n<p style=\"text-align: justify;\">&nbsp;<\/p>\n<p class=\"x_MsoNormal\" style=\"text-align: justify;\"><span style=\"font-size: 14pt; font-family: arial, helvetica, sans-serif;\">En d\u00edas recientes el Rector, doctor Juan Eulogio Guerra Liera, sostuvo una reuni\u00f3n virtual de trabajo con el funcionario de la SEP para dar seguimiento a los avances en torno a la colaboraci\u00f3n de las Instituciones de Educaci\u00f3n Superior en el Plan Nacional de Vacunaci\u00f3n contra el COVID-19, actividad que fue informada por el propio doctor Guerra Liera durante la Sesi\u00f3n del H. Consejo Universitario.<\/span><\/p>\n<p style=\"text-align: justify;\">&nbsp;<\/p>\n<p class=\"x_MsoNormal\" style=\"text-align: justify;\"><span style=\"font-size: 14pt; font-family: arial, helvetica, sans-serif;\">\u201cTuvimos una reuni\u00f3n muy productiva, hablando de la pandemia, hablando de lo que la instituci\u00f3n hace (\u2026) se sorprendieron de que estamos en capacidad, y que los hemos dado nosotros, los cursos preparatorios para poder enfrentar el COVID, un curso que se le dio a instituciones como el Seguro Social, el ISSSTE, hospitales privados, a m\u00e9dicos de diferentes \u00e1reas de especializaci\u00f3n, en nuestros centros de simulaci\u00f3n de la Facultad de Medicina; se sorprendieron de que tambi\u00e9n pudi\u00e9ramos dar un curso preparatorio a quienes van a vacunar, pues claro que lo podemos hacer, hay un gran nivel en nuestra planta docente, hay un gran compromiso de nuestros maestros, m\u00e9dicos y enfermeras, y de todos los que est\u00e1n en esa \u00e1rea\u201d, expres\u00f3 el Rector.<\/span><\/p>\n<p style=\"text-align: justify;\">&nbsp;<\/p>\n<p class=\"x_MsoNormal\" style=\"text-align: justify;\"><span style=\"font-size: 14pt; font-family: arial, helvetica, sans-serif;\">Dio a conocer que &nbsp;es muy probable que la UAS sea tomada en cuenta para que imparta a otras instituciones los cursos de capacitaci\u00f3n para aplicar la vacuna contra el COVID-19.<\/span><\/p>\n<p style=\"text-align: justify;\">&nbsp;<\/p>\n<p class=\"x_MsoNormal\" style=\"text-align: justify;\"><span style=\"font-size: 14pt; font-family: arial, helvetica, sans-serif;\">\u201cPero d\u00e9jenme decirles que en esta reuni\u00f3n nos dicen que la UAS est\u00e1 con lo que son los indicadores est\u00e1ndar-internacionales en relaci\u00f3n alumno-maestro de tiempo completo, en relaci\u00f3n acad\u00e9mico-trabajador administrativo, en relaci\u00f3n a estos aspectos que los c\u00e1nones internacionales los ponen como deseables (\u2026) vino un reconocimiento que va desde la cobertura que tenemos, que va desde el desempe\u00f1o en esta pandemia, que yo quiero compartirlo con ustedes, fue una reuni\u00f3n donde no nos hicieron ninguna observaci\u00f3n\u201d, enfatiz\u00f3 el Rector.<\/span><\/p>\n<p style=\"text-align: justify;\">&nbsp;<\/p>\n<p class=\"x_MsoNormal\" style=\"text-align: justify;\"><span style=\"font-size: 14pt; font-family: arial, helvetica, sans-serif;\">Manifest\u00f3 que se qued\u00f3 con un buen sabor de boca despu\u00e9s de esta reuni\u00f3n con Luciano Concheiro ya que en lo \u00fanico que la Universidad est\u00e1 por debajo de la media nacional es en el aspecto del costo por alumno, es decir, lo que le toca a las universidades de presupuesto por alumno.<\/span><\/p>\n<p style=\"text-align: justify;\">&nbsp;<\/p>\n<p class=\"x_MsoNormal\" style=\"text-align: justify;\"><span style=\"font-size: 14pt; font-family: arial, helvetica, sans-serif;\">\u201cLo que les toca a las universidades promedio por alumno son m\u00e1s de 38 mil pesos y la UAS recibe 36 mil, o sea que estamos por debajo de la media en cuanto a lo que es el presupuesto por alumno, e inclusive yo asum\u00ed el tema de que hay plantilla no reconocida y matr\u00edcula no reconocida\u201d, indic\u00f3.<\/span><\/p>\n<p style=\"text-align: justify;\">&nbsp;<\/p>\n<p class=\"x_MsoNormal\" style=\"text-align: justify;\"><span style=\"font-size: 14pt; font-family: arial, helvetica, sans-serif;\">Inform\u00f3 que se abord\u00f3 el tema de que el alumno de nivel medio superior tiene un valor de 0.7 respecto a un alumno de nivel superior, cuando los estudiantes de preparatoria tambi\u00e9n piden movilidad, internacionalizaci\u00f3n, acceso a tecnolog\u00edas avanzadas, tener maestros con maestr\u00eda y doctorados y laboratorios con m\u00e1s infraestructura y tecnolog\u00eda de punta y no se les puede discriminar pensando que requieren menos inversi\u00f3n que un alumno de licenciatura.<\/span><\/p>\n<p style=\"text-align: justify;\">&nbsp;<\/p>\n<p class=\"x_MsoNormal\" style=\"text-align: justify;\"><span style=\"font-size: 14pt; font-family: arial, helvetica, sans-serif;\">\u201cEsa es la buena nota con Luciano: un reconocimiento a la Universidad, lo hago extensivo a ustedes, un reconocimiento a esa gran labor, no hay que bajar la guardia, si no es presencial es virtual, hay que seguir trabajando (\u2026) nos sirve en el compromiso moral y \u00e9tico que tenemos con nuestra comunidad, con nuestra sociedad y seguir manteniendo a la Universidad Aut\u00f3noma de Sinaloa en los primeros lugares\u201d, extern\u00f3.<\/span><\/p>\n<p style=\"text-align: justify;\">&nbsp;<\/p>\n<p class=\"x_MsoNormal\" style=\"text-align: justify;\"><span style=\"font-size: 14pt; font-family: arial, helvetica, sans-serif;\">El Rector asegur\u00f3 que no es gratuito que la Universidad haya podido cerrar el 2020, eso no se hubiera podido lograr si no se tuvieran los indicadores actuales, si no se tuvieran las evidencias del trabajo realizado durante esta pandemia.<\/span><\/p>\n<p style=\"text-align: justify;\">&nbsp;<\/p>\n<p class=\"x_MsoNormal\" style=\"text-align: justify;\"><span style=\"font-size: 14pt; font-family: arial, helvetica, sans-serif;\">\u201cAs\u00ed que muchas felicidades a todos ustedes por esa gran responsabilidad que han asumido y decirles que hoy nos ven, nos ven bien, nos dan el reconocimiento, pero adem\u00e1s la UAS en las principales mesas tem\u00e1ticas que hay en el pa\u00eds est\u00e1 sentada, est\u00e1 opinando, est\u00e1 proponiendo y est\u00e1 rindiendo buenas cuentas de su desempe\u00f1o, as\u00ed que muchas felicidades se\u00f1ores directores y consejeros del nivel medio superior y superior\u201d, puntualiz\u00f3.<\/span><\/p>\n<p style=\"text-align: justify;\">&nbsp;<\/p>\n<p style=\"text-align: justify;\">&nbsp;<\/p>\n<p style=\"text-align: justify;\"><span style=\"font-size: 14pt; font-family: arial, helvetica, sans-serif;\">REDACCI\u00d3N\/VISI\u00d3N CIUDADANA.<\/span><\/p>\n","protected":false},"excerpt":{"rendered":"<p>&nbsp; La Universidad Aut\u00f3noma de Sinaloa (UAS) recibi\u00f3 un reconocimiento por parte del Subsecretario de Educaci\u00f3n Superior de la SEP, doctor Luciano Concheiro B\u00f3rquez, quien se mostr\u00f3 sorprendido por las acciones que ha realizado esta casa de estudios para aportar en la mitigaci\u00f3n de la pandemia por COVID-19 y tambi\u00e9n porque cumple con los indicadores [&hellip;]<\/p>\n","protected":false},"author":1,"featured_media":6676,"comment_status":"closed","ping_status":"closed","sticky":false,"template":"","format":"standard","meta":{"footnotes":""},"categories":[24],"tags":[],"ppma_author":[31],"class_list":["post-14874","post","type-post","status-publish","format-standard","has-post-thumbnail","hentry","category-relevantes"],"aioseo_notices":[],"authors":[{"term_id":31,"user_id":1,"is_guest":0,"slug":"ivan3vino","display_name":"Iv\u00e1n Trevi\u00f1o","avatar_url":{"url":"https:\/\/visionciudadana.com.mx\/oficial\/wp-content\/uploads\/2025\/09\/columna-ivan-Trevino.png","url2x":"https:\/\/visionciudadana.com.mx\/oficial\/wp-content\/uploads\/2025\/09\/columna-ivan-Trevino.png"},"0":null,"1":"","2":"","3":"","4":"","5":"","6":"","7":"","8":""}],"_links":{"self":[{"href":"https:\/\/visionciudadana.com.mx\/oficial\/wp-json\/wp\/v2\/posts\/14874","targetHints":{"allow":["GET"]}}],"collection":[{"href":"https:\/\/visionciudadana.com.mx\/oficial\/wp-json\/wp\/v2\/posts"}],"about":[{"href":"https:\/\/visionciudadana.com.mx\/oficial\/wp-json\/wp\/v2\/types\/post"}],"author":[{"embeddable":true,"href":"https:\/\/visionciudadana.com.mx\/oficial\/wp-json\/wp\/v2\/users\/1"}],"replies":[{"embeddable":true,"href":"https:\/\/visionciudadana.com.mx\/oficial\/wp-json\/wp\/v2\/comments?post=14874"}],"version-history":[{"count":1,"href":"https:\/\/visionciudadana.com.mx\/oficial\/wp-json\/wp\/v2\/posts\/14874\/revisions"}],"predecessor-version":[{"id":31425,"href":"https:\/\/visionciudadana.com.mx\/oficial\/wp-json\/wp\/v2\/posts\/14874\/revisions\/31425"}],"wp:featuredmedia":[{"embeddable":true,"href":"https:\/\/visionciudadana.com.mx\/oficial\/wp-json\/wp\/v2\/media\/6676"}],"wp:attachment":[{"href":"https:\/\/visionciudadana.com.mx\/oficial\/wp-json\/wp\/v2\/media?parent=14874"}],"wp:term":[{"taxonomy":"category","embeddable":true,"href":"https:\/\/visionciudadana.com.mx\/oficial\/wp-json\/wp\/v2\/categories?post=14874"},{"taxonomy":"post_tag","embeddable":true,"href":"https:\/\/visionciudadana.com.mx\/oficial\/wp-json\/wp\/v2\/tags?post=14874"},{"taxonomy":"author","embeddable":true,"href":"https:\/\/visionciudadana.com.mx\/oficial\/wp-json\/wp\/v2\/ppma_author?post=14874"}],"curies":[{"name":"wp","href":"https:\/\/api.w.org\/{rel}","templated":true}]}}