{"id":14846,"date":"2021-02-09T04:41:19","date_gmt":"2021-02-09T04:41:19","guid":{"rendered":"https:\/\/visionciudadana.com.mx\/prueba\/2021\/02\/09\/inicia-proyecto-de-rediseno-de-crucero-en-bulevar-universitarios-y-americas\/"},"modified":"2025-06-25T00:32:30","modified_gmt":"2025-06-25T00:32:30","slug":"inicia-proyecto-de-rediseno-de-crucero-en-bulevar-universitarios-y-americas","status":"publish","type":"post","link":"https:\/\/visionciudadana.com.mx\/oficial\/2021\/02\/09\/inicia-proyecto-de-rediseno-de-crucero-en-bulevar-universitarios-y-americas\/","title":{"rendered":"Inicia proyecto de redise\u00f1o de crucero en bulevar Universitarios y Am\u00e9ricas"},"content":{"rendered":"<p>&nbsp;<\/p>\n<p><img fetchpriority=\"high\" decoding=\"async\" src=\"images\/VISION_37.PNG\" alt=\"VISION 37\" width=\"592\" height=\"307\" style=\"display: block; margin-left: auto; margin-right: auto;\" \/><\/p>\n<p style=\"text-align: justify;\"><span style=\"font-family: arial, helvetica, sans-serif; font-size: 12pt;\">El proyecto de remodelaci\u00f3n geom\u00e9trica en el crucero ubicado en la Calzada de las Am\u00e9ricas y Universitarios, inici\u00f3 con el Urbanismo T\u00e1ctico realizado por el Instituto Municipal de Planeaci\u00f3n Urbana y la Direcci\u00f3n de Movilidad luego del primer lugar obtenido por el Gobierno de Culiac\u00e1n en el concurso \u201cCalles Seguras\u201d, mismo que tiene por objetivo mejorar la seguridad vial para todos los ciudadanos especialmente para los j\u00f3venes que son quienes m\u00e1s cruzan por esta zona.<\/span><\/p>\n<p class=\"x_MsoNormal\" style=\"text-align: justify;\"><span style=\"font-family: arial, helvetica, sans-serif; font-size: 12pt;\">Dicha convocatoria fue organizada por la Secretar\u00eda de Desarrollo Sustentable y la Alianza Global por la Seguridad Vial,&nbsp; a trav\u00e9s de C\u00e9ntrico y Refleacciona A.C.<\/span><\/p>\n<p class=\"x_MsoNormal\" style=\"text-align: justify;\"><span style=\"font-family: arial, helvetica, sans-serif; font-size: 12pt;\">Este ejercicio consiste en la etapa de redise\u00f1o en la que se buscar\u00e1 diagnosticar que las modificaciones viales cumplan con la soluci\u00f3n requerida por el crucero, pues este presenta una alta carga vehicular y a la vez se ubican ah\u00ed la Universidad Aut\u00f3noma de Sinaloa, Centro de Ciencias de Sinaloa y Jard\u00edn Bot\u00e1nico que son muy frecuentados, por lo que es considerado de acuerdo a los estudios de movilidad, uno de los m\u00e1s riesgosos de la ciudad.<\/span><\/p>\n<p class=\"x_MsoNormal\" style=\"text-align: justify;\"><span style=\"font-family: arial, helvetica, sans-serif; font-size: 12pt;\">De este modo, la remodelaci\u00f3n busca construir una isleta para canalizar a los veh\u00edculos e instalar se\u00f1alizaci\u00f3n horizontal y vertical, adem\u00e1s de ampliar las banquetas para peatones y generar m\u00e1s espacio para ciclistas, y tiene como ventaja que es de bajo costo pero de alto impacto.<\/span><\/p>\n<p class=\"x_MsoNormal\" style=\"text-align: justify;\"><span style=\"font-family: arial, helvetica, sans-serif; font-size: 12pt;\">Se estima que en un periodo de 6 semanas concluya este proyecto de remodelaci\u00f3n geom\u00e9trica<\/span><\/p>\n<p class=\"x_MsoNormal\" style=\"text-align: justify;\"><span style=\"font-family: arial, helvetica, sans-serif; font-size: 12pt;\">El Urbanismo T\u00e1ctico es tambi\u00e9n una medida para disminuir la posibilidad de errores al momento de materializar el proyecto, por lo que ha cobrado mayor importancia en el \u00e1mbito de la ingenier\u00eda y tr\u00e1nsito, pues cumple adem\u00e1s con uno de los objetivos principales del Gobierno de Culiac\u00e1n que es el mejorar la movilidad urbana haci\u00e9ndola m\u00e1s segura y priorizando al peat\u00f3n, quien es primero en la Pir\u00e1mide de Movilidad Urbana.<\/span><\/p>\n<p class=\"x_MsoNormal\" style=\"text-align: justify;\"><span style=\"font-family: arial, helvetica, sans-serif; font-size: 12pt;\">Actualmente la Direcci\u00f3n de Movilidad del municipio en conjunto con la Secretar\u00eda de Desarrollo Sustentable, trabaja en el estudio de 50 cruceros de la ciudad considerados m\u00e1s riesgosos para valorar qu\u00e9 modificaciones viales son necesarias realizar y brindar mayor seguridad a peatones.<\/span><\/p>\n<p style=\"text-align: justify;\">&nbsp;<\/p>\n<p style=\"text-align: justify;\">&nbsp;<\/p>\n<p style=\"text-align: justify;\"><span style=\"font-family: arial, helvetica, sans-serif; font-size: 12pt;\">REDACCI\u00d3N\/ VISI\u00d3N CIUDADANA&nbsp;<\/span><\/p>\n","protected":false},"excerpt":{"rendered":"<p>&nbsp; El proyecto de remodelaci\u00f3n geom\u00e9trica en el crucero ubicado en la Calzada de las Am\u00e9ricas y Universitarios, inici\u00f3 con el Urbanismo T\u00e1ctico realizado por el Instituto Municipal de Planeaci\u00f3n Urbana y la Direcci\u00f3n de Movilidad luego del primer lugar obtenido por el Gobierno de Culiac\u00e1n en el concurso \u201cCalles Seguras\u201d, mismo que tiene por [&hellip;]<\/p>\n","protected":false},"author":1,"featured_media":6638,"comment_status":"closed","ping_status":"closed","sticky":false,"template":"","format":"standard","meta":{"footnotes":""},"categories":[13],"tags":[],"ppma_author":[31],"class_list":["post-14846","post","type-post","status-publish","format-standard","has-post-thumbnail","hentry","category-locales"],"aioseo_notices":[],"authors":[{"term_id":31,"user_id":1,"is_guest":0,"slug":"ivan3vino","display_name":"Iv\u00e1n Trevi\u00f1o","avatar_url":{"url":"https:\/\/visionciudadana.com.mx\/oficial\/wp-content\/uploads\/2025\/09\/columna-ivan-Trevino.png","url2x":"https:\/\/visionciudadana.com.mx\/oficial\/wp-content\/uploads\/2025\/09\/columna-ivan-Trevino.png"},"0":null,"1":"","2":"","3":"","4":"","5":"","6":"","7":"","8":""}],"_links":{"self":[{"href":"https:\/\/visionciudadana.com.mx\/oficial\/wp-json\/wp\/v2\/posts\/14846","targetHints":{"allow":["GET"]}}],"collection":[{"href":"https:\/\/visionciudadana.com.mx\/oficial\/wp-json\/wp\/v2\/posts"}],"about":[{"href":"https:\/\/visionciudadana.com.mx\/oficial\/wp-json\/wp\/v2\/types\/post"}],"author":[{"embeddable":true,"href":"https:\/\/visionciudadana.com.mx\/oficial\/wp-json\/wp\/v2\/users\/1"}],"replies":[{"embeddable":true,"href":"https:\/\/visionciudadana.com.mx\/oficial\/wp-json\/wp\/v2\/comments?post=14846"}],"version-history":[{"count":1,"href":"https:\/\/visionciudadana.com.mx\/oficial\/wp-json\/wp\/v2\/posts\/14846\/revisions"}],"predecessor-version":[{"id":31435,"href":"https:\/\/visionciudadana.com.mx\/oficial\/wp-json\/wp\/v2\/posts\/14846\/revisions\/31435"}],"wp:featuredmedia":[{"embeddable":true,"href":"https:\/\/visionciudadana.com.mx\/oficial\/wp-json\/wp\/v2\/posts\/6638"}],"wp:attachment":[{"href":"https:\/\/visionciudadana.com.mx\/oficial\/wp-json\/wp\/v2\/media?parent=14846"}],"wp:term":[{"taxonomy":"category","embeddable":true,"href":"https:\/\/visionciudadana.com.mx\/oficial\/wp-json\/wp\/v2\/categories?post=14846"},{"taxonomy":"post_tag","embeddable":true,"href":"https:\/\/visionciudadana.com.mx\/oficial\/wp-json\/wp\/v2\/tags?post=14846"},{"taxonomy":"author","embeddable":true,"href":"https:\/\/visionciudadana.com.mx\/oficial\/wp-json\/wp\/v2\/ppma_author?post=14846"}],"curies":[{"name":"wp","href":"https:\/\/api.w.org\/{rel}","templated":true}]}}