{"id":14844,"date":"2021-02-09T04:30:17","date_gmt":"2021-02-09T04:30:17","guid":{"rendered":"https:\/\/visionciudadana.com.mx\/prueba\/2021\/02\/09\/logran-detener-a-persona-por-robar-cableado\/"},"modified":"2025-06-25T00:32:30","modified_gmt":"2025-06-25T00:32:30","slug":"logran-detener-a-persona-por-robar-cableado","status":"publish","type":"post","link":"https:\/\/visionciudadana.com.mx\/oficial\/2021\/02\/09\/logran-detener-a-persona-por-robar-cableado\/","title":{"rendered":"Logran detener a persona por robar cableado"},"content":{"rendered":"<p>&nbsp;<\/p>\n<p><img fetchpriority=\"high\" decoding=\"async\" src=\"images\/vision_36.PNG\" alt=\"vision 36\" width=\"372\" height=\"314\" style=\"display: block; margin-left: auto; margin-right: auto;\" \/><\/p>\n<p style=\"text-align: justify;\"><span style=\"font-size: 12pt; font-family: arial, helvetica, sans-serif;\">El Gobierno de Culiac\u00e1n busca erradicar el robo de cableado, lo cual afecta el alumbrado p\u00fablico, como consecuencia de ello, elementos de la Secretar\u00eda de Seguridad P\u00fablica y Tr\u00e1nsito Municipal, realizaron la detenci\u00f3n de una persona que incurri\u00f3 en este delito en la colonia 4 de Marzo.<\/span><\/p>\n<p class=\"x_MsoNormal\" style=\"text-align: justify;\"><span style=\"font-size: 12pt; font-family: arial, helvetica, sans-serif;\">Fue en el bulevar Rolando Arjona casi esquina con bulevar Lola Beltr\u00e1n en el mencionado sector, donde los agentes preventivos realizaron el arresto durante un recorrido de vigilancia cuando se percataron de una persona del sexo masculino que se encontraba retirando el cableado el\u00e9ctrico de un registro subterr\u00e1neo.<\/span><\/p>\n<p class=\"x_MsoNormal\" style=\"text-align: justify;\"><span style=\"font-size: 12pt; font-family: arial, helvetica, sans-serif;\">Los elementos procedieron a intervenir siendo en ese momento cuando al notar su presencia el individuo corri\u00f3, por lo que se procedi\u00f3 a su persecuci\u00f3n d\u00e1ndole alcance metros adelante.<\/span><\/p>\n<p class=\"x_MsoNormal\" style=\"text-align: justify;\"><span style=\"font-size: 12pt; font-family: arial, helvetica, sans-serif;\">De inmediato, se le realiz\u00f3 una revisi\u00f3n autorizada a su persona localiz\u00e1ndole en la bolsa trasera del lado derecho de su pantal\u00f3n un desarmador, asimismo en el lugar fue asegurado cableado el\u00e9ctrico de color negro.<\/span><\/p>\n<p class=\"x_MsoNormal\" style=\"text-align: justify;\"><span style=\"font-size: 12pt; font-family: arial, helvetica, sans-serif;\">Ante las circunstancias fue puesto a disposici\u00f3n de las autoridades correspondientes por su presunta participaci\u00f3n en el delito de robo.<\/span><\/p>\n<p class=\"x_MsoNormal\" style=\"text-align: justify;\"><span style=\"font-size: 12pt; font-family: arial, helvetica, sans-serif;\">El Gobierno de Culiac\u00e1n pide a la ciudadan\u00eda colaborar para evitar m\u00e1s hechos como este, denunciando cuando se percaten del robo de cableado a la l\u00ednea de emergencias 911 para poder proceder conforme a la ley.<\/span><\/p>\n<p style=\"text-align: justify;\">&nbsp;<\/p>\n<p style=\"text-align: justify;\">&nbsp;<\/p>\n<p style=\"text-align: justify;\"><span style=\"font-size: 12pt; font-family: arial, helvetica, sans-serif;\">REDACCI\u00d3N\/ VISI\u00d3N CIUDADANA&nbsp;<\/span><\/p>\n","protected":false},"excerpt":{"rendered":"<p>&nbsp; El Gobierno de Culiac\u00e1n busca erradicar el robo de cableado, lo cual afecta el alumbrado p\u00fablico, como consecuencia de ello, elementos de la Secretar\u00eda de Seguridad P\u00fablica y Tr\u00e1nsito Municipal, realizaron la detenci\u00f3n de una persona que incurri\u00f3 en este delito en la colonia 4 de Marzo. Fue en el bulevar Rolando Arjona casi [&hellip;]<\/p>\n","protected":false},"author":1,"featured_media":6634,"comment_status":"closed","ping_status":"closed","sticky":false,"template":"","format":"standard","meta":{"footnotes":""},"categories":[24],"tags":[],"ppma_author":[31],"class_list":["post-14844","post","type-post","status-publish","format-standard","has-post-thumbnail","hentry","category-relevantes"],"aioseo_notices":[],"authors":[{"term_id":31,"user_id":1,"is_guest":0,"slug":"ivan3vino","display_name":"Iv\u00e1n Trevi\u00f1o","avatar_url":{"url":"https:\/\/visionciudadana.com.mx\/oficial\/wp-content\/uploads\/2025\/09\/columna-ivan-Trevino.png","url2x":"https:\/\/visionciudadana.com.mx\/oficial\/wp-content\/uploads\/2025\/09\/columna-ivan-Trevino.png"},"0":null,"1":"","2":"","3":"","4":"","5":"","6":"","7":"","8":""}],"_links":{"self":[{"href":"https:\/\/visionciudadana.com.mx\/oficial\/wp-json\/wp\/v2\/posts\/14844","targetHints":{"allow":["GET"]}}],"collection":[{"href":"https:\/\/visionciudadana.com.mx\/oficial\/wp-json\/wp\/v2\/posts"}],"about":[{"href":"https:\/\/visionciudadana.com.mx\/oficial\/wp-json\/wp\/v2\/types\/post"}],"author":[{"embeddable":true,"href":"https:\/\/visionciudadana.com.mx\/oficial\/wp-json\/wp\/v2\/users\/1"}],"replies":[{"embeddable":true,"href":"https:\/\/visionciudadana.com.mx\/oficial\/wp-json\/wp\/v2\/comments?post=14844"}],"version-history":[{"count":1,"href":"https:\/\/visionciudadana.com.mx\/oficial\/wp-json\/wp\/v2\/posts\/14844\/revisions"}],"predecessor-version":[{"id":31437,"href":"https:\/\/visionciudadana.com.mx\/oficial\/wp-json\/wp\/v2\/posts\/14844\/revisions\/31437"}],"wp:featuredmedia":[{"embeddable":true,"href":"https:\/\/visionciudadana.com.mx\/oficial\/wp-json\/wp\/v2\/posts\/6634"}],"wp:attachment":[{"href":"https:\/\/visionciudadana.com.mx\/oficial\/wp-json\/wp\/v2\/media?parent=14844"}],"wp:term":[{"taxonomy":"category","embeddable":true,"href":"https:\/\/visionciudadana.com.mx\/oficial\/wp-json\/wp\/v2\/categories?post=14844"},{"taxonomy":"post_tag","embeddable":true,"href":"https:\/\/visionciudadana.com.mx\/oficial\/wp-json\/wp\/v2\/tags?post=14844"},{"taxonomy":"author","embeddable":true,"href":"https:\/\/visionciudadana.com.mx\/oficial\/wp-json\/wp\/v2\/ppma_author?post=14844"}],"curies":[{"name":"wp","href":"https:\/\/api.w.org\/{rel}","templated":true}]}}