{"id":14840,"date":"2021-02-09T04:12:25","date_gmt":"2021-02-09T04:12:25","guid":{"rendered":"https:\/\/visionciudadana.com.mx\/prueba\/2021\/02\/09\/los-recibos-de-luz-seran-mas-caros-gracias-a-morena-carlos-castanos\/"},"modified":"2025-06-25T00:32:30","modified_gmt":"2025-06-25T00:32:30","slug":"los-recibos-de-luz-seran-mas-caros-gracias-a-morena-carlos-castanos","status":"publish","type":"post","link":"https:\/\/visionciudadana.com.mx\/oficial\/2021\/02\/09\/los-recibos-de-luz-seran-mas-caros-gracias-a-morena-carlos-castanos\/","title":{"rendered":"Los recibos de luz ser\u00e1n m\u00e1s caros gracias a Morena: Carlos Casta\u00f1os"},"content":{"rendered":"<p><img fetchpriority=\"high\" decoding=\"async\" src=\"images\/VISION_34.PNG\" alt=\"VISION 34\" width=\"733\" height=\"427\" style=\"display: block; margin-left: auto; margin-right: auto;\" \/><\/p>\n<p style=\"text-align: justify;\"><span style=\"font-family: arial, helvetica, sans-serif; font-size: 12pt;\">&nbsp;La iniciativa preferente que present\u00f3 el Presidente de la Rep\u00fablica en la C\u00e1mara de Diputados para reformar la Ley de la Industria El\u00e9ctrica generar\u00e1 cuatro grandes males a nuestro pa\u00eds: aumento del precio de la luz, la necesidad de mayor subsidio gubernamental, m\u00e1s p\u00e9rdida de empleos y una mayor contaminaci\u00f3n del medio ambiente<\/span><\/p>\n<div style=\"text-align: justify;\"><span style=\"font-family: arial, helvetica, sans-serif; font-size: 12pt;\"><\/span><\/div>\n<div style=\"text-align: justify;\"><span style=\"font-family: arial, helvetica, sans-serif; font-size: 12pt;\">Culiac\u00e1n, Sinaloa a 8 de Febrero de 2021.- Tras la iniciativa presentada para reformar la Ley de la Industria El\u00e9ctrica en M\u00e9xico, el Diputado Federal Panista Carlos Casta\u00f1os Valenzuela asegur\u00f3 que estas decisiones llevar\u00e1n al pa\u00eds a litigios internacionales y provocar\u00e1 que las y los mexicanos paguen m\u00e1s por el consumo de luz en sus casas, adem\u00e1s de ser inconstitucional porque pone en riesgo el T-MEC por favorecer un monopolio estatal.<\/span><\/div>\n<div style=\"text-align: justify;\"><span style=\"font-family: arial, helvetica, sans-serif; font-size: 12pt;\"><\/span><\/div>\n<div style=\"text-align: justify;\"><span style=\"font-family: arial, helvetica, sans-serif; font-size: 12pt;\">\u201cComo consecuencia de la propuesta del gobierno morenista, las y los mexicanos vamos a pagar m\u00e1s por la electricidad de nuestras casas. Esto afectar\u00e1 significativamente la econom\u00eda familiar, sobre todo de los m\u00e1s pobres. Adem\u00e1s, es inconstitucional, porque quieren convertir a la Comisi\u00f3n Federal de Electricidad en un monopolio del Estado. A nivel internacional, M\u00e9xico perder\u00e1 cualquier credibilidad para atraer inversiones y habr\u00e1 p\u00e9rdidas millonarias para las empresas que invirtieron en proyectos de generaci\u00f3n de energ\u00eda el\u00e9ctrica, con la consecuente p\u00e9rdida de empleos debido a que muchos contratos podr\u00edan ser revocados\u201d, expres\u00f3 Casta\u00f1os Valenzuela .<\/span><\/div>\n<div style=\"text-align: justify;\"><span style=\"font-family: arial, helvetica, sans-serif; font-size: 12pt;\"><\/span><\/div>\n<div style=\"text-align: justify;\"><span style=\"font-family: arial, helvetica, sans-serif; font-size: 12pt;\">El Diputado panista &nbsp;hizo un llamado a las y los mexicanos para que vean las malas decisiones que toma el gobierno morenista, cuidando los intereses inconfesables de Manuel Bartlett, que busca regresar a la total opacidad y desv\u00edos de recursos en la construcci\u00f3n de centrales el\u00e9ctricas, afectando a\u00fan m\u00e1s el bolsillo de las familias que tendremos que pagar m\u00e1s por la electricidad que consumimos en nuestras casas.<\/span><\/div>\n<div style=\"text-align: justify;\"><span style=\"font-family: arial, helvetica, sans-serif; font-size: 12pt;\"><\/span><\/div>\n<div style=\"text-align: justify;\"><span style=\"font-family: arial, helvetica, sans-serif; font-size: 12pt;\">\u201cEn Acci\u00f3n Nacional rechazamos con firmeza este nuevo atentado contra la econom\u00eda familiar y nuestro medio ambiente, anunciamos que propondremos se subsidien p\u00e1neles solares para la auto generaci\u00f3n en vivienda, que defenderemos con todo el derecho a consumir energ\u00eda el\u00e9ctrica limpia y m\u00e1s barata\u201d, finaliz\u00f3.<\/span><\/div>\n<div style=\"text-align: justify;\">&nbsp;<\/div>\n<div style=\"text-align: justify;\">&nbsp;<\/div>\n<div style=\"text-align: justify;\">&nbsp;<\/div>\n<div style=\"text-align: justify;\"><span style=\"font-family: arial, helvetica, sans-serif; font-size: 12pt;\">REDACCI\u00d3N\/ VISI\u00d3N CIUDADANA&nbsp;<\/span><\/div>\n","protected":false},"excerpt":{"rendered":"<p>&nbsp;La iniciativa preferente que present\u00f3 el Presidente de la Rep\u00fablica en la C\u00e1mara de Diputados para reformar la Ley de la Industria El\u00e9ctrica generar\u00e1 cuatro grandes males a nuestro pa\u00eds: aumento del precio de la luz, la necesidad de mayor subsidio gubernamental, m\u00e1s p\u00e9rdida de empleos y una mayor contaminaci\u00f3n del medio ambiente Culiac\u00e1n, Sinaloa [&hellip;]<\/p>\n","protected":false},"author":1,"featured_media":6626,"comment_status":"closed","ping_status":"closed","sticky":false,"template":"","format":"standard","meta":{"footnotes":""},"categories":[24],"tags":[],"ppma_author":[31],"class_list":["post-14840","post","type-post","status-publish","format-standard","has-post-thumbnail","hentry","category-relevantes"],"aioseo_notices":[],"authors":[{"term_id":31,"user_id":1,"is_guest":0,"slug":"ivan3vino","display_name":"Iv\u00e1n Trevi\u00f1o","avatar_url":{"url":"https:\/\/visionciudadana.com.mx\/oficial\/wp-content\/uploads\/2025\/09\/columna-ivan-Trevino.png","url2x":"https:\/\/visionciudadana.com.mx\/oficial\/wp-content\/uploads\/2025\/09\/columna-ivan-Trevino.png"},"0":null,"1":"","2":"","3":"","4":"","5":"","6":"","7":"","8":""}],"_links":{"self":[{"href":"https:\/\/visionciudadana.com.mx\/oficial\/wp-json\/wp\/v2\/posts\/14840","targetHints":{"allow":["GET"]}}],"collection":[{"href":"https:\/\/visionciudadana.com.mx\/oficial\/wp-json\/wp\/v2\/posts"}],"about":[{"href":"https:\/\/visionciudadana.com.mx\/oficial\/wp-json\/wp\/v2\/types\/post"}],"author":[{"embeddable":true,"href":"https:\/\/visionciudadana.com.mx\/oficial\/wp-json\/wp\/v2\/users\/1"}],"replies":[{"embeddable":true,"href":"https:\/\/visionciudadana.com.mx\/oficial\/wp-json\/wp\/v2\/comments?post=14840"}],"version-history":[{"count":1,"href":"https:\/\/visionciudadana.com.mx\/oficial\/wp-json\/wp\/v2\/posts\/14840\/revisions"}],"predecessor-version":[{"id":31441,"href":"https:\/\/visionciudadana.com.mx\/oficial\/wp-json\/wp\/v2\/posts\/14840\/revisions\/31441"}],"wp:featuredmedia":[{"embeddable":true,"href":"https:\/\/visionciudadana.com.mx\/oficial\/wp-json\/wp\/v2\/posts\/6626"}],"wp:attachment":[{"href":"https:\/\/visionciudadana.com.mx\/oficial\/wp-json\/wp\/v2\/media?parent=14840"}],"wp:term":[{"taxonomy":"category","embeddable":true,"href":"https:\/\/visionciudadana.com.mx\/oficial\/wp-json\/wp\/v2\/categories?post=14840"},{"taxonomy":"post_tag","embeddable":true,"href":"https:\/\/visionciudadana.com.mx\/oficial\/wp-json\/wp\/v2\/tags?post=14840"},{"taxonomy":"author","embeddable":true,"href":"https:\/\/visionciudadana.com.mx\/oficial\/wp-json\/wp\/v2\/ppma_author?post=14840"}],"curies":[{"name":"wp","href":"https:\/\/api.w.org\/{rel}","templated":true}]}}