{"id":14839,"date":"2021-02-09T04:08:49","date_gmt":"2021-02-09T04:08:49","guid":{"rendered":"https:\/\/visionciudadana.com.mx\/prueba\/2021\/02\/09\/la-uas-da-a-conocer-lista-de-jovenes-del-grupo-a-de-medicina-que-pasan-a-grupos-regulares\/"},"modified":"2025-06-25T00:32:31","modified_gmt":"2025-06-25T00:32:31","slug":"la-uas-da-a-conocer-lista-de-jovenes-del-grupo-a-de-medicina-que-pasan-a-grupos-regulares","status":"publish","type":"post","link":"https:\/\/visionciudadana.com.mx\/oficial\/2021\/02\/09\/la-uas-da-a-conocer-lista-de-jovenes-del-grupo-a-de-medicina-que-pasan-a-grupos-regulares\/","title":{"rendered":"La UAS da a conocer lista de jovenes del Grupo A de Medicina que pasan a grupos regulares"},"content":{"rendered":"<p style=\"text-align: justify;\"><img fetchpriority=\"high\" decoding=\"async\" src=\"images\/Feb21\/lista_medicina.PNG\" alt=\"lista medicina\" width=\"360\" height=\"205\" style=\"display: block; margin-left: auto; margin-right: auto;\" \/><\/p>\n<p class=\"x_MsoNormal\" style=\"text-align: justify;\"><span style=\"font-size: 14pt; font-family: arial, helvetica, sans-serif;\">La Universidad Aut\u00f3noma de Sinaloa (UAS) dio a conocer, este viernes en punto de las 8:00 horas, la lista de 248 alumnos aceptados del Grupo A de Medicina, mismos que ser\u00e1n inscritos como alumnos regulares en el segundo semestre del Programa Educativo Medicina General.<\/span><\/p>\n<p style=\"text-align: justify;\">&nbsp;<\/p>\n<p class=\"x_MsoNormal\" style=\"text-align: justify;\"><span style=\"font-size: 14pt; font-family: arial, helvetica, sans-serif;\">En conferencia de prensa el Rector, doctor Juan Eulogio Guerra Liera, se\u00f1al\u00f3 que con la entrega de estos resultados la Universidad finiquita el proceso de admisi\u00f3n del Ciclo Escolar 2020-2021, el mismo d\u00eda que anuncia el proceso de admisi\u00f3n para el Ciclo Escolar 2021-2022 y agreg\u00f3 que aceptar a estos 248 j\u00f3venes va a impactar a la instituci\u00f3n ya que se tendr\u00e1n que abrir 5 grupos adicionales, de los cuales 3 se abrir\u00e1n en Culiac\u00e1n, uno en Los Mochis y uno en Mazatl\u00e1n y eso representar\u00e1 una inversi\u00f3n de 20.5 millones de pesos.<\/span><\/p>\n<p style=\"text-align: justify;\">&nbsp;<\/p>\n<p class=\"x_MsoNormal\" style=\"text-align: justify;\"><span style=\"font-size: 14pt; font-family: arial, helvetica, sans-serif;\">\u201cSe abri\u00f3 la opci\u00f3n del Grupo A para mil aspirantes para entrar a Medicina, en el \u00e1rea de la Salud, sobre todo en Medicina General cada a\u00f1o la demanda es muy intensa, y resulta que ese grupo que abrimos para m\u00e1ximo mil aspirantes, en realidad se integraron mil 165 j\u00f3venes, se rompi\u00f3 la expectativa, la inversi\u00f3n en su momento recuerdo que eran poco m\u00e1s de 30 millones de pesos, recurso que no viene etiquetado, ni en el presupuesto pero la Universidad en ese compromiso social decidi\u00f3 abrir este Grupo A\u201d, dijo.<\/span><\/p>\n<p style=\"text-align: justify;\">&nbsp;<\/p>\n<p class=\"x_MsoNormal\" style=\"text-align: justify;\"><span style=\"font-size: 14pt; font-family: arial, helvetica, sans-serif;\">Precis\u00f3 que, de manera regular de esos mil 165 j\u00f3venes, estuvieron acudiendo 865 a clases, es decir, en las primeras semanas hubo una deserci\u00f3n&nbsp;natural cuando los estudiantes se dan cuenta que la carrera o las materias no eran lo que esperaban o buscaban.<\/span><\/p>\n<p style=\"text-align: justify;\">&nbsp;<\/p>\n<p class=\"x_MsoNormal\" style=\"text-align: justify;\"><span style=\"font-size: 14pt; font-family: arial, helvetica, sans-serif;\">\u201cHoy a las 8 de la ma\u00f1ana se public\u00f3 la lista de quienes acreditaron las 7 materias, les recuerdo que el compromiso era acreditar las 7 materias, cumplir con la asistencia y una serie de requisitos planteados y esto lo pueden consultar en la p\u00e1gina de Medicina&nbsp;<a href=\"http:\/\/medicina.uas.edu.mx\/\" target=\"_blank\" rel=\"noopener noreferrer\" data-auth=\"NotApplicable\"><\/a><a href=\"http:\/\/medicina.uas.edu.mx\">http:\/\/medicina.uas.edu.mx<\/a>&nbsp;ah\u00ed pueden revisar quienes quedaron pr\u00e1cticamente como alumnos ya regulares y que son 248 j\u00f3venes que mostraron su disposici\u00f3n, entusiasmo y energ\u00eda para acreditar y poder inscribirse en su segundo semestre\u201d, detall\u00f3 el Rector.<\/span><\/p>\n<p style=\"text-align: justify;\">&nbsp;<\/p>\n<p class=\"x_MsoNormal\" style=\"text-align: justify;\"><span style=\"font-size: 14pt; font-family: arial, helvetica, sans-serif;\">Indic\u00f3 que se les va a validar este semestre que pasaron y para inscribirse en el segundo semestre deber\u00e1n entregar la documentaci\u00f3n en l\u00ednea los d\u00edas viernes 5, s\u00e1bado 6 y domingo 7 de febrero del presente a\u00f1o en la p\u00e1gina &nbsp;<a href=\"http:\/\/dse.uasnet.mx\/admisi%C3%B3n\" target=\"_blank\" rel=\"noopener noreferrer\" data-auth=\"NotApplicable\"><\/a><a href=\"http:\/\/dse.uasnet.mx\/admisi\">http:\/\/dse.uasnet.mx\/admisi<\/a>\u00f3n.<\/span><\/p>\n<p style=\"text-align: justify;\">&nbsp;<\/p>\n<p style=\"text-align: justify;\"><span style=\"font-size: 14pt; font-family: arial, helvetica, sans-serif;\">REDACCI\u00d3N\/VISI\u00d3N CIUDADANA.<\/span><\/p>\n","protected":false},"excerpt":{"rendered":"<p>La Universidad Aut\u00f3noma de Sinaloa (UAS) dio a conocer, este viernes en punto de las 8:00 horas, la lista de 248 alumnos aceptados del Grupo A de Medicina, mismos que ser\u00e1n inscritos como alumnos regulares en el segundo semestre del Programa Educativo Medicina General. &nbsp; En conferencia de prensa el Rector, doctor Juan Eulogio Guerra [&hellip;]<\/p>\n","protected":false},"author":1,"featured_media":6624,"comment_status":"closed","ping_status":"closed","sticky":false,"template":"","format":"standard","meta":{"footnotes":""},"categories":[13],"tags":[],"ppma_author":[31],"class_list":["post-14839","post","type-post","status-publish","format-standard","has-post-thumbnail","hentry","category-locales"],"aioseo_notices":[],"authors":[{"term_id":31,"user_id":1,"is_guest":0,"slug":"ivan3vino","display_name":"Iv\u00e1n Trevi\u00f1o","avatar_url":{"url":"https:\/\/visionciudadana.com.mx\/oficial\/wp-content\/uploads\/2025\/09\/columna-ivan-Trevino.png","url2x":"https:\/\/visionciudadana.com.mx\/oficial\/wp-content\/uploads\/2025\/09\/columna-ivan-Trevino.png"},"0":null,"1":"","2":"","3":"","4":"","5":"","6":"","7":"","8":""}],"_links":{"self":[{"href":"https:\/\/visionciudadana.com.mx\/oficial\/wp-json\/wp\/v2\/posts\/14839","targetHints":{"allow":["GET"]}}],"collection":[{"href":"https:\/\/visionciudadana.com.mx\/oficial\/wp-json\/wp\/v2\/posts"}],"about":[{"href":"https:\/\/visionciudadana.com.mx\/oficial\/wp-json\/wp\/v2\/types\/post"}],"author":[{"embeddable":true,"href":"https:\/\/visionciudadana.com.mx\/oficial\/wp-json\/wp\/v2\/users\/1"}],"replies":[{"embeddable":true,"href":"https:\/\/visionciudadana.com.mx\/oficial\/wp-json\/wp\/v2\/comments?post=14839"}],"version-history":[{"count":1,"href":"https:\/\/visionciudadana.com.mx\/oficial\/wp-json\/wp\/v2\/posts\/14839\/revisions"}],"predecessor-version":[{"id":31442,"href":"https:\/\/visionciudadana.com.mx\/oficial\/wp-json\/wp\/v2\/posts\/14839\/revisions\/31442"}],"wp:featuredmedia":[{"embeddable":true,"href":"https:\/\/visionciudadana.com.mx\/oficial\/wp-json\/wp\/v2\/media\/6624"}],"wp:attachment":[{"href":"https:\/\/visionciudadana.com.mx\/oficial\/wp-json\/wp\/v2\/media?parent=14839"}],"wp:term":[{"taxonomy":"category","embeddable":true,"href":"https:\/\/visionciudadana.com.mx\/oficial\/wp-json\/wp\/v2\/categories?post=14839"},{"taxonomy":"post_tag","embeddable":true,"href":"https:\/\/visionciudadana.com.mx\/oficial\/wp-json\/wp\/v2\/tags?post=14839"},{"taxonomy":"author","embeddable":true,"href":"https:\/\/visionciudadana.com.mx\/oficial\/wp-json\/wp\/v2\/ppma_author?post=14839"}],"curies":[{"name":"wp","href":"https:\/\/api.w.org\/{rel}","templated":true}]}}