{"id":14838,"date":"2021-02-09T04:07:49","date_gmt":"2021-02-09T04:07:49","guid":{"rendered":"https:\/\/visionciudadana.com.mx\/prueba\/2021\/02\/09\/ofrece-la-aarc-almacenamiento-gratuito-a-productores-de-frijol\/"},"modified":"2025-06-25T00:32:31","modified_gmt":"2025-06-25T00:32:31","slug":"ofrece-la-aarc-almacenamiento-gratuito-a-productores-de-frijol","status":"publish","type":"post","link":"https:\/\/visionciudadana.com.mx\/oficial\/2021\/02\/09\/ofrece-la-aarc-almacenamiento-gratuito-a-productores-de-frijol\/","title":{"rendered":"Ofrece la AARC almacenamiento gratuito a productores de frijol"},"content":{"rendered":"<p><img fetchpriority=\"high\" decoding=\"async\" src=\"images\/vision_33.PNG\" alt=\"vision 33\" width=\"428\" height=\"245\" style=\"display: block; margin-left: auto; margin-right: auto;\" \/><\/p>\n<p style=\"text-align: justify;\"><span style=\"font-family: arial, helvetica, sans-serif; font-size: 12pt;\">Dados los cambios tan bruscos en la comercializaci\u00f3n del frijol, la AARC facilitar\u00e1 las condiciones de almacenamiento para este grano<\/span><\/p>\n<div style=\"text-align: justify;\"><span style=\"font-family: arial, helvetica, sans-serif; font-size: 12pt;\"><\/span><\/div>\n<div style=\"text-align: justify;\"><span style=\"font-family: arial, helvetica, sans-serif; font-size: 12pt;\">Culiac\u00e1n, Sinaloa.- Jos\u00e9 Enrique Rodarte, Presidente de la Asociaci\u00f3n de Agricultores del R\u00edo Culiac\u00e1n (AARC), precis\u00f3 este lunes que debido a la ca\u00edda tan dr\u00e1stica que ha presentado el precio del frijol en nuestro estado, la Asociaci\u00f3n pondr\u00e1 a disposici\u00f3n de los agricultores el almacenamiento gratuito de sus cosechas a quienes las criben y encostalen en las bodegas AARC.<\/span><\/div>\n<div style=\"text-align: justify;\"><span style=\"font-family: arial, helvetica, sans-serif; font-size: 12pt;\"><\/span><\/div>\n<div style=\"text-align: justify;\"><span style=\"font-family: arial, helvetica, sans-serif; font-size: 12pt;\"><\/span><\/div>\n<div style=\"text-align: justify;\"><span style=\"font-family: arial, helvetica, sans-serif; font-size: 12pt;\">\u201cQueremos que se calmen un poco las aguas, ya que las bajas en los precios han sido muy dr\u00e1sticas, esperaremos a que la situaci\u00f3n mejore y que el productor pueda vender su cosecha en los precios esperados, en la AARC se est\u00e1 brindando un mes de almacenaje a todo aquel agricultor que traiga su frijol a nuestras bodegas para que sea cribado y encostalado, en este periodo de tiempo buscaremos que la situaci\u00f3n mejore\u201d, expres\u00f3 el l\u00edder agr\u00edcola.<\/span><\/div>\n<div style=\"text-align: justify;\">&nbsp;<\/div>\n<div style=\"text-align: justify;\">&nbsp;<\/div>\n<div style=\"text-align: justify;\"><span style=\"font-family: arial, helvetica, sans-serif; font-size: 12pt;\"><\/span><\/div>\n<div style=\"text-align: justify;\"><span style=\"font-family: arial, helvetica, sans-serif; font-size: 12pt;\">Agreg\u00f3 que con estas acciones no se asegura que el precio se incremente, sin embargo, s\u00ed se pretende que los agricultores no \u201ccaigan\u201d en negociaciones precipitadas con los llamados coyotes.&nbsp;<\/span><\/div>\n<div style=\"text-align: justify;\"><span style=\"font-family: arial, helvetica, sans-serif; font-size: 12pt;\"><\/span><\/div>\n<div style=\"text-align: justify;\">&nbsp;<\/div>\n<div style=\"text-align: justify;\">&nbsp;<\/div>\n<div style=\"text-align: justify;\"><span style=\"font-family: arial, helvetica, sans-serif; font-size: 12pt;\">REDACCI\u00d3N\/ VISI\u00d3N CIUDADANA&nbsp;<\/span><\/div>\n","protected":false},"excerpt":{"rendered":"<p>Dados los cambios tan bruscos en la comercializaci\u00f3n del frijol, la AARC facilitar\u00e1 las condiciones de almacenamiento para este grano Culiac\u00e1n, Sinaloa.- Jos\u00e9 Enrique Rodarte, Presidente de la Asociaci\u00f3n de Agricultores del R\u00edo Culiac\u00e1n (AARC), precis\u00f3 este lunes que debido a la ca\u00edda tan dr\u00e1stica que ha presentado el precio del frijol en nuestro estado, [&hellip;]<\/p>\n","protected":false},"author":1,"featured_media":6622,"comment_status":"closed","ping_status":"closed","sticky":false,"template":"","format":"standard","meta":{"footnotes":""},"categories":[24],"tags":[],"ppma_author":[31],"class_list":["post-14838","post","type-post","status-publish","format-standard","has-post-thumbnail","hentry","category-relevantes"],"aioseo_notices":[],"authors":[{"term_id":31,"user_id":1,"is_guest":0,"slug":"ivan3vino","display_name":"Iv\u00e1n Trevi\u00f1o","avatar_url":{"url":"https:\/\/visionciudadana.com.mx\/oficial\/wp-content\/uploads\/2025\/09\/columna-ivan-Trevino.png","url2x":"https:\/\/visionciudadana.com.mx\/oficial\/wp-content\/uploads\/2025\/09\/columna-ivan-Trevino.png"},"0":null,"1":"","2":"","3":"","4":"","5":"","6":"","7":"","8":""}],"_links":{"self":[{"href":"https:\/\/visionciudadana.com.mx\/oficial\/wp-json\/wp\/v2\/posts\/14838","targetHints":{"allow":["GET"]}}],"collection":[{"href":"https:\/\/visionciudadana.com.mx\/oficial\/wp-json\/wp\/v2\/posts"}],"about":[{"href":"https:\/\/visionciudadana.com.mx\/oficial\/wp-json\/wp\/v2\/types\/post"}],"author":[{"embeddable":true,"href":"https:\/\/visionciudadana.com.mx\/oficial\/wp-json\/wp\/v2\/users\/1"}],"replies":[{"embeddable":true,"href":"https:\/\/visionciudadana.com.mx\/oficial\/wp-json\/wp\/v2\/comments?post=14838"}],"version-history":[{"count":1,"href":"https:\/\/visionciudadana.com.mx\/oficial\/wp-json\/wp\/v2\/posts\/14838\/revisions"}],"predecessor-version":[{"id":31443,"href":"https:\/\/visionciudadana.com.mx\/oficial\/wp-json\/wp\/v2\/posts\/14838\/revisions\/31443"}],"wp:featuredmedia":[{"embeddable":true,"href":"https:\/\/visionciudadana.com.mx\/oficial\/wp-json\/wp\/v2\/media\/6622"}],"wp:attachment":[{"href":"https:\/\/visionciudadana.com.mx\/oficial\/wp-json\/wp\/v2\/media?parent=14838"}],"wp:term":[{"taxonomy":"category","embeddable":true,"href":"https:\/\/visionciudadana.com.mx\/oficial\/wp-json\/wp\/v2\/categories?post=14838"},{"taxonomy":"post_tag","embeddable":true,"href":"https:\/\/visionciudadana.com.mx\/oficial\/wp-json\/wp\/v2\/tags?post=14838"},{"taxonomy":"author","embeddable":true,"href":"https:\/\/visionciudadana.com.mx\/oficial\/wp-json\/wp\/v2\/ppma_author?post=14838"}],"curies":[{"name":"wp","href":"https:\/\/api.w.org\/{rel}","templated":true}]}}