{"id":14837,"date":"2021-02-09T04:04:27","date_gmt":"2021-02-09T04:04:27","guid":{"rendered":"https:\/\/visionciudadana.com.mx\/prueba\/2021\/02\/09\/arranca-segunda-etapa-de-preinscripciones-en-linea\/"},"modified":"2025-06-25T00:32:31","modified_gmt":"2025-06-25T00:32:31","slug":"arranca-segunda-etapa-de-preinscripciones-en-linea","status":"publish","type":"post","link":"https:\/\/visionciudadana.com.mx\/oficial\/2021\/02\/09\/arranca-segunda-etapa-de-preinscripciones-en-linea\/","title":{"rendered":"Arranca Segunda etapa de preinscripciones en l\u00ednea"},"content":{"rendered":"<p style=\"text-align: justify;\">&nbsp;<\/p>\n<p style=\"text-align: justify;\"><img fetchpriority=\"high\" decoding=\"async\" src=\"images\/Feb21\/arrancan_prei.PNG\" alt=\"arrancan prei\" width=\"353\" height=\"210\" style=\"display: block; margin-left: auto; margin-right: auto;\" \/><\/p>\n<p class=\"x_MsoNormal\" style=\"text-align: justify;\"><span style=\"font-size: 14pt; font-family: arial, helvetica, sans-serif;\">En punto de las 08:00 horas de este lunes 8 de febrero iniciar\u00e1 la segunda etapa, \u201cCercan\u00eda\u201d, de Preinscripciones en L\u00ednea 2021<b>,&nbsp;<\/b>misma que concluye el 12 de febrero.<\/span><\/p>\n<p class=\"x_MsoNormal\" style=\"text-align: justify;\"><span style=\"font-size: 14pt; font-family: arial, helvetica, sans-serif;\"><b>&nbsp;<\/b><\/span><\/p>\n<p class=\"x_MsoNormal\" style=\"text-align: justify;\"><span style=\"font-size: 14pt; font-family: arial, helvetica, sans-serif;\">El titular de la Secretar\u00eda de Educaci\u00f3n P\u00fablica y Cultura (SEPyC), Juan Alfonso Mej\u00eda L\u00f3pez, record\u00f3 que esta etapa es dirigida a quienes buscan un espacio en escuelas cercanas a su domicilio particular o al centro de trabajo de su padre, madre o tutor.<\/span><\/p>\n<p style=\"text-align: justify;\">&nbsp;<\/p>\n<p class=\"x_MsoNormal\" style=\"text-align: justify;\"><span style=\"font-size: 14pt; font-family: arial, helvetica, sans-serif;\">Durante esta etapa, se espera la preinscripci\u00f3n de 82 mil 589 alumnos y alumnas de todo el estado en los tres niveles de educaci\u00f3n b\u00e1sica, preescolar, primaria y secundaria. Estos se sumar\u00e1n a los 13 mil 102 que ya fueron preinscritos en la primera etapa, de \u201cPrincipio de Orden\u201d, que se llev\u00f3 a cabo del 2 al 5 de febrero.<\/span><\/p>\n<p style=\"text-align: justify;\">&nbsp;<\/p>\n<p class=\"x_MsoNormal\" style=\"text-align: justify;\"><span style=\"font-size: 14pt; font-family: arial, helvetica, sans-serif;\">Mej\u00eda L\u00f3pez dijo que al cumplir con el proceso de preinscripci\u00f3n no solo se asegura un espacio para cada ni\u00f1o y ni\u00f1a en el Ciclo Escolar 2021-2022, sino tambi\u00e9n se combate la deserci\u00f3n escolar, ya que es en el cambio de nivel educativo donde se da el mayor n\u00famero de casos de abandono. Indic\u00f3 que el proceso tambi\u00e9n va dirigido a quienes cursar\u00e1n 1\u00b0 y 2\u00b0 de preescolar.<\/span><\/p>\n<p class=\"x_MsoNormal\" style=\"text-align: justify;\"><span style=\"font-size: 14pt; font-family: arial, helvetica, sans-serif;\"><b>&nbsp;<\/b><\/span><\/p>\n<p class=\"x_MsoNormal\" style=\"text-align: justify;\"><span style=\"font-size: 14pt; font-family: arial, helvetica, sans-serif;\">\u201cRecordemos que la etapa de preinscripciones est\u00e1 dedicada aquellos alumnos que cambian de nivel educativo, los que terminan preescolar y van a primaria, y los que terminan primaria y van a secundaria\u201d, coment\u00f3.<\/span><\/p>\n<p style=\"text-align: justify;\">&nbsp;<\/p>\n<p class=\"x_MsoNormal\" style=\"text-align: justify;\"><span style=\"font-size: 14pt; font-family: arial, helvetica, sans-serif;\">Para realizar el proceso, los padres de familia y\/o tutores deber\u00e1n ingresar a la p\u00e1gina&nbsp;<a href=\"http:\/\/preinscripcionessinaloa.gob.mx\/\" target=\"_blank\" rel=\"noopener noreferrer\" data-auth=\"NotApplicable\">preinscripcionessinaloa.gob.mx<\/a>, la cual estar\u00e1 disponible de las 08:00 a las 20:00 horas de lunes a viernes.<\/span><\/p>\n<p style=\"text-align: justify;\">&nbsp;<\/p>\n<p class=\"x_MsoNormal\" style=\"text-align: justify;\"><span style=\"font-size: 14pt; font-family: arial, helvetica, sans-serif;\">Quienes realizaron el registro previo en familia durante el mes de enero, podr\u00e1n ingresar a la plataforma con el usuario y la contrase\u00f1a registrados, y hacer el tr\u00e1mite con un solo clic. Quienes no realizaron el registro, necesitan tener a la mano una computadora o dispositivo m\u00f3vil con internet, CURP del aspirante o clave del alumno, nombre oficial y clave de la escuela e ingresar a&nbsp;<a href=\"http:\/\/preinscripcionessinaloa.gob.mx\/\" target=\"_blank\" rel=\"noopener noreferrer\" data-auth=\"NotApplicable\">preinscripcionessinaloa.gob.mx<\/a>, donde deber\u00e1n capturar toda la informaci\u00f3n del ni\u00f1o o ni\u00f1a, as\u00ed como del padre de familia o tutor.<\/span><\/p>\n<p style=\"text-align: justify;\">&nbsp;<\/p>\n<p class=\"x_MsoNormal\" style=\"text-align: justify;\"><span style=\"font-size: 14pt; font-family: arial, helvetica, sans-serif;\">En caso de dudas, SEPyC pone a disposici\u00f3n el call center (667) 846-42-40, que operar\u00e1 de lunes a viernes, en un horario de 8:00 a 15:00 horas. Tambi\u00e9n se dar\u00e1 atenci\u00f3n personalizada en las oficinas de la SEPyC, de Servicios Regionales y los Centros de Atenci\u00f3n que habr\u00e1 en cada municipio, as\u00ed como en las redes sociales oficiales de la Secretar\u00eda.<\/span><\/p>\n<p style=\"text-align: justify;\">&nbsp;<\/p>\n<p class=\"x_MsoNormal\" style=\"text-align: justify;\"><span style=\"font-size: 14pt; font-family: arial, helvetica, sans-serif;\">La preinscripci\u00f3n en el modelo presencial se realizar\u00e1 del martes 2 de febrero al viernes 19 de marzo, en: escuelas particulares, Centros de Atenci\u00f3n M\u00faltiple y en escuelas p\u00fablicas en comunidades sin internet.<\/span><\/p>\n<p style=\"text-align: justify;\">&nbsp;<\/p>\n<p style=\"text-align: justify;\">&nbsp;<\/p>\n<p style=\"text-align: justify;\"><span style=\"font-size: 14pt; font-family: arial, helvetica, sans-serif;\">REDACCI\u00d3N\/VISI\u00d3N CIUDADANA.<\/span><\/p>\n<p>&nbsp;<\/p>\n","protected":false},"excerpt":{"rendered":"<p>&nbsp; En punto de las 08:00 horas de este lunes 8 de febrero iniciar\u00e1 la segunda etapa, \u201cCercan\u00eda\u201d, de Preinscripciones en L\u00ednea 2021,&nbsp;misma que concluye el 12 de febrero. &nbsp; El titular de la Secretar\u00eda de Educaci\u00f3n P\u00fablica y Cultura (SEPyC), Juan Alfonso Mej\u00eda L\u00f3pez, record\u00f3 que esta etapa es dirigida a quienes buscan un [&hellip;]<\/p>\n","protected":false},"author":1,"featured_media":6620,"comment_status":"closed","ping_status":"closed","sticky":false,"template":"","format":"standard","meta":{"footnotes":""},"categories":[13],"tags":[],"ppma_author":[31],"class_list":["post-14837","post","type-post","status-publish","format-standard","has-post-thumbnail","hentry","category-locales"],"aioseo_notices":[],"authors":[{"term_id":31,"user_id":1,"is_guest":0,"slug":"ivan3vino","display_name":"Iv\u00e1n Trevi\u00f1o","avatar_url":{"url":"https:\/\/visionciudadana.com.mx\/oficial\/wp-content\/uploads\/2025\/09\/columna-ivan-Trevino.png","url2x":"https:\/\/visionciudadana.com.mx\/oficial\/wp-content\/uploads\/2025\/09\/columna-ivan-Trevino.png"},"0":null,"1":"","2":"","3":"","4":"","5":"","6":"","7":"","8":""}],"_links":{"self":[{"href":"https:\/\/visionciudadana.com.mx\/oficial\/wp-json\/wp\/v2\/posts\/14837","targetHints":{"allow":["GET"]}}],"collection":[{"href":"https:\/\/visionciudadana.com.mx\/oficial\/wp-json\/wp\/v2\/posts"}],"about":[{"href":"https:\/\/visionciudadana.com.mx\/oficial\/wp-json\/wp\/v2\/types\/post"}],"author":[{"embeddable":true,"href":"https:\/\/visionciudadana.com.mx\/oficial\/wp-json\/wp\/v2\/users\/1"}],"replies":[{"embeddable":true,"href":"https:\/\/visionciudadana.com.mx\/oficial\/wp-json\/wp\/v2\/comments?post=14837"}],"version-history":[{"count":1,"href":"https:\/\/visionciudadana.com.mx\/oficial\/wp-json\/wp\/v2\/posts\/14837\/revisions"}],"predecessor-version":[{"id":31444,"href":"https:\/\/visionciudadana.com.mx\/oficial\/wp-json\/wp\/v2\/posts\/14837\/revisions\/31444"}],"wp:featuredmedia":[{"embeddable":true,"href":"https:\/\/visionciudadana.com.mx\/oficial\/wp-json\/wp\/v2\/media\/6620"}],"wp:attachment":[{"href":"https:\/\/visionciudadana.com.mx\/oficial\/wp-json\/wp\/v2\/media?parent=14837"}],"wp:term":[{"taxonomy":"category","embeddable":true,"href":"https:\/\/visionciudadana.com.mx\/oficial\/wp-json\/wp\/v2\/categories?post=14837"},{"taxonomy":"post_tag","embeddable":true,"href":"https:\/\/visionciudadana.com.mx\/oficial\/wp-json\/wp\/v2\/tags?post=14837"},{"taxonomy":"author","embeddable":true,"href":"https:\/\/visionciudadana.com.mx\/oficial\/wp-json\/wp\/v2\/ppma_author?post=14837"}],"curies":[{"name":"wp","href":"https:\/\/api.w.org\/{rel}","templated":true}]}}