{"id":14836,"date":"2021-02-09T04:00:35","date_gmt":"2021-02-09T04:00:35","guid":{"rendered":"https:\/\/visionciudadana.com.mx\/prueba\/2021\/02\/09\/dictamina-comision-ley-de-amnistia-del-estado-de-sinaloa\/"},"modified":"2025-06-25T00:32:31","modified_gmt":"2025-06-25T00:32:31","slug":"dictamina-comision-ley-de-amnistia-del-estado-de-sinaloa","status":"publish","type":"post","link":"https:\/\/visionciudadana.com.mx\/oficial\/2021\/02\/09\/dictamina-comision-ley-de-amnistia-del-estado-de-sinaloa\/","title":{"rendered":"Dictamina Comisi\u00f3n Ley de Amnist\u00eda del Estado de Sinaloa"},"content":{"rendered":"<p>&nbsp;<\/p>\n<p style=\"text-align: justify;\"><img fetchpriority=\"high\" decoding=\"async\" src=\"images\/vision_32.PNG\" alt=\"vision 32\" width=\"558\" height=\"306\" style=\"display: block; margin-left: auto; margin-right: auto;\" \/><br \/><span style=\"font-family: arial, helvetica, sans-serif; font-size: 12pt;\">Por unanimidad la Comisi\u00f3n de Puntos Constitucionales y Gobernaci\u00f3n del Congreso del Estado de Sinaloa, que preside el diputado Horacio Lora Oliva, aprob\u00f3 dictamen que expide la Ley de Amnist\u00eda.<\/span><\/p>\n<p><span style=\"font-family: arial, helvetica, sans-serif; font-size: 12pt;\">Horacio Lora Oliva, Ana Cecilia Moreno Romero, Mar\u00eda Victoria S\u00e1nchez Pe\u00f1a y Flora Isela Miranda Leal, presidente, secretaria y vocales respectivamente de la Comisi\u00f3n, aprobaron el dictamen.<\/span><\/p>\n<p><span style=\"font-family: arial, helvetica, sans-serif; font-size: 12pt;\">La Comisi\u00f3n resolvi\u00f3 procedente expedir la Ley de Amnist\u00eda del Estado de Sinaloa, con la finalidad de fortalecer el sistema de derechos que beneficie a todas las personas, principalmente a aquellas que por alguna circunstancia se encuentren en situaci\u00f3n de vulnerabilidad, particularmente en situaci\u00f3n de pobreza.<\/span><\/p>\n<p style=\"text-align: justify;\"><span style=\"font-family: arial, helvetica, sans-serif; font-size: 12pt;\">Comisiones Unidas de Puntos Constitucionales y Gobernaci\u00f3n y de Asuntos Agropecuarios del Congreso del Estado de Sinaloa aprobaron dictamen que expide la Ley de Fomento Ap\u00edcola y Protecci\u00f3n de Agentes Polinizadores.<\/span><\/p>\n<p><span style=\"font-family: arial, helvetica, sans-serif; font-size: 12pt;\">Esta ley tendr\u00e1 como objeto establecer las normas para la organizaci\u00f3n, protecci\u00f3n, fomento, sanidad, investigaci\u00f3n, desarrollo tecnol\u00f3gico, industrializaci\u00f3n, as\u00ed como la cr\u00eda, explotaci\u00f3n, mejoramiento gen\u00e9tico y la comercializaci\u00f3n de los productos que se pueden obtener de las abejas mel\u00edferas en beneficio de los apicultores del Estado.&nbsp;<\/span><\/p>\n<p>&nbsp;<\/p>\n<p>&nbsp;<\/p>\n<p>REDACCI\u00d3N\/ VISI\u00d3N CIUDADANA&nbsp;<\/p>\n","protected":false},"excerpt":{"rendered":"<p>&nbsp; Por unanimidad la Comisi\u00f3n de Puntos Constitucionales y Gobernaci\u00f3n del Congreso del Estado de Sinaloa, que preside el diputado Horacio Lora Oliva, aprob\u00f3 dictamen que expide la Ley de Amnist\u00eda. Horacio Lora Oliva, Ana Cecilia Moreno Romero, Mar\u00eda Victoria S\u00e1nchez Pe\u00f1a y Flora Isela Miranda Leal, presidente, secretaria y vocales respectivamente de la Comisi\u00f3n, [&hellip;]<\/p>\n","protected":false},"author":1,"featured_media":6618,"comment_status":"closed","ping_status":"closed","sticky":false,"template":"","format":"standard","meta":{"footnotes":""},"categories":[24],"tags":[],"ppma_author":[31],"class_list":["post-14836","post","type-post","status-publish","format-standard","has-post-thumbnail","hentry","category-relevantes"],"aioseo_notices":[],"authors":[{"term_id":31,"user_id":1,"is_guest":0,"slug":"ivan3vino","display_name":"Iv\u00e1n Trevi\u00f1o","avatar_url":{"url":"https:\/\/visionciudadana.com.mx\/oficial\/wp-content\/uploads\/2025\/09\/columna-ivan-Trevino.png","url2x":"https:\/\/visionciudadana.com.mx\/oficial\/wp-content\/uploads\/2025\/09\/columna-ivan-Trevino.png"},"0":null,"1":"","2":"","3":"","4":"","5":"","6":"","7":"","8":""}],"_links":{"self":[{"href":"https:\/\/visionciudadana.com.mx\/oficial\/wp-json\/wp\/v2\/posts\/14836","targetHints":{"allow":["GET"]}}],"collection":[{"href":"https:\/\/visionciudadana.com.mx\/oficial\/wp-json\/wp\/v2\/posts"}],"about":[{"href":"https:\/\/visionciudadana.com.mx\/oficial\/wp-json\/wp\/v2\/types\/post"}],"author":[{"embeddable":true,"href":"https:\/\/visionciudadana.com.mx\/oficial\/wp-json\/wp\/v2\/users\/1"}],"replies":[{"embeddable":true,"href":"https:\/\/visionciudadana.com.mx\/oficial\/wp-json\/wp\/v2\/comments?post=14836"}],"version-history":[{"count":1,"href":"https:\/\/visionciudadana.com.mx\/oficial\/wp-json\/wp\/v2\/posts\/14836\/revisions"}],"predecessor-version":[{"id":31445,"href":"https:\/\/visionciudadana.com.mx\/oficial\/wp-json\/wp\/v2\/posts\/14836\/revisions\/31445"}],"wp:featuredmedia":[{"embeddable":true,"href":"https:\/\/visionciudadana.com.mx\/oficial\/wp-json\/wp\/v2\/posts\/6618"}],"wp:attachment":[{"href":"https:\/\/visionciudadana.com.mx\/oficial\/wp-json\/wp\/v2\/media?parent=14836"}],"wp:term":[{"taxonomy":"category","embeddable":true,"href":"https:\/\/visionciudadana.com.mx\/oficial\/wp-json\/wp\/v2\/categories?post=14836"},{"taxonomy":"post_tag","embeddable":true,"href":"https:\/\/visionciudadana.com.mx\/oficial\/wp-json\/wp\/v2\/tags?post=14836"},{"taxonomy":"author","embeddable":true,"href":"https:\/\/visionciudadana.com.mx\/oficial\/wp-json\/wp\/v2\/ppma_author?post=14836"}],"curies":[{"name":"wp","href":"https:\/\/api.w.org\/{rel}","templated":true}]}}