{"id":14835,"date":"2021-02-09T03:34:48","date_gmt":"2021-02-09T03:34:48","guid":{"rendered":"https:\/\/visionciudadana.com.mx\/prueba\/2021\/02\/09\/publica-la-uas-convocatoria-para-el-periodo-de-preinscripcion-al-ciclo-escolar-2021-2022\/"},"modified":"2025-06-25T00:32:31","modified_gmt":"2025-06-25T00:32:31","slug":"publica-la-uas-convocatoria-para-el-periodo-de-preinscripcion-al-ciclo-escolar-2021-2022","status":"publish","type":"post","link":"https:\/\/visionciudadana.com.mx\/oficial\/2021\/02\/09\/publica-la-uas-convocatoria-para-el-periodo-de-preinscripcion-al-ciclo-escolar-2021-2022\/","title":{"rendered":"Publica la UAS Convocatoria para el periodo de preinscripci\u00f3n al Ciclo Escolar 2021-2022"},"content":{"rendered":"<p>&nbsp;<\/p>\n<p><img fetchpriority=\"high\" decoding=\"async\" src=\"images\/vision_31.PNG\" alt=\"vision 31\" width=\"211\" height=\"282\" style=\"display: block; margin-left: auto; margin-right: auto;\" \/><\/p>\n<p style=\"text-align: justify;\"><span style=\"font-family: arial, helvetica, sans-serif; font-size: 12pt;\">La Universidad Aut\u00f3noma de Sinaloa (UAS) public\u00f3 este domingo 7 de febrero en su portal institucional, la Convocatoria para los interesados en ingresar al nivel bachillerato o licenciatura en esta casa de estudios para el Ciclo Escolar 2021-2022, mismos que deber\u00e1n ingresar a la p\u00e1gina&nbsp;<a href=\"http:\/\/nubeuas.uasnet.mx\/preinscripcion\" target=\"_blank\" rel=\"noopener noreferrer\" data-auth=\"NotApplicable\">nubeuas.uasnet.mx\/preinscripcion<\/a>, desde cualquier computadora.<\/span><\/p>\n<p class=\"x_MsoNormal\" style=\"text-align: justify;\"><span lang=\"ES\" style=\"font-family: arial, helvetica, sans-serif; font-size: 12pt;\"><\/span><\/p>\n<p style=\"text-align: justify;\">&nbsp;<\/p>\n<p class=\"x_MsoNormal\" style=\"text-align: justify;\"><span lang=\"ES\" style=\"font-family: arial, helvetica, sans-serif; font-size: 12pt;\">El Rector, doctor Juan Eulogio Guerra Liera, inform\u00f3 que en la convocatoria los aspirantes encontrar\u00e1n todos los detalles del procedimiento a seguir para iniciar su proceso de preinscripci\u00f3n, desde d\u00f3nde deben ingresar para obtener su ficha, hasta los requisitos que se deber\u00e1n cubrir.<\/span><\/p>\n<p class=\"x_MsoNormal\" style=\"text-align: justify;\"><span lang=\"ES\" style=\"font-family: arial, helvetica, sans-serif; font-size: 12pt;\"><\/span><\/p>\n<p style=\"text-align: justify;\">&nbsp;<\/p>\n<p class=\"x_MsoNormal\" style=\"text-align: justify;\"><span style=\"font-family: arial, helvetica, sans-serif; font-size: 12pt;\">\u201cConfiamos en nuestros inform\u00e1ticos, sabemos que van hacer todo lo necesario para que todo esto fluya, que no se nos detenga el sistema, que podamos atender a los j\u00f3venes, que podamos hacer un proceso adecuado\u201d, expres\u00f3 el Rector.<\/span><\/p>\n<p style=\"text-align: justify;\">&nbsp;<\/p>\n<p class=\"x_MsoNormal\" style=\"text-align: justify;\"><span style=\"font-family: arial, helvetica, sans-serif; font-size: 12pt;\">Desde el domingo en el portal de la Universidad<b>&nbsp;<\/b>aparecen tres opciones: una donde se puede ingresar al portal de la instituci\u00f3n, otra donde se desarrollar\u00e1 el proceso de preinscripci\u00f3n 2021 y una tercera donde se encuentra la Convocatoria.<\/span><\/p>\n<p style=\"text-align: justify;\">&nbsp;<\/p>\n<p class=\"x_MsoNormal\" style=\"text-align: justify;\"><span style=\"font-family: arial, helvetica, sans-serif; font-size: 12pt;\">Cuando inicie el proceso el d\u00eda 22 de febrero, en la opci\u00f3n de \u201cPreinscripci\u00f3n 2021\u201d o al ingresar al portal&nbsp;<span lang=\"ES\"><a href=\"http:\/\/nubeuas.uasnet.mx\/preinscripci%C3%B3n\" target=\"_blank\" rel=\"noopener noreferrer\" data-auth=\"NotApplicable\">nubeuas.uasnet.mx\/preinscripci\u00f3n<\/a>&nbsp;<\/span>aparecer\u00e1n tres ventanas: la primera mostrar\u00e1 la calendarizaci\u00f3n de fechas en que se ir\u00e1 abriendo el portal de preinscripci\u00f3n para cada Programa Educativo; la segunda permitir\u00e1 el acceso por primera vez a la etapa de registro; y la tercera ventana dar\u00e1 acceso a continuar con el proceso una vez que se haya obtenido la ficha de preinscripci\u00f3n.&nbsp;<\/span><\/p>\n<p style=\"text-align: justify;\">&nbsp;<\/p>\n<p class=\"x_MsoNormal\" style=\"text-align: justify;\"><span style=\"font-family: arial, helvetica, sans-serif; font-size: 12pt;\">La convocatoria detalla paso por paso lo que el aspirante debe realizar para obtener la ficha de preinscripci\u00f3n, c\u00f3mo obtener la hoja de pago, cu\u00e1ndo registrarse en CENEVAL para obtener el pase de ingreso al examen de admisi\u00f3n el cual se debe imprimir, as\u00ed como los requisitos que deber\u00e1n reunir los interesados.<\/span><\/p>\n<p style=\"text-align: justify;\">&nbsp;<\/p>\n<p class=\"x_MsoNormal\" style=\"text-align: justify;\"><span style=\"font-family: arial, helvetica, sans-serif; font-size: 12pt;\">El Rector, en conferencia de prensa realizada la semana pasada, inform\u00f3 que el Examen CENEVAL para Nivel Profesional se aplicar\u00e1 los d\u00edas jueves 20 y viernes 21 de mayo a partir de las 8:00 horas, ese d\u00eda los aspirantes deber\u00e1n tener a la mano la constancia de preinscripci\u00f3n, el pase de ingreso a CENEVAL y una identificaci\u00f3n con fotograf\u00eda.<\/span><\/p>\n<p style=\"text-align: justify;\">&nbsp;<\/p>\n<p class=\"x_MsoNormal\" style=\"text-align: justify;\"><span style=\"font-family: arial, helvetica, sans-serif; font-size: 12pt;\">El Examen ser\u00e1 en modalidad desde casa y se har\u00e1 llegar la informaci\u00f3n con anticipaci\u00f3n indicando el procedimiento a seguir a trav\u00e9s del correo electr\u00f3nico y\/o mensaje de texto ya sea desde el portal institucional, desde el portal de admisi\u00f3n y\/o por los canales de informaci\u00f3n conocidos (prensa, radio, televisi\u00f3n).<\/span><\/p>\n<p class=\"x_MsoNormal\" style=\"text-align: justify;\"><span lang=\"ES\" style=\"font-family: arial, helvetica, sans-serif; font-size: 12pt;\"><\/span><\/p>\n<p style=\"text-align: justify;\">&nbsp;<\/p>\n<p class=\"x_MsoNormal\" style=\"text-align: justify;\"><span style=\"font-family: arial, helvetica, sans-serif; font-size: 12pt;\"><span lang=\"ES\">Los requisitos que se solicitan en la Convocatoria para formalizar el proceso de preinscripci\u00f3n son: constancia de calificaciones, en caso de ser egresado del nivel anterior se debe presentar copia del certificado; acta de nacimiento; CURP descargada del portal&nbsp;<\/span><a href=\"https:\/\/www.gob.mx\/curp\" target=\"_blank\" rel=\"noopener noreferrer\" data-auth=\"NotApplicable\"><\/a><a href=\"https:\/\/www.gob.mx\/curp\">https:\/\/www.gob.mx\/curp<\/a><span lang=\"ES\">; solicitud de preinscripci\u00f3n descargada del portal de admisi\u00f3n y pase de ingreso al CENEVAL descargado una vez que se haya realizado el registro ante este organismo evaluador, todo lo mencionado deber\u00e1 estar en formato PDF.<\/span><\/span><\/p>\n<p style=\"text-align: justify;\">&nbsp;<\/p>\n<p class=\"x_MsoNormal\" style=\"text-align: justify;\"><span lang=\"ES\" style=\"font-family: arial, helvetica, sans-serif; font-size: 12pt;\"><\/span><\/p>\n<p class=\"x_MsoNormal\" style=\"text-align: justify;\"><span lang=\"ES\" style=\"font-family: arial, helvetica, sans-serif; font-size: 12pt;\">Es importante que los interesados consulten en el portal de la Universidad la fecha en que inicia la preinscripci\u00f3n al programa educativo que va a elegir, ya que este ser\u00e1 escalonado para evitar saturaci\u00f3n del sistema, de tal forma que para el Nivel Bachillerato ser\u00e1 en forma diferenciada por Unidad Regional a partir del 22 de febrero y para el nivel Superior ser\u00e1 diferenciada por grupos de escuelas y\/o facultades a partir del 01 de marzo, y ambos concluyen el 26 de marzo.<\/span><\/p>\n<p style=\"text-align: justify;\">&nbsp;<\/p>\n<p style=\"text-align: justify;\">&nbsp;<\/p>\n<p style=\"text-align: justify;\">&nbsp;<\/p>\n<p style=\"text-align: justify;\">&nbsp;<\/p>\n<p style=\"text-align: justify;\"><span style=\"font-family: arial, helvetica, sans-serif; font-size: 12pt;\">REDACCI\u00d3N\/ VISI\u00d3N CIUDADANA&nbsp;<\/span><\/p>\n","protected":false},"excerpt":{"rendered":"<p>&nbsp; La Universidad Aut\u00f3noma de Sinaloa (UAS) public\u00f3 este domingo 7 de febrero en su portal institucional, la Convocatoria para los interesados en ingresar al nivel bachillerato o licenciatura en esta casa de estudios para el Ciclo Escolar 2021-2022, mismos que deber\u00e1n ingresar a la p\u00e1gina&nbsp;nubeuas.uasnet.mx\/preinscripcion, desde cualquier computadora. &nbsp; El Rector, doctor Juan Eulogio [&hellip;]<\/p>\n","protected":false},"author":1,"featured_media":6616,"comment_status":"closed","ping_status":"closed","sticky":false,"template":"","format":"standard","meta":{"footnotes":""},"categories":[24],"tags":[],"ppma_author":[31],"class_list":["post-14835","post","type-post","status-publish","format-standard","has-post-thumbnail","hentry","category-relevantes"],"aioseo_notices":[],"authors":[{"term_id":31,"user_id":1,"is_guest":0,"slug":"ivan3vino","display_name":"Iv\u00e1n Trevi\u00f1o","avatar_url":{"url":"https:\/\/visionciudadana.com.mx\/oficial\/wp-content\/uploads\/2025\/09\/columna-ivan-Trevino.png","url2x":"https:\/\/visionciudadana.com.mx\/oficial\/wp-content\/uploads\/2025\/09\/columna-ivan-Trevino.png"},"0":null,"1":"","2":"","3":"","4":"","5":"","6":"","7":"","8":""}],"_links":{"self":[{"href":"https:\/\/visionciudadana.com.mx\/oficial\/wp-json\/wp\/v2\/posts\/14835","targetHints":{"allow":["GET"]}}],"collection":[{"href":"https:\/\/visionciudadana.com.mx\/oficial\/wp-json\/wp\/v2\/posts"}],"about":[{"href":"https:\/\/visionciudadana.com.mx\/oficial\/wp-json\/wp\/v2\/types\/post"}],"author":[{"embeddable":true,"href":"https:\/\/visionciudadana.com.mx\/oficial\/wp-json\/wp\/v2\/users\/1"}],"replies":[{"embeddable":true,"href":"https:\/\/visionciudadana.com.mx\/oficial\/wp-json\/wp\/v2\/comments?post=14835"}],"version-history":[{"count":1,"href":"https:\/\/visionciudadana.com.mx\/oficial\/wp-json\/wp\/v2\/posts\/14835\/revisions"}],"predecessor-version":[{"id":31446,"href":"https:\/\/visionciudadana.com.mx\/oficial\/wp-json\/wp\/v2\/posts\/14835\/revisions\/31446"}],"wp:featuredmedia":[{"embeddable":true,"href":"https:\/\/visionciudadana.com.mx\/oficial\/wp-json\/wp\/v2\/posts\/6616"}],"wp:attachment":[{"href":"https:\/\/visionciudadana.com.mx\/oficial\/wp-json\/wp\/v2\/media?parent=14835"}],"wp:term":[{"taxonomy":"category","embeddable":true,"href":"https:\/\/visionciudadana.com.mx\/oficial\/wp-json\/wp\/v2\/categories?post=14835"},{"taxonomy":"post_tag","embeddable":true,"href":"https:\/\/visionciudadana.com.mx\/oficial\/wp-json\/wp\/v2\/tags?post=14835"},{"taxonomy":"author","embeddable":true,"href":"https:\/\/visionciudadana.com.mx\/oficial\/wp-json\/wp\/v2\/ppma_author?post=14835"}],"curies":[{"name":"wp","href":"https:\/\/api.w.org\/{rel}","templated":true}]}}