{"id":14830,"date":"2021-02-06T04:33:50","date_gmt":"2021-02-06T04:33:50","guid":{"rendered":"https:\/\/visionciudadana.com.mx\/prueba\/2021\/02\/06\/me-siento-bien-javier-lizarraga\/"},"modified":"2025-06-25T00:32:31","modified_gmt":"2025-06-25T00:32:31","slug":"me-siento-bien-javier-lizarraga","status":"publish","type":"post","link":"https:\/\/visionciudadana.com.mx\/oficial\/2021\/02\/06\/me-siento-bien-javier-lizarraga\/","title":{"rendered":"Me siento bien: Javier Liz\u00e1rraga."},"content":{"rendered":"<p><img fetchpriority=\"high\" decoding=\"async\" src=\"images\/Feb21\/secretario-de-economia.gif\" alt=\"secretario de economia\" width=\"720\" height=\"480\" style=\"display: block; margin-left: auto; margin-right: auto; margin-top: 20px;\" \/><\/p>\n<p style=\"text-align: justify;\"><span style=\"font-size: 14pt; font-family: arial, helvetica, sans-serif;\">Estuvo en la terna final por la candidatura priista al gobierno estatal por la coalici\u00f3n \u201cVa por Sinaloa\u201d, tuve la oportunidad de platicar con \u00e9l sobre varios temas, incluyendo ese.<\/span><\/p>\n<p style=\"text-align: justify;\"><span style=\"font-size: 14pt; font-family: arial, helvetica, sans-serif;\">En la misma oficina del segundo piso del edificio de gobierno es donde pude charlar con el Secretario de Econom\u00eda Javier Liz\u00e1rraga, justo a la hora pactada, ni un minuto m\u00e1s ni un minuto menos.<\/span><\/p>\n<p style=\"text-align: justify;\"><span style=\"font-size: 14pt; font-family: arial, helvetica, sans-serif;\">En una peque\u00f1a sala y ante dos de sus colaboradores, Javier Liz\u00e1rraga se plant\u00f3 con la apertura que le caracteriza, mostrando relajamiento, seguramente despu\u00e9s de la tensi\u00f3n vivida, previo al destape del candidato a la gubernatura por la coalici\u00f3n \u201cVa Por Sinaloa\u201d.<\/span><\/p>\n<p style=\"text-align: justify;\"><span style=\"font-size: 14pt; font-family: arial, helvetica, sans-serif;\">Despu\u00e9s de saludarnos y con la intenci\u00f3n de que \u00e9l marcara el inicio de la entrevista, le pregunto;<\/span><\/p>\n<p style=\"text-align: justify;\"><span style=\"font-size: 14pt; font-family: arial, helvetica, sans-serif;\">ML. \u00bfC\u00f3mo te sientes Javier?<\/span><\/p>\n<p style=\"text-align: justify;\"><span style=\"font-size: 14pt; font-family: arial, helvetica, sans-serif;\">JL- Me siento bien, estos d\u00edas son muy importantes para m\u00ed, estamos iniciando un 2021 en medio de esta pandemia y con muchos compromisos para que el Estado siga recuperando su econom\u00eda, que en realidad, aqu\u00ed en Sinaloa no se ha perdido gran cosa, porque los sectores productivos han sabido entender y hemos hecho equipo para encontrar soluciones y no se caiga esa econom\u00eda\u2026.<\/span><\/p>\n<p style=\"text-align: justify;\"><span style=\"font-size: 14pt; font-family: arial, helvetica, sans-serif;\">ML.-\u00bfLa producci\u00f3n del campo y el mar, sigue o se detuvo?<\/span><\/p>\n<p style=\"text-align: justify;\"><span style=\"font-size: 14pt; font-family: arial, helvetica, sans-serif;\">JL.- F\u00edjate que no se detuvo, o a lo mejor un poco, al principio de la pandemia quiso detenerse, por all\u00e1 en 2020, pero hemos trabajado mucho en conjunto con todas las secretar\u00edas, as\u00ed como lo ha indicado el gobernador, las cosas han salido bien y somos un Estado con muy buenos indicadores nacionales en producci\u00f3n, tanto del campo como en los productos del mar, donde llevamos buen crecimiento y en el turismo pues ya has visto, el gobernador se ha aplicado a fondo para que se establezcan los protocolos de salud, vigilancia y sanidad, porque solo as\u00ed evitamos que caiga el turismo de Mazatl\u00e1n y todos, todos nos apoyamos, porque lo que aqu\u00ed hacemos es un trabajo de equipo\u2026<\/span><\/p>\n<p style=\"text-align: justify;\"><span style=\"font-size: 14pt; font-family: arial, helvetica, sans-serif;\">ML.-En otro tema Javier, \u00bfqu\u00e9 pas\u00f3 con el proyecto para gobernador?<\/span><\/p>\n<p style=\"text-align: justify;\"><span style=\"font-size: 14pt; font-family: arial, helvetica, sans-serif;\">JL.- F\u00edjate que yo no tra\u00eda ning\u00fan proyecto, hace algunos meses me toc\u00f3 escuchar que si yo ir\u00eda por la presidencia de Mazatl\u00e1n, claro que me llam\u00f3 la atenci\u00f3n, pero nada oficial, puros rumores, lo que dicen los periodistas y esas cosas, incluso ahora hace pocos d\u00edas me sorprend\u00ed cuando me mencionaban para candidato a gobernador, cr\u00e9eme que no llegu\u00e9 a esta secretar\u00eda con esa intenci\u00f3n, pero tampoco puedo negar que me sent\u00ed muy halagado, simplemente porque me tomaran en cuenta, mira, la verdad, te mentir\u00eda si te dijera que no me movi\u00f3, claro que me movi\u00f3, agradezco mucho que me hayan tomado en cuenta como posible candidato, pero creo que los priistas eligieron bien al candidato, te digo esto porque Mario Zamora est\u00e1 joven, ha sabido relacionarse y todas esas cosas son buenas\u2026<\/span><\/p>\n<p style=\"text-align: justify;\"><span style=\"font-size: 14pt; font-family: arial, helvetica, sans-serif;\">ML.-\u00bfQu\u00e9 platicaron t\u00fa y Quirino durante los meses anteriores y ahora que se dio la designaci\u00f3n a favor de Mario Zamora?<\/span><\/p>\n<p style=\"text-align: justify;\"><span style=\"font-size: 14pt; font-family: arial, helvetica, sans-serif;\">JL.- La verdad, nunca hemos platicado de eso el gobernador y yo, jam\u00e1s hemos platicado de la pol\u00edtica, esa la hace \u00e9l y yo hago lo que me corresponde como Secretario de Econom\u00eda, porque quiero decirte que aqu\u00ed en esta secretar\u00eda abrimos el abanico, o sea, en lugar de ser SECRETAR\u00cdA DE DESARROLLO ECON\u00d3MICO, se hizo SECRETAR\u00cdA DE ECONOM\u00cdA, porque as\u00ed se pueden hacer m\u00e1s cosas, mas campo de acci\u00f3n y por naturaleza podemos tener mejor resultado en todo y otra cosa, as\u00ed como no hablamos de nada electorero el gobernador y yo, tambi\u00e9n te digo que \u00e9l me dio la confianza, lo cual se lo agradezco, independientemente de la amistad, porque as\u00ed con esa libertad y con fianza yo trabajo muy a gusto y claro, siempre le entero de todo\u2026<\/span><\/p>\n<p style=\"text-align: justify;\"><span style=\"font-size: 14pt; font-family: arial, helvetica, sans-serif;\">ML.-S\u00ed Javier, pero \u00bfdebieron hablar en alg\u00fan momento de que tu pod\u00edas ser el candidato al gobierno estatal?<\/span><\/p>\n<p style=\"text-align: justify;\"><span style=\"font-size: 14pt; font-family: arial, helvetica, sans-serif;\">JL.- No, de eso no hablamos, mira, solamente hablamos de eso cuando \u00e9l me dijo que se hab\u00eda tomado la decisi\u00f3n de que fuera Mario Zamora el candidato, me llam\u00f3, nos reuni\u00f3 y ah\u00ed ya nos dijo que Mario ser\u00eda el candidato, yo no s\u00e9 c\u00f3mo se decidi\u00f3, ni quienes o cuantos lo decidieron..<\/span><\/p>\n<p style=\"text-align: justify;\"><span style=\"font-size: 14pt; font-family: arial, helvetica, sans-serif;\">M.L.-Javier, la vez anterior que platicamos, me dijiste de lo exitoso del cultivo de \u201cberrys\u201d en el norte del estado, particularmente el ar\u00e1ndano, \u00bfC\u00f3mo va eso?<\/span><\/p>\n<p style=\"text-align: justify;\"><span style=\"font-size: 14pt; font-family: arial, helvetica, sans-serif;\">JL.- A pues as\u00ed como te dije en aquella ocasi\u00f3n, los berrys son un cultivo muy productivo para el Estado y falta mucho por dar, porque ahorita pr\u00e1cticamente apenas empieza, hay muy buen mercado y bien pagado, lo cual representa una importante entrada de dinero a la econom\u00eda estatal, adem\u00e1s del buen prestigio para el Estado y es que los micro climas de Sinaloa son muy ricos y nos van a permitir descubrir m\u00e1s espacios de producci\u00f3n\u2026<\/span><\/p>\n<p style=\"text-align: justify;\"><span style=\"font-size: 14pt; font-family: arial, helvetica, sans-serif;\">ML.-Javier, ya para terminar con esta charla y hablar de otras cosas, \u00bfle hicieron \u201cmanita de cochi\u201d el gobernador, para decidir al candidato?<\/span><\/p>\n<p style=\"text-align: justify;\"><span style=\"font-size: 14pt; font-family: arial, helvetica, sans-serif;\">JL.- Mira, eso no lo s\u00e9, \u00e9l no me ha contado nada de eso y yo tampoco le pregunto, porque te repito, esas cosas pues apenas \u00e9l las sabr\u00e1\u2026<\/span><\/p>\n<p style=\"text-align: justify;\"><span style=\"font-size: 14pt; font-family: arial, helvetica, sans-serif;\">ML.-Bueno, desde tu \u00f3ptica, \u00bfVes a Mario Zamora como buen candidato al gobierno estatal?<\/span><\/p>\n<p style=\"text-align: justify;\"><span style=\"font-size: 14pt; font-family: arial, helvetica, sans-serif;\">JL.- Pues mira, yo no s\u00e9 mucho de esas cosas electorales, nada m\u00e1s te puedo decir que los priistas eligieron bien a sus candidato, Mario es un amigo que conozco de hace tiempo, tampoco somos amigos muy cercanos pero s\u00ed es amigo, tenemos una cercan\u00eda familiar, lo veo con muchas ganas, es joven y entr\u00f3n, le gusta la pol\u00edtica y se ve que ha hecho buenas relaciones, en lo personal le dar\u00e9 mi apoyo de acuerdo a mis posibilidades\u2026<\/span><\/p>\n<p style=\"text-align: justify;\"><span style=\"font-size: 14pt; font-family: arial, helvetica, sans-serif;\">ML.-Entonces, a unos meses de concluir como secretario de econom\u00eda estatal, \u00bfJavier se va satisfecho?<\/span><\/p>\n<p style=\"text-align: justify;\"><span style=\"font-size: 14pt; font-family: arial, helvetica, sans-serif;\">JL.- Pues mira, si me lo preguntas ahorita, en este momento te digo que s\u00ed, me siento satisfecho, me emociona mucho lo que hago, hemos hecho un trabajo importante mi equipo y yo, que por cierto, d\u00e9jame decirte que el \u00e9xito de esto, es que todo el equipo tenemos muy buena comunicaci\u00f3n, buscamos efectividad y as\u00ed se ha dado, todos juntos as\u00ed trabajamos, l\u00f3gicamente eso me da satisfacci\u00f3n pero espero que antes de irnos podamos ver el proyecto del molusco detonando, porque este proyecto ser\u00e1 muy exitoso y aqu\u00ed lo tengo en gr\u00e1ficas, es un proyecto muy bueno, para aprovechar m\u00e1s nuestros litorales, as\u00ed como el gobernador apoy\u00f3 a todo el Estado con obras muy importantes, de esas que no se ven en el norte, en los Municipios m\u00e1s chicos, aqu\u00ed en Culiac\u00e1n y mira Mazatl\u00e1n, ya se ve otro, el gobernador ha sabido invertir en la obra que m\u00e1s se necesita y Mazatl\u00e1n ya es otro, muy bonito ha quedado, lo cual nos trae m\u00e1s turismo y eso es m\u00e1s empleo y m\u00e1s derrama econ\u00f3mica\u2026<\/span><\/p>\n<p style=\"text-align: justify;\"><span style=\"font-size: 14pt; font-family: arial, helvetica, sans-serif;\">ML.-Oye Javier, \u00bfTe quedar\u00edas como funcionario, en caso de que la pr\u00f3xima administraci\u00f3n te requiera?<\/span><\/p>\n<p style=\"text-align: justify;\"><span style=\"font-size: 14pt; font-family: arial, helvetica, sans-serif;\">JL.- Mira\u2026 eso ahorita no lo podr\u00eda responder, no lo s\u00e9, ahorita no he pensado nada de eso, solo en terminar bien los proyectos de este a\u00f1o aqu\u00ed en la secretar\u00eda\u2026<\/span><\/p>\n<p style=\"text-align: justify;\"><span style=\"font-size: 14pt; font-family: arial, helvetica, sans-serif;\">As\u00ed fue esta charla con el Secretario de Econom\u00eda del Gobierno del Estado, quien ha sido uno de los mejores secretarios en el gabinete de Quirino Ordaz Coppel, pero adem\u00e1s, Javier Liz\u00e1rraga ha sido uno de los mejores secretarios de econom\u00eda que ha tenido Sinaloa, no me queda la menor duda, que los conocimientos de la administraci\u00f3n empresarial es muy valioso cuando se sabe adaptar a la administraci\u00f3n p\u00fablica, que es lo que Javier ha hecho.<\/span><\/p>\n<p>&nbsp;<\/p>\n<p>&nbsp;<\/p>\n<p>&nbsp;<\/p>\n<p style=\"text-align: justify;\"><span style=\"font-size: 12pt; font-family: arial, helvetica, sans-serif;\">Miguel \u00c1ngel L\u00f3pez\/Visionciudadana<\/span><\/p>\n","protected":false},"excerpt":{"rendered":"<p>Estuvo en la terna final por la candidatura priista al gobierno estatal por la coalici\u00f3n \u201cVa por Sinaloa\u201d, tuve la oportunidad de platicar con \u00e9l sobre varios temas, incluyendo ese. En la misma oficina del segundo piso del edificio de gobierno es donde pude charlar con el Secretario de Econom\u00eda Javier Liz\u00e1rraga, justo a la [&hellip;]<\/p>\n","protected":false},"author":1,"featured_media":6610,"comment_status":"closed","ping_status":"closed","sticky":false,"template":"","format":"standard","meta":{"footnotes":""},"categories":[24],"tags":[],"ppma_author":[31],"class_list":["post-14830","post","type-post","status-publish","format-standard","has-post-thumbnail","hentry","category-relevantes"],"aioseo_notices":[],"authors":[{"term_id":31,"user_id":1,"is_guest":0,"slug":"ivan3vino","display_name":"Iv\u00e1n Trevi\u00f1o","avatar_url":{"url":"https:\/\/visionciudadana.com.mx\/oficial\/wp-content\/uploads\/2025\/09\/columna-ivan-Trevino.png","url2x":"https:\/\/visionciudadana.com.mx\/oficial\/wp-content\/uploads\/2025\/09\/columna-ivan-Trevino.png"},"0":null,"1":"","2":"","3":"","4":"","5":"","6":"","7":"","8":""}],"_links":{"self":[{"href":"https:\/\/visionciudadana.com.mx\/oficial\/wp-json\/wp\/v2\/posts\/14830","targetHints":{"allow":["GET"]}}],"collection":[{"href":"https:\/\/visionciudadana.com.mx\/oficial\/wp-json\/wp\/v2\/posts"}],"about":[{"href":"https:\/\/visionciudadana.com.mx\/oficial\/wp-json\/wp\/v2\/types\/post"}],"author":[{"embeddable":true,"href":"https:\/\/visionciudadana.com.mx\/oficial\/wp-json\/wp\/v2\/users\/1"}],"replies":[{"embeddable":true,"href":"https:\/\/visionciudadana.com.mx\/oficial\/wp-json\/wp\/v2\/comments?post=14830"}],"version-history":[{"count":1,"href":"https:\/\/visionciudadana.com.mx\/oficial\/wp-json\/wp\/v2\/posts\/14830\/revisions"}],"predecessor-version":[{"id":31447,"href":"https:\/\/visionciudadana.com.mx\/oficial\/wp-json\/wp\/v2\/posts\/14830\/revisions\/31447"}],"wp:featuredmedia":[{"embeddable":true,"href":"https:\/\/visionciudadana.com.mx\/oficial\/wp-json\/wp\/v2\/media\/6610"}],"wp:attachment":[{"href":"https:\/\/visionciudadana.com.mx\/oficial\/wp-json\/wp\/v2\/media?parent=14830"}],"wp:term":[{"taxonomy":"category","embeddable":true,"href":"https:\/\/visionciudadana.com.mx\/oficial\/wp-json\/wp\/v2\/categories?post=14830"},{"taxonomy":"post_tag","embeddable":true,"href":"https:\/\/visionciudadana.com.mx\/oficial\/wp-json\/wp\/v2\/tags?post=14830"},{"taxonomy":"author","embeddable":true,"href":"https:\/\/visionciudadana.com.mx\/oficial\/wp-json\/wp\/v2\/ppma_author?post=14830"}],"curies":[{"name":"wp","href":"https:\/\/api.w.org\/{rel}","templated":true}]}}