{"id":14824,"date":"2021-02-05T08:45:14","date_gmt":"2021-02-05T08:45:14","guid":{"rendered":"https:\/\/visionciudadana.com.mx\/prueba\/2021\/02\/05\/aprueban-a-faustino-hernandez-reincorporarse-a-sus-funciones-como-diputado\/"},"modified":"2025-06-25T00:32:31","modified_gmt":"2025-06-25T00:32:31","slug":"aprueban-a-faustino-hernandez-reincorporarse-a-sus-funciones-como-diputado","status":"publish","type":"post","link":"https:\/\/visionciudadana.com.mx\/oficial\/2021\/02\/05\/aprueban-a-faustino-hernandez-reincorporarse-a-sus-funciones-como-diputado\/","title":{"rendered":"Aprueban a Faustino Hern\u00e1ndez reincorporarse a sus funciones como diputado"},"content":{"rendered":"<p style=\"text-align: justify;\"><img fetchpriority=\"high\" decoding=\"async\" src=\"images\/Feb21\/faustino_regresa.PNG\" alt=\"faustino regresa\" width=\"370\" height=\"196\" style=\"display: block; margin-left: auto; margin-right: auto;\" \/><\/p>\n<p style=\"text-align: justify;\"><span style=\"font-size: 14pt; font-family: arial, helvetica, sans-serif;\">La Diputaci\u00f3n Permanente del Congreso del Estado de Sinaloa aprob\u00f3 a Faustino Hern\u00e1ndez \u00c1lvarez la solicitud para reincorporarse a sus funciones como diputado propietario por el XIX distrito electoral. <\/span><\/p>\n<p style=\"text-align: justify;\">&nbsp;<\/p>\n<p style=\"text-align: justify;\"><span style=\"font-size: 14pt; font-family: arial, helvetica, sans-serif;\">El pasado 2 de febrero, el legislador del PRI envi\u00f3 a la Presidenta de la Diputaci\u00f3n Permanente, Graciela Dom\u00ednguez Nava, oficio solicitando quede sin efecto la solicitud de licencia aprobada el 26 de enero. <\/span><\/p>\n<p style=\"text-align: justify;\">&nbsp;<\/p>\n<p style=\"text-align: justify;\"><span style=\"font-size: 14pt; font-family: arial, helvetica, sans-serif;\">\u201cMe permito solicitar que quede sin efecto la solicitud de licencia indefinida, de fecha del d\u00eda 22 de enero del presente a\u00f1o, para ausentarme de mis responsabilidades como Diputado Propietario para atender asuntos personales\u201d, expuso el diputado en oficio enviado. <\/span><\/p>\n<p style=\"text-align: justify;\">&nbsp;<\/p>\n<p style=\"text-align: justify;\"><span style=\"font-size: 14pt; font-family: arial, helvetica, sans-serif;\">Fue en la sesi\u00f3n del 26 de enero, que por unanimidad el Congreso aprob\u00f3 al diputado solicitud de licencia para separarse del cargo y en la sesi\u00f3n de hoy, despu\u00e9s de la lectura de oficio, se aprueba se reincorpore a sus funciones. <\/span><\/p>\n<p style=\"text-align: justify;\">&nbsp;<\/p>\n<p style=\"text-align: justify;\"><span style=\"font-size: 14pt; font-family: arial, helvetica, sans-serif;\">En la sesi\u00f3n de la Diputaci\u00f3n Permanente, despu\u00e9s de que el Secretario Jos\u00e9 Rosario Romero L\u00f3pez ley\u00f3 oficio, la diputada presidenta mencion\u00f3 que a partir de esta fecha se reincorpora el legislador a sus funciones.<\/span><\/p>\n<p style=\"text-align: justify;\">&nbsp;<\/p>\n<p style=\"text-align: justify;\">&nbsp;<\/p>\n<p style=\"text-align: justify;\"><span style=\"font-size: 14pt; font-family: arial, helvetica, sans-serif;\">REDACCI\u00d3N\/VISI\u00d3N CIUDADANA.<\/span><\/p>\n","protected":false},"excerpt":{"rendered":"<p>La Diputaci\u00f3n Permanente del Congreso del Estado de Sinaloa aprob\u00f3 a Faustino Hern\u00e1ndez \u00c1lvarez la solicitud para reincorporarse a sus funciones como diputado propietario por el XIX distrito electoral. &nbsp; El pasado 2 de febrero, el legislador del PRI envi\u00f3 a la Presidenta de la Diputaci\u00f3n Permanente, Graciela Dom\u00ednguez Nava, oficio solicitando quede sin efecto [&hellip;]<\/p>\n","protected":false},"author":1,"featured_media":6603,"comment_status":"closed","ping_status":"closed","sticky":false,"template":"","format":"standard","meta":{"footnotes":""},"categories":[24],"tags":[],"ppma_author":[31],"class_list":["post-14824","post","type-post","status-publish","format-standard","has-post-thumbnail","hentry","category-relevantes"],"aioseo_notices":[],"authors":[{"term_id":31,"user_id":1,"is_guest":0,"slug":"ivan3vino","display_name":"Iv\u00e1n Trevi\u00f1o","avatar_url":{"url":"https:\/\/visionciudadana.com.mx\/oficial\/wp-content\/uploads\/2025\/09\/columna-ivan-Trevino.png","url2x":"https:\/\/visionciudadana.com.mx\/oficial\/wp-content\/uploads\/2025\/09\/columna-ivan-Trevino.png"},"0":null,"1":"","2":"","3":"","4":"","5":"","6":"","7":"","8":""}],"_links":{"self":[{"href":"https:\/\/visionciudadana.com.mx\/oficial\/wp-json\/wp\/v2\/posts\/14824","targetHints":{"allow":["GET"]}}],"collection":[{"href":"https:\/\/visionciudadana.com.mx\/oficial\/wp-json\/wp\/v2\/posts"}],"about":[{"href":"https:\/\/visionciudadana.com.mx\/oficial\/wp-json\/wp\/v2\/types\/post"}],"author":[{"embeddable":true,"href":"https:\/\/visionciudadana.com.mx\/oficial\/wp-json\/wp\/v2\/users\/1"}],"replies":[{"embeddable":true,"href":"https:\/\/visionciudadana.com.mx\/oficial\/wp-json\/wp\/v2\/comments?post=14824"}],"version-history":[{"count":1,"href":"https:\/\/visionciudadana.com.mx\/oficial\/wp-json\/wp\/v2\/posts\/14824\/revisions"}],"predecessor-version":[{"id":31448,"href":"https:\/\/visionciudadana.com.mx\/oficial\/wp-json\/wp\/v2\/posts\/14824\/revisions\/31448"}],"wp:featuredmedia":[{"embeddable":true,"href":"https:\/\/visionciudadana.com.mx\/oficial\/wp-json\/wp\/v2\/media\/6603"}],"wp:attachment":[{"href":"https:\/\/visionciudadana.com.mx\/oficial\/wp-json\/wp\/v2\/media?parent=14824"}],"wp:term":[{"taxonomy":"category","embeddable":true,"href":"https:\/\/visionciudadana.com.mx\/oficial\/wp-json\/wp\/v2\/categories?post=14824"},{"taxonomy":"post_tag","embeddable":true,"href":"https:\/\/visionciudadana.com.mx\/oficial\/wp-json\/wp\/v2\/tags?post=14824"},{"taxonomy":"author","embeddable":true,"href":"https:\/\/visionciudadana.com.mx\/oficial\/wp-json\/wp\/v2\/ppma_author?post=14824"}],"curies":[{"name":"wp","href":"https:\/\/api.w.org\/{rel}","templated":true}]}}