{"id":14823,"date":"2021-02-05T08:37:51","date_gmt":"2021-02-05T08:37:51","guid":{"rendered":"https:\/\/visionciudadana.com.mx\/prueba\/2021\/02\/05\/continuan-labores-de-sanitizacion-en-espacios-publicos-de-la-ciudad-capital\/"},"modified":"2025-06-25T00:32:32","modified_gmt":"2025-06-25T00:32:32","slug":"continuan-labores-de-sanitizacion-en-espacios-publicos-de-la-ciudad-capital","status":"publish","type":"post","link":"https:\/\/visionciudadana.com.mx\/oficial\/2021\/02\/05\/continuan-labores-de-sanitizacion-en-espacios-publicos-de-la-ciudad-capital\/","title":{"rendered":"Contin\u00faan labores de sanitizaci\u00f3n en espacios p\u00fablicos de la ciudad capital"},"content":{"rendered":"<p>&nbsp;<\/p>\n<p><img fetchpriority=\"high\" decoding=\"async\" src=\"images\/Feb21\/contin\u00faan_lab.PNG\" alt=\"contin\u00faan lab\" width=\"323\" height=\"194\" style=\"display: block; margin-left: auto; margin-right: auto;\" \/><\/p>\n<p style=\"text-align: justify;\"><span style=\"font-size: 14pt; font-family: arial, helvetica, sans-serif;\">Tras el rebrote de contagios por COVID-19 en el municipio, las brigadas de sanitizaci\u00f3n impulsadas por el Gobierno de Culiac\u00e1n contin\u00faan llegando a m\u00e1s espacios p\u00fablicos.<\/span><\/p>\n<p style=\"text-align: justify;\">&nbsp;<\/p>\n<p class=\"x_MsoNormal\" style=\"text-align: justify;\"><span lang=\"ES\" style=\"font-size: 14pt; font-family: arial, helvetica, sans-serif;\">En esta ocasi\u00f3n se llev\u00f3 a cabo la sanitizaci\u00f3n del \u00e1rea de urgencias, esto en el Hospital General y en las instalaciones de la Unidad M\u00e9dica Familiar IMSS Terranova, con lo cual se pretende evitar que las personas que acuden a recibir atenci\u00f3n m\u00e9dica por otras cuestiones, o bien, por el propio COVID-19, propaguen o se contagien de dicho virus.<\/span><\/p>\n<p style=\"text-align: justify;\">&nbsp;<\/p>\n<p class=\"x_MsoNormal\" style=\"text-align: justify;\"><span lang=\"ES\" style=\"font-size: 14pt; font-family: arial, helvetica, sans-serif;\">En este sentido, la Coordinaci\u00f3n de Protecci\u00f3n Civil Municipal continuar\u00e1 con estas brigadas en otros espacios que as\u00ed lo requieran, esto para mejorar las condiciones sanitarias de la capital sinaloense.<\/span><\/p>\n<p style=\"text-align: justify;\">&nbsp;<\/p>\n<p class=\"x_MsoNormal\" style=\"text-align: justify;\"><span lang=\"ES\" style=\"font-size: 14pt; font-family: arial, helvetica, sans-serif;\">Se reitera el llamado a la poblaci\u00f3n a no salir de casa de no ser necesario, lavarse las manos, y sobretodo mantener la sana distancia y el cubrebocas puesto en todo momento que se est\u00e9 en p\u00fablico.<\/span><\/p>\n<p class=\"x_MsoNormal\" style=\"text-align: justify;\"><span lang=\"ES\" style=\"font-size: 14pt; font-family: arial, helvetica, sans-serif;\"><\/span><\/p>\n<p style=\"text-align: justify;\">&nbsp;<\/p>\n<p style=\"text-align: justify;\"><span style=\"font-size: 14pt; font-family: arial, helvetica, sans-serif;\">REDACCION\/VISI\u00d3N CIUDADANA.<\/span><\/p>\n","protected":false},"excerpt":{"rendered":"<p>&nbsp; Tras el rebrote de contagios por COVID-19 en el municipio, las brigadas de sanitizaci\u00f3n impulsadas por el Gobierno de Culiac\u00e1n contin\u00faan llegando a m\u00e1s espacios p\u00fablicos. &nbsp; En esta ocasi\u00f3n se llev\u00f3 a cabo la sanitizaci\u00f3n del \u00e1rea de urgencias, esto en el Hospital General y en las instalaciones de la Unidad M\u00e9dica Familiar [&hellip;]<\/p>\n","protected":false},"author":1,"featured_media":6601,"comment_status":"closed","ping_status":"closed","sticky":false,"template":"","format":"standard","meta":{"footnotes":""},"categories":[13],"tags":[],"ppma_author":[31],"class_list":["post-14823","post","type-post","status-publish","format-standard","has-post-thumbnail","hentry","category-locales"],"aioseo_notices":[],"authors":[{"term_id":31,"user_id":1,"is_guest":0,"slug":"ivan3vino","display_name":"Iv\u00e1n Trevi\u00f1o","avatar_url":{"url":"https:\/\/visionciudadana.com.mx\/oficial\/wp-content\/uploads\/2025\/09\/columna-ivan-Trevino.png","url2x":"https:\/\/visionciudadana.com.mx\/oficial\/wp-content\/uploads\/2025\/09\/columna-ivan-Trevino.png"},"0":null,"1":"","2":"","3":"","4":"","5":"","6":"","7":"","8":""}],"_links":{"self":[{"href":"https:\/\/visionciudadana.com.mx\/oficial\/wp-json\/wp\/v2\/posts\/14823","targetHints":{"allow":["GET"]}}],"collection":[{"href":"https:\/\/visionciudadana.com.mx\/oficial\/wp-json\/wp\/v2\/posts"}],"about":[{"href":"https:\/\/visionciudadana.com.mx\/oficial\/wp-json\/wp\/v2\/types\/post"}],"author":[{"embeddable":true,"href":"https:\/\/visionciudadana.com.mx\/oficial\/wp-json\/wp\/v2\/users\/1"}],"replies":[{"embeddable":true,"href":"https:\/\/visionciudadana.com.mx\/oficial\/wp-json\/wp\/v2\/comments?post=14823"}],"version-history":[{"count":1,"href":"https:\/\/visionciudadana.com.mx\/oficial\/wp-json\/wp\/v2\/posts\/14823\/revisions"}],"predecessor-version":[{"id":31449,"href":"https:\/\/visionciudadana.com.mx\/oficial\/wp-json\/wp\/v2\/posts\/14823\/revisions\/31449"}],"wp:featuredmedia":[{"embeddable":true,"href":"https:\/\/visionciudadana.com.mx\/oficial\/wp-json\/wp\/v2\/posts\/6601"}],"wp:attachment":[{"href":"https:\/\/visionciudadana.com.mx\/oficial\/wp-json\/wp\/v2\/media?parent=14823"}],"wp:term":[{"taxonomy":"category","embeddable":true,"href":"https:\/\/visionciudadana.com.mx\/oficial\/wp-json\/wp\/v2\/categories?post=14823"},{"taxonomy":"post_tag","embeddable":true,"href":"https:\/\/visionciudadana.com.mx\/oficial\/wp-json\/wp\/v2\/tags?post=14823"},{"taxonomy":"author","embeddable":true,"href":"https:\/\/visionciudadana.com.mx\/oficial\/wp-json\/wp\/v2\/ppma_author?post=14823"}],"curies":[{"name":"wp","href":"https:\/\/api.w.org\/{rel}","templated":true}]}}