{"id":14822,"date":"2021-02-05T08:30:26","date_gmt":"2021-02-05T08:30:26","guid":{"rendered":"https:\/\/visionciudadana.com.mx\/prueba\/2021\/02\/05\/alerta-sanitaria-por-comercializacion-ilegal-de-la-vacuna-contra-covid-19-de-astrazeneca\/"},"modified":"2025-06-25T00:32:32","modified_gmt":"2025-06-25T00:32:32","slug":"alerta-sanitaria-por-comercializacion-ilegal-de-la-vacuna-contra-covid-19-de-astrazeneca","status":"publish","type":"post","link":"https:\/\/visionciudadana.com.mx\/oficial\/2021\/02\/05\/alerta-sanitaria-por-comercializacion-ilegal-de-la-vacuna-contra-covid-19-de-astrazeneca\/","title":{"rendered":"Alerta sanitaria por comercializaci\u00f3n ilegal de la vacuna contra COVID-19 de AstraZeneca"},"content":{"rendered":"<p><img fetchpriority=\"high\" decoding=\"async\" src=\"images\/Feb21\/vacuna_aztrazenek.PNG\" alt=\"vacuna aztrazenek\" width=\"446\" height=\"203\" style=\"display: block; margin-left: auto; margin-right: auto;\" \/><\/p>\n<p class=\"x_MsoNormal\" style=\"text-align: justify;\"><span style=\"font-family: arial, helvetica, sans-serif; font-size: 14pt;\">El comisionado estatal para la Protecci\u00f3n contra Riesgos Sanitarios de Sinaloa (Coepriss), Jorge Alan Urbina Vidales, replic\u00f3 la alerta sanitaria emitida a nivel federal por la Secretar\u00eda de Salud, a trav\u00e9s de Cofepris, sobre la comercializaci\u00f3n ilegal de la vacuna contra COVID-19 de la empresa AstraZeneca, S.A. de C.V.<\/span><\/p>\n<p style=\"text-align: justify;\">&nbsp;<\/p>\n<p class=\"x_MsoNormal\" style=\"text-align: justify;\"><span style=\"font-family: arial, helvetica, sans-serif; font-size: 14pt;\">El titular de Coepriss inform\u00f3 que la Comisi\u00f3n Federal para la Protecci\u00f3n contra Riesgos Sanitarios (Cofepris) alerta y pide a la poblaci\u00f3n para que en caso de que le ofrezcan a la venta la vacuna de la empresa AstraZeneca, S.A. de C.V., no deber\u00e1n adquirirla, ya que, por el momento, en M\u00e9xico no est\u00e1 autorizada su venta al sector privado, adem\u00e1s de que AstraZeneca, no reconoce a ning\u00fan intermediario para este fin.<\/span><\/p>\n<p style=\"text-align: justify;\">&nbsp;<\/p>\n<p class=\"x_MsoNormal\" style=\"text-align: justify;\"><span style=\"font-family: arial, helvetica, sans-serif; font-size: 14pt;\">Urbina Vidales precis\u00f3 que AstraZeneca inform\u00f3 que a la fecha no ha firmado convenio con ninguna empresa para que sea intermediaria en la comercializaci\u00f3n de sus vacunas en nuestro pa\u00eds.<\/span><\/p>\n<p style=\"text-align: justify;\">&nbsp;<\/p>\n<p class=\"x_MsoNormal\" style=\"text-align: justify;\"><span style=\"font-family: arial, helvetica, sans-serif; font-size: 14pt;\">\u201cLa aplicaci\u00f3n del biol\u00f3gico es gratuita y solo se aplica de acuerdo a la Pol\u00edtica Nacional de Vacunaci\u00f3n contra el Virus SARSCoV-2, para la prevenci\u00f3n de la COVID-19 en M\u00e9xico\u201d, apunt\u00f3.<\/span><\/p>\n<p style=\"text-align: justify;\">&nbsp;<\/p>\n<p class=\"x_MsoNormal\" style=\"text-align: justify;\"><span style=\"font-family: arial, helvetica, sans-serif; font-size: 14pt;\">El comisionado sostuvo que cualquier vacuna contra COVID-19 a la venta a trav\u00e9s de p\u00e1ginas de internet, redes sociales, v\u00eda telef\u00f3nica, farmacias, hospitales o puntos de venta, constituye un riesgo a la salud por ser de dudosa procedencia.<\/span><\/p>\n<p style=\"text-align: justify;\">&nbsp;<\/p>\n<p class=\"x_MsoNormal\" style=\"text-align: justify;\"><span style=\"font-family: arial, helvetica, sans-serif; font-size: 14pt;\">Alan Urbina subray\u00f3 que si alguien conoce alg\u00fan establecimiento: hospital, consultorio m\u00e9dico, farmacia o cualquier otro punto de venta que ofrezca esta vacuna, realice la denuncia sanitaria en la siguiente p\u00e1gina de internet:&nbsp;<a href=\"https:\/\/www.gob.mx\/cofepris\/acciones-yprogramas\/denuncias-sanitarias\" target=\"_blank\" rel=\"noopener noreferrer\" data-auth=\"NotApplicable\"><\/a><a href=\"https:\/\/www.gob.mx\/cofepris\/acciones-yprogramas\/denuncias-sanitarias\">https:\/\/www.gob.mx\/cofepris\/acciones-yprogramas\/denuncias-sanitarias<\/a>.<\/span><\/p>\n<p style=\"text-align: justify;\">&nbsp;<\/p>\n<p class=\"x_MsoNormal\" style=\"text-align: justify;\"><span style=\"font-family: arial, helvetica, sans-serif; font-size: 14pt;\">Advirti\u00f3 que en caso de que alguien haya comprado la vacuna y \u00e9sta haya sido aplicada, puede hacer el reporte de reacciones adversas o malestares relacionados en los siguientes puntos de contacto: liga electr\u00f3nica \u201c\u00bfTe hizo da\u00f1o un medicamento?\u201d, VigiFlow, eReporting, ubicados en la p\u00e1gina web de la COFEPRIS&nbsp;<a href=\"https:\/\/www.gob.mx\/cofepris\" target=\"_blank\" rel=\"noopener noreferrer\" data-auth=\"NotApplicable\"><\/a><a href=\"https:\/\/www.gob.mx\/cofepris\">https:\/\/www.gob.mx\/cofepris<\/a>&nbsp;o a trav\u00e9s del correo&nbsp;<a href=\"mailto:farmacovigilancia@cofepris.gob.mx\" target=\"_blank\" rel=\"noopener noreferrer\" data-auth=\"NotApplicable\"><\/a><a href=\"mailto:farmacovigilancia@cofepris.gob.mx\">farmacovigilancia@cofepris.gob.mx<\/a><\/span><\/p>\n<p style=\"text-align: justify;\">&nbsp;<\/p>\n<p class=\"x_MsoNormal\" style=\"text-align: justify;\"><span style=\"font-family: arial, helvetica, sans-serif; font-size: 14pt;\">Finalmente, enfatiz\u00f3 que la Coepriss seguir\u00e1 con las acciones de vigilancia para evitar que las empresas o establecimientos incumplan con la legislaci\u00f3n sanitaria vigente y que los productos que sean comercializados en Sinaloa no representen un riesgo a la poblaci\u00f3n.<\/span><\/p>\n<p style=\"text-align: justify;\">&nbsp;<\/p>\n<p class=\"x_MsoNormal\" style=\"text-align: justify;\"><span style=\"font-family: arial, helvetica, sans-serif; font-size: 14pt;\">\u201cSe aplicar\u00e1n medidas de seguridad en establecimientos que los distribuyan o comercialicen, asegurando los medicamentos ilegales, as\u00ed como imponiendo las sanciones administrativas que resulten procedentes por infringir la regulaci\u00f3n sanitaria vigente\u201d, advirti\u00f3.<\/span><\/p>\n<p style=\"text-align: justify;\">&nbsp;<\/p>\n<p style=\"text-align: justify;\">&nbsp;<\/p>\n<p style=\"text-align: justify;\"><span style=\"font-size: 14pt; font-family: arial, helvetica, sans-serif;\">REDACCI\u00d3N\/VISI\u00d3N CIUDADANA.<\/span><\/p>\n","protected":false},"excerpt":{"rendered":"<p>El comisionado estatal para la Protecci\u00f3n contra Riesgos Sanitarios de Sinaloa (Coepriss), Jorge Alan Urbina Vidales, replic\u00f3 la alerta sanitaria emitida a nivel federal por la Secretar\u00eda de Salud, a trav\u00e9s de Cofepris, sobre la comercializaci\u00f3n ilegal de la vacuna contra COVID-19 de la empresa AstraZeneca, S.A. de C.V. &nbsp; El titular de Coepriss inform\u00f3 [&hellip;]<\/p>\n","protected":false},"author":1,"featured_media":6599,"comment_status":"closed","ping_status":"closed","sticky":false,"template":"","format":"standard","meta":{"footnotes":""},"categories":[24],"tags":[],"ppma_author":[31],"class_list":["post-14822","post","type-post","status-publish","format-standard","has-post-thumbnail","hentry","category-relevantes"],"aioseo_notices":[],"authors":[{"term_id":31,"user_id":1,"is_guest":0,"slug":"ivan3vino","display_name":"Iv\u00e1n Trevi\u00f1o","avatar_url":{"url":"https:\/\/visionciudadana.com.mx\/oficial\/wp-content\/uploads\/2025\/09\/columna-ivan-Trevino.png","url2x":"https:\/\/visionciudadana.com.mx\/oficial\/wp-content\/uploads\/2025\/09\/columna-ivan-Trevino.png"},"0":null,"1":"","2":"","3":"","4":"","5":"","6":"","7":"","8":""}],"_links":{"self":[{"href":"https:\/\/visionciudadana.com.mx\/oficial\/wp-json\/wp\/v2\/posts\/14822","targetHints":{"allow":["GET"]}}],"collection":[{"href":"https:\/\/visionciudadana.com.mx\/oficial\/wp-json\/wp\/v2\/posts"}],"about":[{"href":"https:\/\/visionciudadana.com.mx\/oficial\/wp-json\/wp\/v2\/types\/post"}],"author":[{"embeddable":true,"href":"https:\/\/visionciudadana.com.mx\/oficial\/wp-json\/wp\/v2\/users\/1"}],"replies":[{"embeddable":true,"href":"https:\/\/visionciudadana.com.mx\/oficial\/wp-json\/wp\/v2\/comments?post=14822"}],"version-history":[{"count":1,"href":"https:\/\/visionciudadana.com.mx\/oficial\/wp-json\/wp\/v2\/posts\/14822\/revisions"}],"predecessor-version":[{"id":31450,"href":"https:\/\/visionciudadana.com.mx\/oficial\/wp-json\/wp\/v2\/posts\/14822\/revisions\/31450"}],"wp:featuredmedia":[{"embeddable":true,"href":"https:\/\/visionciudadana.com.mx\/oficial\/wp-json\/wp\/v2\/media\/6599"}],"wp:attachment":[{"href":"https:\/\/visionciudadana.com.mx\/oficial\/wp-json\/wp\/v2\/media?parent=14822"}],"wp:term":[{"taxonomy":"category","embeddable":true,"href":"https:\/\/visionciudadana.com.mx\/oficial\/wp-json\/wp\/v2\/categories?post=14822"},{"taxonomy":"post_tag","embeddable":true,"href":"https:\/\/visionciudadana.com.mx\/oficial\/wp-json\/wp\/v2\/tags?post=14822"},{"taxonomy":"author","embeddable":true,"href":"https:\/\/visionciudadana.com.mx\/oficial\/wp-json\/wp\/v2\/ppma_author?post=14822"}],"curies":[{"name":"wp","href":"https:\/\/api.w.org\/{rel}","templated":true}]}}