{"id":14821,"date":"2021-02-05T08:17:50","date_gmt":"2021-02-05T08:17:50","guid":{"rendered":"https:\/\/visionciudadana.com.mx\/prueba\/2021\/02\/05\/ceprevsin-del-sesesp-ofrece-conferencia-virtual-sobre-los-efectos-psiquiatricos-post-covid-19\/"},"modified":"2025-06-25T00:32:32","modified_gmt":"2025-06-25T00:32:32","slug":"ceprevsin-del-sesesp-ofrece-conferencia-virtual-sobre-los-efectos-psiquiatricos-post-covid-19","status":"publish","type":"post","link":"https:\/\/visionciudadana.com.mx\/oficial\/2021\/02\/05\/ceprevsin-del-sesesp-ofrece-conferencia-virtual-sobre-los-efectos-psiquiatricos-post-covid-19\/","title":{"rendered":"CEPREVSIN del SESESP ofrece conferencia virtual sobre los efectos psiqui\u00e1tricos Post-COVID-19"},"content":{"rendered":"<p class=\"x_MsoNormal\" align=\"center\"><b><span lang=\"ES-MX\"><\/span><\/b><\/p>\n<p class=\"x_MsoNormal\" align=\"center\"><b><span lang=\"ES-MX\"><img fetchpriority=\"high\" decoding=\"async\" src=\"images\/Feb21\/garat.PNG\" alt=\"garat\" width=\"392\" height=\"213\" style=\"display: block; margin-left: auto; margin-right: auto;\" \/>&nbsp;<\/span><\/b><\/p>\n<p class=\"x_MsoNormal\" style=\"text-align: justify;\"><span lang=\"ES-MX\" style=\"font-size: 14pt; font-family: arial, helvetica, sans-serif;\">A fin de brindar informaci\u00f3n en materia de prevenci\u00f3n derivado de la contingencia de salud originada por el Coronavirus, el Centro Estatal de Prevenci\u00f3n contra la Violencia y Participaci\u00f3n Ciudadana, que depende del Secretariado Ejecutivo del Sistema Estatal de Seguridad P\u00fablica, realiz\u00f3 conferencia virtual sobre los Efectos Psiqui\u00e1tricos post- COVID19.<\/span><\/p>\n<p style=\"text-align: justify;\">&nbsp;<\/p>\n<p class=\"x_MsoNormal\" style=\"text-align: justify;\"><span lang=\"ES-MX\" style=\"font-size: 14pt; font-family: arial, helvetica, sans-serif;\">Al hacer uso de la voz, la titular del CEPREVSIN, M.C. Paola G\u00e1rate Valenzuela, explic\u00f3 que este tipo de conferencias virtuales se realizan semanalmente como parte de las pol\u00edticas p\u00fablicas de prevenci\u00f3n, dirigidas por el Gobernador Quirino Ordaz Coppel y el Secretariado Ejecutivo del Sistema Estatal de Seguridad P\u00fablica (SESESP) que preside el Ing. Renato Ocampo Alc\u00e1ntar.<\/span><\/p>\n<p style=\"text-align: justify;\">&nbsp;<\/p>\n<p class=\"x_MsoNormal\" style=\"text-align: justify;\"><span lang=\"ES-MX\" style=\"font-size: 14pt; font-family: arial, helvetica, sans-serif;\">G\u00e1rate Valenzuela, se\u00f1al\u00f3 que las personas que est\u00e1n en aislamiento social, con movilidad restringida y poco contacto con los dem\u00e1s son m\u00e1s vulnerables a presentar complicaciones psiqui\u00e1tricas, por ello invit\u00f3 al Director del Hospital Psiqui\u00e1trico de Sinaloa hablar sobre este interesante tema.<\/span><\/p>\n<p class=\"x_MsoNormal\" style=\"text-align: justify;\"><span lang=\"ES-MX\" style=\"font-size: 14pt; font-family: arial, helvetica, sans-serif;\"><\/span><\/p>\n<p class=\"x_MsoNormal\" style=\"text-align: justify;\"><span style=\"font-size: 14pt; font-family: arial, helvetica, sans-serif;\"><span lang=\"ES-MX\">El ponente, Dr. Omar S\u00e1nchez, coment\u00f3 que un buen porcentaje de los ciudadanos han presentado diversos trastornos o s\u00edntomas aislados hasta el desarrollo de un trastorno mental como puede ser insomnio, ansiedad, depresi\u00f3n y trastorno por estr\u00e9s postraum\u00e1tico.&nbsp; \u00ab<\/span><span lang=\"ES-MX\">&nbsp;Ya en el contexto, las personas sometidas al estr\u00e9s del brote pueden presentar angustia marcada y un deterioro significativo en el funcionamiento social u ocupacional, configurando trastornos de la adaptaci\u00f3n y en caso de persistir con \u00e1nimo triste se puede presentar un trastorno depresivo mayor\u201d inform\u00f3 el Director del Hospital Psiqui\u00e1trico.<\/span><\/span><\/p>\n<p style=\"text-align: justify;\">&nbsp;<\/p>\n<p class=\"x_MsoNormal\" style=\"text-align: justify;\"><span lang=\"ES-MX\" style=\"font-size: 14pt; font-family: arial, helvetica, sans-serif;\">En esta oportunidad, el Dr. S\u00e1nchez, proporcion\u00f3 algunos consejos, como en lo posible continuar con las rutinas habituales. Mantenerse ocupado y concentrarse en las actividades diarias. Distribuir el tiempo para comer, hacer ejercicio y descansar. \u201cPrestar atenci\u00f3n a la informaci\u00f3n sobre c\u00f3mo permanecer saludable y seguro. Tratar de hablar con alguien sobre sus sentimientos si se tiene miedo o si se est\u00e1 preocupado\u201d. En el caso de los menores considere la respuesta de los ni\u00f1os: Expresar sentimientos en conjunto como familia y explicar que las personas se pueden sentir preocupadas, lo cual es normal cuando se vive una situaci\u00f3n estresante.&nbsp;<\/span><\/p>\n<p style=\"text-align: justify;\">&nbsp;<\/p>\n<p class=\"x_MsoNormal\" style=\"text-align: justify;\"><span lang=\"ES-MX\" style=\"font-size: 14pt; font-family: arial, helvetica, sans-serif;\">Recomend\u00f3 acudir siempre con profesionales de la salud para recibir la atenci\u00f3n adecuada en cada caso que se presente y de ser necesario realizar una cita en el Hospital Psiqui\u00e1trico de Sinaloa llamar al tel\u00e9fono 667 754 1510\u201d.&nbsp; Concluy\u00f3.<\/span><\/p>\n<p style=\"text-align: justify;\">&nbsp;<\/p>\n<p class=\"x_MsoNormal\" style=\"text-align: justify;\"><span lang=\"ES-MX\" style=\"font-size: 14pt; font-family: arial, helvetica, sans-serif;\">Cabe destacar que estas conferencias mensuales de CEPREVSIN se efect\u00faan en consonancia con las indicaciones de las autoridades sanitarias, siguiendo con todos los protocolos, y pueden ser visualizadas a trav\u00e9s de Facebook Live.<\/span><\/p>\n<p style=\"text-align: justify;\">&nbsp;<\/p>\n<p style=\"text-align: justify;\"><span style=\"font-size: 14pt; font-family: arial, helvetica, sans-serif;\">REDACCI\u00d3N\/VISI\u00d3N CIUDADANA.<\/span><\/p>\n","protected":false},"excerpt":{"rendered":"<p>&nbsp; A fin de brindar informaci\u00f3n en materia de prevenci\u00f3n derivado de la contingencia de salud originada por el Coronavirus, el Centro Estatal de Prevenci\u00f3n contra la Violencia y Participaci\u00f3n Ciudadana, que depende del Secretariado Ejecutivo del Sistema Estatal de Seguridad P\u00fablica, realiz\u00f3 conferencia virtual sobre los Efectos Psiqui\u00e1tricos post- COVID19. &nbsp; Al hacer uso [&hellip;]<\/p>\n","protected":false},"author":1,"featured_media":6597,"comment_status":"closed","ping_status":"closed","sticky":false,"template":"","format":"standard","meta":{"footnotes":""},"categories":[24],"tags":[],"ppma_author":[31],"class_list":["post-14821","post","type-post","status-publish","format-standard","has-post-thumbnail","hentry","category-relevantes"],"aioseo_notices":[],"authors":[{"term_id":31,"user_id":1,"is_guest":0,"slug":"ivan3vino","display_name":"Iv\u00e1n Trevi\u00f1o","avatar_url":{"url":"https:\/\/visionciudadana.com.mx\/oficial\/wp-content\/uploads\/2025\/09\/columna-ivan-Trevino.png","url2x":"https:\/\/visionciudadana.com.mx\/oficial\/wp-content\/uploads\/2025\/09\/columna-ivan-Trevino.png"},"0":null,"1":"","2":"","3":"","4":"","5":"","6":"","7":"","8":""}],"_links":{"self":[{"href":"https:\/\/visionciudadana.com.mx\/oficial\/wp-json\/wp\/v2\/posts\/14821","targetHints":{"allow":["GET"]}}],"collection":[{"href":"https:\/\/visionciudadana.com.mx\/oficial\/wp-json\/wp\/v2\/posts"}],"about":[{"href":"https:\/\/visionciudadana.com.mx\/oficial\/wp-json\/wp\/v2\/types\/post"}],"author":[{"embeddable":true,"href":"https:\/\/visionciudadana.com.mx\/oficial\/wp-json\/wp\/v2\/users\/1"}],"replies":[{"embeddable":true,"href":"https:\/\/visionciudadana.com.mx\/oficial\/wp-json\/wp\/v2\/comments?post=14821"}],"version-history":[{"count":1,"href":"https:\/\/visionciudadana.com.mx\/oficial\/wp-json\/wp\/v2\/posts\/14821\/revisions"}],"predecessor-version":[{"id":31451,"href":"https:\/\/visionciudadana.com.mx\/oficial\/wp-json\/wp\/v2\/posts\/14821\/revisions\/31451"}],"wp:featuredmedia":[{"embeddable":true,"href":"https:\/\/visionciudadana.com.mx\/oficial\/wp-json\/wp\/v2\/media\/6597"}],"wp:attachment":[{"href":"https:\/\/visionciudadana.com.mx\/oficial\/wp-json\/wp\/v2\/media?parent=14821"}],"wp:term":[{"taxonomy":"category","embeddable":true,"href":"https:\/\/visionciudadana.com.mx\/oficial\/wp-json\/wp\/v2\/categories?post=14821"},{"taxonomy":"post_tag","embeddable":true,"href":"https:\/\/visionciudadana.com.mx\/oficial\/wp-json\/wp\/v2\/tags?post=14821"},{"taxonomy":"author","embeddable":true,"href":"https:\/\/visionciudadana.com.mx\/oficial\/wp-json\/wp\/v2\/ppma_author?post=14821"}],"curies":[{"name":"wp","href":"https:\/\/api.w.org\/{rel}","templated":true}]}}