{"id":14819,"date":"2021-02-05T07:23:11","date_gmt":"2021-02-05T07:23:11","guid":{"rendered":"https:\/\/visionciudadana.com.mx\/prueba\/2021\/02\/05\/reitera-especialista-la-importancia-de-la-prevencion-en-la-lucha-contra-el-cancer\/"},"modified":"2025-06-25T00:32:32","modified_gmt":"2025-06-25T00:32:32","slug":"reitera-especialista-la-importancia-de-la-prevencion-en-la-lucha-contra-el-cancer","status":"publish","type":"post","link":"https:\/\/visionciudadana.com.mx\/oficial\/2021\/02\/05\/reitera-especialista-la-importancia-de-la-prevencion-en-la-lucha-contra-el-cancer\/","title":{"rendered":"Reitera especialista la importancia de la prevenci\u00f3n en la lucha contra el c\u00e1ncer"},"content":{"rendered":"<p style=\"text-align: justify;\"><img fetchpriority=\"high\" decoding=\"async\" src=\"images\/Feb21\/reitera_especPNG.PNG\" alt=\"reitera especPNG\" width=\"306\" height=\"178\" style=\"display: block; margin-left: auto; margin-right: auto;\" \/><\/p>\n<p class=\"x_MsoNormal\" style=\"text-align: justify;\"><span style=\"font-size: 14pt; font-family: arial, helvetica, sans-serif;\">Actualmente el problema de c\u00e1ncer que prevalece en las mujeres es el de mama, mientras que en el hombre ha repuntado el c\u00e1ncer de pr\u00f3stata, adem\u00e1s del incremento en lo que es el c\u00e1ncer de pulm\u00f3n y colon, por lo que el apego a la detecci\u00f3n oportuna es lo elemental para conservar la vida, indic\u00f3 el gineco onc\u00f3logo de la Universidad Aut\u00f3noma de Sinaloa (UAS), Antonio Vela Olivo.<\/span><\/p>\n<p style=\"text-align: justify;\">&nbsp;<\/p>\n<p class=\"x_MsoNormal\" style=\"text-align: justify;\"><span style=\"font-size: 14pt; font-family: arial, helvetica, sans-serif;\">El especialista del Centro de Investigaci\u00f3n y Docencia en Ciencias de la Salud (CIDOCS) de la UAS se\u00f1al\u00f3 que es de suma importancia d\u00edas como el 4 de febrero, cuando se conmemora la lucha contra el c\u00e1ncer, ya que el objetivo es aumentar la concientizaci\u00f3n y movilidad de la sociedad para avanzar en la prevenci\u00f3n y control de esta enfermedad, dado que mientras m\u00e1s temprano se detecte un problema, ser\u00e1 m\u00e1s sencillo resolverlo, y lo m\u00e1s importante, es que tendr\u00e1 \u00e9xito el tratamiento.<\/span><\/p>\n<p style=\"text-align: justify;\">&nbsp;<\/p>\n<p class=\"x_MsoNormal\" style=\"text-align: justify;\"><span style=\"font-size: 14pt; font-family: arial, helvetica, sans-serif;\">\u201cEl c\u00e1ncer en s\u00ed es una enfermedad que nace a partir de un crecimiento celular anormal. Nuestros cuerpo para fines pr\u00e1cticos tiene genes que nos van a proteger, que nos van a defender ante est\u00edmulos que pueden ser como: el tabaco, el alcohol, pero en algunas ocasiones en nuestro cuerpo ese genecito que se llama P53, est\u00e1 alterando esas c\u00e9lulas, que la ten\u00eda que haber destruido o reparado, pues pierde su capacidad, y al perder su capacidad esa c\u00e9lula va a seguir su crecimiento, y es lo que poco a poquito, al pasar de los meses, al pasar de los a\u00f1os va a desarrollar un tumor\u201d, expuso.<\/span><\/p>\n<p style=\"text-align: justify;\">&nbsp;<\/p>\n<p class=\"x_MsoNormal\" style=\"text-align: justify;\"><span style=\"font-size: 14pt; font-family: arial, helvetica, sans-serif;\">Vela Olivo mencion\u00f3 que existen muchos tipos de c\u00e1ncer que puede desarrollar una persona debido a causas m\u00faltiples, por lo que, en muchos casos, los factores de riesgo no pueden modificarse, pero alrededor de un tercio de los casos de c\u00e1ncer pueden evitarse reduciendo los factores de riesgo principales.<\/span><\/p>\n<p style=\"text-align: justify;\">&nbsp;<\/p>\n<p class=\"x_MsoNormal\" style=\"text-align: justify;\"><span style=\"font-size: 14pt; font-family: arial, helvetica, sans-serif;\">\u201cTodos conocemos por ejemplo que con el c\u00e1ncer de pulm\u00f3n la disminuci\u00f3n, o mejor el no fumar va a ser el principal factor preventivo, pero en forma general lo que se considera que debemos tratar de llevar una vida saludable, el hacer ejercicio, el tratar de comer lo m\u00e1s sano posible, disminuir la ingesta del alcohol, son cosas que son bien importantes, porque realmente hoy en d\u00eda hay estudios en los cuales se liga el tema de sobrepeso, obesidad, con la incidencia, con la presencia de un c\u00e1ncer. Yo siempre les digo a mis pacientes que normalmente lo asociamos con el tema de que subes de peso, no estoy comiendo bien, puedo tener diabetes, hipertensi\u00f3n, pero desafortunadamente hay un enemigo silencioso que puede ser el c\u00e1ncer por esa alteraci\u00f3n en nuestros estilos de vida\u201d, detall\u00f3.<\/span><\/p>\n<p style=\"text-align: justify;\">&nbsp;<\/p>\n<p class=\"x_MsoNormal\" style=\"text-align: justify;\"><span style=\"font-size: 14pt; font-family: arial, helvetica, sans-serif;\">El especialista en c\u00e1ncer expuso que existen muchos tipos de c\u00e1nceres y los s\u00edntomas var\u00edan de una persona a otra, aunque dijo que algunos s\u00edntomas son muy significativos a los que hay que prestar atenci\u00f3n.<\/span><\/p>\n<p style=\"text-align: justify;\">&nbsp;<\/p>\n<p class=\"x_MsoNormal\" style=\"text-align: justify;\"><span style=\"font-size: 14pt; font-family: arial, helvetica, sans-serif;\">\u201cIgual va a depender del \u00f3rgano en particular el s\u00edntoma que va a predominar, normalmente en la mama es la presencia de ese n\u00f3dulo, ese tumorcito que se palpa siempre, cuando hablamos de c\u00e1ncer de pulm\u00f3n esa tos que no se quita con tratamiento, que puede ir acompa\u00f1ada con expectoraci\u00f3n con sangre tambi\u00e9n puede ser otro s\u00edntoma, la falta de apetito, el cansancio, dolor de huesos, en caso de un c\u00e1ncer ginecol\u00f3gico tambi\u00e9n el tema del sangrado transvaginal, sobre todo en aquellas pacientes que ya dejaron de reglar\u201d, concluy\u00f3.<\/span><\/p>\n<p style=\"text-align: justify;\">&nbsp;<\/p>\n<p style=\"text-align: justify;\"><span style=\"font-size: 14pt; font-family: arial, helvetica, sans-serif;\">REDACCI\u00d3N\/VISI\u00d3N CIUDADANA.<\/span><\/p>\n","protected":false},"excerpt":{"rendered":"<p>Actualmente el problema de c\u00e1ncer que prevalece en las mujeres es el de mama, mientras que en el hombre ha repuntado el c\u00e1ncer de pr\u00f3stata, adem\u00e1s del incremento en lo que es el c\u00e1ncer de pulm\u00f3n y colon, por lo que el apego a la detecci\u00f3n oportuna es lo elemental para conservar la vida, indic\u00f3 [&hellip;]<\/p>\n","protected":false},"author":1,"featured_media":6593,"comment_status":"closed","ping_status":"closed","sticky":false,"template":"","format":"standard","meta":{"footnotes":""},"categories":[13],"tags":[],"ppma_author":[31],"class_list":["post-14819","post","type-post","status-publish","format-standard","has-post-thumbnail","hentry","category-locales"],"aioseo_notices":[],"authors":[{"term_id":31,"user_id":1,"is_guest":0,"slug":"ivan3vino","display_name":"Iv\u00e1n Trevi\u00f1o","avatar_url":{"url":"https:\/\/visionciudadana.com.mx\/oficial\/wp-content\/uploads\/2025\/09\/columna-ivan-Trevino.png","url2x":"https:\/\/visionciudadana.com.mx\/oficial\/wp-content\/uploads\/2025\/09\/columna-ivan-Trevino.png"},"0":null,"1":"","2":"","3":"","4":"","5":"","6":"","7":"","8":""}],"_links":{"self":[{"href":"https:\/\/visionciudadana.com.mx\/oficial\/wp-json\/wp\/v2\/posts\/14819","targetHints":{"allow":["GET"]}}],"collection":[{"href":"https:\/\/visionciudadana.com.mx\/oficial\/wp-json\/wp\/v2\/posts"}],"about":[{"href":"https:\/\/visionciudadana.com.mx\/oficial\/wp-json\/wp\/v2\/types\/post"}],"author":[{"embeddable":true,"href":"https:\/\/visionciudadana.com.mx\/oficial\/wp-json\/wp\/v2\/users\/1"}],"replies":[{"embeddable":true,"href":"https:\/\/visionciudadana.com.mx\/oficial\/wp-json\/wp\/v2\/comments?post=14819"}],"version-history":[{"count":1,"href":"https:\/\/visionciudadana.com.mx\/oficial\/wp-json\/wp\/v2\/posts\/14819\/revisions"}],"predecessor-version":[{"id":31453,"href":"https:\/\/visionciudadana.com.mx\/oficial\/wp-json\/wp\/v2\/posts\/14819\/revisions\/31453"}],"wp:featuredmedia":[{"embeddable":true,"href":"https:\/\/visionciudadana.com.mx\/oficial\/wp-json\/wp\/v2\/media\/6593"}],"wp:attachment":[{"href":"https:\/\/visionciudadana.com.mx\/oficial\/wp-json\/wp\/v2\/media?parent=14819"}],"wp:term":[{"taxonomy":"category","embeddable":true,"href":"https:\/\/visionciudadana.com.mx\/oficial\/wp-json\/wp\/v2\/categories?post=14819"},{"taxonomy":"post_tag","embeddable":true,"href":"https:\/\/visionciudadana.com.mx\/oficial\/wp-json\/wp\/v2\/tags?post=14819"},{"taxonomy":"author","embeddable":true,"href":"https:\/\/visionciudadana.com.mx\/oficial\/wp-json\/wp\/v2\/ppma_author?post=14819"}],"curies":[{"name":"wp","href":"https:\/\/api.w.org\/{rel}","templated":true}]}}