{"id":14810,"date":"2021-01-29T04:26:06","date_gmt":"2021-01-29T04:26:06","guid":{"rendered":"https:\/\/visionciudadana.com.mx\/prueba\/2021\/01\/29\/alcalde-y-stasac-aprueban-40-nuevas-plazas-a-trabajadores-eventuales-y-de-confianza\/"},"modified":"2025-06-25T00:32:32","modified_gmt":"2025-06-25T00:32:32","slug":"alcalde-y-stasac-aprueban-40-nuevas-plazas-a-trabajadores-eventuales-y-de-confianza","status":"publish","type":"post","link":"https:\/\/visionciudadana.com.mx\/oficial\/2021\/01\/29\/alcalde-y-stasac-aprueban-40-nuevas-plazas-a-trabajadores-eventuales-y-de-confianza\/","title":{"rendered":"Alcalde y STASAC aprueban 40 nuevas plazas a trabajadores eventuales y de confianza"},"content":{"rendered":"<p style=\"text-align: justify;\"><img fetchpriority=\"high\" decoding=\"async\" src=\"images\/Enero2021\/alcalde_y_stasac.jpg\" alt=\"alcalde y stasac\" width=\"780\" height=\"420\" style=\"display: block; margin-left: auto; margin-right: auto;\" \/><\/p>\n<p class=\"x_MsoNormal\" style=\"text-align: justify;\"><span style=\"font-size: 14pt; font-family: arial, helvetica, sans-serif;\"><b><span lang=\"ES\"><\/span><\/b><span lang=\"ES\">Mejorar las condiciones laborales ha sido una prioridad para el alcalde Lic. Jes\u00fas Estrada Ferreiro desde el inicio de su administraci\u00f3n, muestra de ello es la reciente aprobaci\u00f3n de 40 nuevas bases laborales al Sindicato de Trabajadores al Servicio del Ayuntamiento de Culiac\u00e1n, (STASAC).<\/span><\/span><\/p>\n<p style=\"text-align: justify;\">&nbsp;<\/p>\n<p class=\"x_MsoNormal\" style=\"text-align: justify;\"><span lang=\"ES\" style=\"font-size: 14pt; font-family: arial, helvetica, sans-serif;\">El primer edil resalt\u00f3 que para ello se hizo un esfuerzo extraordinario, pues la administraci\u00f3n que encabeza accedi\u00f3 en conjunto con el STASAC a evaluar y valorar las propuestas de los hombres y mujeres que sirven al municipio a trav\u00e9s de sus labores.<\/span><\/p>\n<p style=\"text-align: justify;\">&nbsp;<\/p>\n<p class=\"x_MsoNormal\" style=\"text-align: justify;\"><span lang=\"ES\" style=\"font-size: 14pt; font-family: arial, helvetica, sans-serif;\">\u201cLes inform\u00f3 que se est\u00e1n entregando 40 plazas a 40 trabajadores eventuales y de confianza que no contaban con este beneficio, de las 80 pactadas con STASAC, felicit\u00e1ndolos de esta forma porque esto se reflejar\u00e1 en las prestaciones que tienen ganadas\u201d, precis\u00f3 el mun\u00edcipe.<\/span><\/p>\n<p style=\"text-align: justify;\">&nbsp;<\/p>\n<p class=\"x_MsoNormal\" style=\"text-align: justify;\"><span lang=\"ES\" style=\"font-size: 14pt; font-family: arial, helvetica, sans-serif;\">Como parte de este esfuerzo que se ha realizado a lo largo de estos dos a\u00f1os al frente del Gobierno de Culiac\u00e1n, el presidente municipal precis\u00f3 que m\u00e1s de mil trabajadores eventuales han recibido aumentos salariales.<\/span><\/p>\n<p style=\"text-align: justify;\">&nbsp;<\/p>\n<p class=\"x_MsoNormal\" style=\"text-align: justify;\"><span lang=\"ES\" style=\"font-size: 14pt; font-family: arial, helvetica, sans-serif;\">Respecto al incremento de los empleados sindicalizados, Estrada Ferreiro afirm\u00f3 que la propuesta fue escalonada, un aumento del 6 por ciento para el personal que gana m\u00e1s de 8 mil pesos al mes, 8 y 10 mil pesos un 5 por ciento, y para quienes perciben 30 o 40 mil pesos, el aumento quedar\u00e1 en 2 por ciento.<\/span><\/p>\n<p style=\"text-align: justify;\">&nbsp;<\/p>\n<p class=\"x_MsoNormal\" style=\"text-align: justify;\"><span lang=\"ES\" style=\"font-size: 14pt; font-family: arial, helvetica, sans-serif;\">Por su parte, Julio Duarte Apan secretario General de STASAC, destac\u00f3 que se dio un paso muy importante con la aprobaci\u00f3n de estas 40 plazas acordadas junto al alcalde Lic. Jes\u00fas Estrada Ferreiro.<\/span><\/p>\n<p style=\"text-align: justify;\">&nbsp;<\/p>\n<p class=\"x_MsoNormal\" style=\"text-align: justify;\"><span lang=\"ES\" style=\"font-size: 14pt; font-family: arial, helvetica, sans-serif;\">Los beneficiados pertenecen a las \u00e1reas de Parques y Jardines, Aseo y Limpia, Egresos, Implan, Catastro, Sindicaturas, COMUN, y administrativa.<\/span><\/p>\n<p style=\"text-align: justify;\">&nbsp;<\/p>\n<p style=\"text-align: justify;\"><span style=\"font-size: 14pt; font-family: arial, helvetica, sans-serif;\">REDACCI\u00d3N\/VISI\u00d3N CIUDADANA.<\/span><\/p>\n","protected":false},"excerpt":{"rendered":"<p>Mejorar las condiciones laborales ha sido una prioridad para el alcalde Lic. Jes\u00fas Estrada Ferreiro desde el inicio de su administraci\u00f3n, muestra de ello es la reciente aprobaci\u00f3n de 40 nuevas bases laborales al Sindicato de Trabajadores al Servicio del Ayuntamiento de Culiac\u00e1n, (STASAC). &nbsp; El primer edil resalt\u00f3 que para ello se hizo un [&hellip;]<\/p>\n","protected":false},"author":1,"featured_media":6583,"comment_status":"closed","ping_status":"closed","sticky":false,"template":"","format":"standard","meta":{"footnotes":""},"categories":[24],"tags":[],"ppma_author":[31],"class_list":["post-14810","post","type-post","status-publish","format-standard","has-post-thumbnail","hentry","category-relevantes"],"aioseo_notices":[],"authors":[{"term_id":31,"user_id":1,"is_guest":0,"slug":"ivan3vino","display_name":"Iv\u00e1n Trevi\u00f1o","avatar_url":{"url":"https:\/\/visionciudadana.com.mx\/oficial\/wp-content\/uploads\/2025\/09\/columna-ivan-Trevino.png","url2x":"https:\/\/visionciudadana.com.mx\/oficial\/wp-content\/uploads\/2025\/09\/columna-ivan-Trevino.png"},"0":null,"1":"","2":"","3":"","4":"","5":"","6":"","7":"","8":""}],"_links":{"self":[{"href":"https:\/\/visionciudadana.com.mx\/oficial\/wp-json\/wp\/v2\/posts\/14810","targetHints":{"allow":["GET"]}}],"collection":[{"href":"https:\/\/visionciudadana.com.mx\/oficial\/wp-json\/wp\/v2\/posts"}],"about":[{"href":"https:\/\/visionciudadana.com.mx\/oficial\/wp-json\/wp\/v2\/types\/post"}],"author":[{"embeddable":true,"href":"https:\/\/visionciudadana.com.mx\/oficial\/wp-json\/wp\/v2\/users\/1"}],"replies":[{"embeddable":true,"href":"https:\/\/visionciudadana.com.mx\/oficial\/wp-json\/wp\/v2\/comments?post=14810"}],"version-history":[{"count":1,"href":"https:\/\/visionciudadana.com.mx\/oficial\/wp-json\/wp\/v2\/posts\/14810\/revisions"}],"predecessor-version":[{"id":31454,"href":"https:\/\/visionciudadana.com.mx\/oficial\/wp-json\/wp\/v2\/posts\/14810\/revisions\/31454"}],"wp:featuredmedia":[{"embeddable":true,"href":"https:\/\/visionciudadana.com.mx\/oficial\/wp-json\/wp\/v2\/posts\/6583"}],"wp:attachment":[{"href":"https:\/\/visionciudadana.com.mx\/oficial\/wp-json\/wp\/v2\/media?parent=14810"}],"wp:term":[{"taxonomy":"category","embeddable":true,"href":"https:\/\/visionciudadana.com.mx\/oficial\/wp-json\/wp\/v2\/categories?post=14810"},{"taxonomy":"post_tag","embeddable":true,"href":"https:\/\/visionciudadana.com.mx\/oficial\/wp-json\/wp\/v2\/tags?post=14810"},{"taxonomy":"author","embeddable":true,"href":"https:\/\/visionciudadana.com.mx\/oficial\/wp-json\/wp\/v2\/ppma_author?post=14810"}],"curies":[{"name":"wp","href":"https:\/\/api.w.org\/{rel}","templated":true}]}}