{"id":14807,"date":"2021-01-29T03:25:25","date_gmt":"2021-01-29T03:25:25","guid":{"rendered":"https:\/\/visionciudadana.com.mx\/prueba\/2021\/01\/29\/las-mentiras-de-morena-le-hacen-mucho-dano-al-pais-mario-zamora\/"},"modified":"2025-06-25T00:32:33","modified_gmt":"2025-06-25T00:32:33","slug":"las-mentiras-de-morena-le-hacen-mucho-dano-al-pais-mario-zamora","status":"publish","type":"post","link":"https:\/\/visionciudadana.com.mx\/oficial\/2021\/01\/29\/las-mentiras-de-morena-le-hacen-mucho-dano-al-pais-mario-zamora\/","title":{"rendered":"Las mentiras de Morena le hacen mucho da\u00f1o al pa\u00eds: Mario Zamora"},"content":{"rendered":"<p style=\"text-align: justify;\"><img fetchpriority=\"high\" decoding=\"async\" src=\"images\/Enero2021\/mentira_de_morena.PNG\" alt=\"mentira de morena\" width=\"351\" height=\"207\" style=\"display: block; margin-left: auto; margin-right: auto;\" \/><\/p>\n<p class=\"x_MsoNormal\" style=\"text-align: justify;\"><span style=\"font-size: 14pt; font-family: arial, helvetica, sans-serif;\">En el tercer d\u00eda consecutivo de encuentros con la militancia, Mario Zamora Gast\u00e9lum, precandidato a gobernador de Sinaloa, advirti\u00f3 que quienes le hacen da\u00f1o al pa\u00eds han puesto de moda la mentira, como son los de Morena y su forma de hacer pol\u00edtica, a quienes dijo, \u201chasta aqu\u00ed lleg\u00f3 eso\u201d.<\/span><\/p>\n<p style=\"text-align: justify;\">&nbsp;<\/p>\n<p class=\"x_MsoNormal\" style=\"text-align: justify;\"><span style=\"font-size: 14pt; font-family: arial, helvetica, sans-serif;\">Mario Zamora arrib\u00f3 a San Ignacio para sostener un entusiasta encuentro con militantes del PRI, PRD y PAN, partidos que conforman la Alianza \u201cVa por Sinaloa\u201d, tal como un d\u00eda antes lo hizo en Navolato, Mocorito, Salvador Alvarado, Angostura, Sinaloa y Guasave.<\/span><\/p>\n<p style=\"text-align: justify;\">&nbsp;<\/p>\n<p class=\"x_MsoNormal\" style=\"text-align: justify;\"><span style=\"font-size: 14pt; font-family: arial, helvetica, sans-serif;\">Previo a este encuentro, se reuni\u00f3 en Culiac\u00e1n con Mario V\u00e1zquez, delegado nacional en funciones de Presidente del PRD en Sinaloa e Isa\u00edas Villa, representante del presidente del PRD nacional.<\/span><\/p>\n<p style=\"text-align: justify;\">&nbsp;<\/p>\n<p class=\"x_MsoNormal\" style=\"text-align: justify;\"><span style=\"font-size: 14pt; font-family: arial, helvetica, sans-serif;\">\u201cHace apenas unos meses, habr\u00eda sido imposible pensar que ir\u00edamos juntos a una elecci\u00f3n y que llevar\u00edamos a un candidato en com\u00fan\u201d, dijo Mario Zamora en San Ignacio al agradecer el honor de encabezar este proyecto que, refrend\u00f3, es incluyente, con visi\u00f3n de gobierno y fundamentalmente buscar\u00e1 que Sinaloa mantenga una ruta de crecimiento y desarrollo.<\/span><\/p>\n<p style=\"text-align: justify;\">&nbsp;<\/p>\n<p class=\"x_MsoNormal\" style=\"text-align: justify;\"><span style=\"font-size: 14pt; font-family: arial, helvetica, sans-serif;\">\u201cHay que decir la verdad, porque hoy est\u00e1 de moda echar mentiras&nbsp; y durante mucho tiempo la gente que trabaja, la gente bien, cuando alguien dec\u00eda una mentira la dejaba pasar porque uno andaba ocupado, y eso nos hizo mucho da\u00f1o. Y no lo supimos decir y no lo supimos defender, yo que les digo, hasta aqu\u00ed lleg\u00f3 eso\u201d, afirm\u00f3 el precandidato a gobernador.<\/span><\/p>\n<p style=\"text-align: justify;\">&nbsp;<\/p>\n<p style=\"text-align: justify;\"><span style=\"font-size: 14pt; font-family: arial, helvetica, sans-serif;\">REDACCI\u00d3N\/VISI\u00d3N CIUDADANA.<\/span><\/p>\n","protected":false},"excerpt":{"rendered":"<p>En el tercer d\u00eda consecutivo de encuentros con la militancia, Mario Zamora Gast\u00e9lum, precandidato a gobernador de Sinaloa, advirti\u00f3 que quienes le hacen da\u00f1o al pa\u00eds han puesto de moda la mentira, como son los de Morena y su forma de hacer pol\u00edtica, a quienes dijo, \u201chasta aqu\u00ed lleg\u00f3 eso\u201d. &nbsp; Mario Zamora arrib\u00f3 a [&hellip;]<\/p>\n","protected":false},"author":1,"featured_media":6577,"comment_status":"closed","ping_status":"closed","sticky":false,"template":"","format":"standard","meta":{"footnotes":""},"categories":[24],"tags":[],"ppma_author":[31],"class_list":["post-14807","post","type-post","status-publish","format-standard","has-post-thumbnail","hentry","category-relevantes"],"aioseo_notices":[],"authors":[{"term_id":31,"user_id":1,"is_guest":0,"slug":"ivan3vino","display_name":"Iv\u00e1n Trevi\u00f1o","avatar_url":{"url":"https:\/\/visionciudadana.com.mx\/oficial\/wp-content\/uploads\/2025\/09\/columna-ivan-Trevino.png","url2x":"https:\/\/visionciudadana.com.mx\/oficial\/wp-content\/uploads\/2025\/09\/columna-ivan-Trevino.png"},"0":null,"1":"","2":"","3":"","4":"","5":"","6":"","7":"","8":""}],"_links":{"self":[{"href":"https:\/\/visionciudadana.com.mx\/oficial\/wp-json\/wp\/v2\/posts\/14807","targetHints":{"allow":["GET"]}}],"collection":[{"href":"https:\/\/visionciudadana.com.mx\/oficial\/wp-json\/wp\/v2\/posts"}],"about":[{"href":"https:\/\/visionciudadana.com.mx\/oficial\/wp-json\/wp\/v2\/types\/post"}],"author":[{"embeddable":true,"href":"https:\/\/visionciudadana.com.mx\/oficial\/wp-json\/wp\/v2\/users\/1"}],"replies":[{"embeddable":true,"href":"https:\/\/visionciudadana.com.mx\/oficial\/wp-json\/wp\/v2\/comments?post=14807"}],"version-history":[{"count":1,"href":"https:\/\/visionciudadana.com.mx\/oficial\/wp-json\/wp\/v2\/posts\/14807\/revisions"}],"predecessor-version":[{"id":31457,"href":"https:\/\/visionciudadana.com.mx\/oficial\/wp-json\/wp\/v2\/posts\/14807\/revisions\/31457"}],"wp:featuredmedia":[{"embeddable":true,"href":"https:\/\/visionciudadana.com.mx\/oficial\/wp-json\/wp\/v2\/posts\/6577"}],"wp:attachment":[{"href":"https:\/\/visionciudadana.com.mx\/oficial\/wp-json\/wp\/v2\/media?parent=14807"}],"wp:term":[{"taxonomy":"category","embeddable":true,"href":"https:\/\/visionciudadana.com.mx\/oficial\/wp-json\/wp\/v2\/categories?post=14807"},{"taxonomy":"post_tag","embeddable":true,"href":"https:\/\/visionciudadana.com.mx\/oficial\/wp-json\/wp\/v2\/tags?post=14807"},{"taxonomy":"author","embeddable":true,"href":"https:\/\/visionciudadana.com.mx\/oficial\/wp-json\/wp\/v2\/ppma_author?post=14807"}],"curies":[{"name":"wp","href":"https:\/\/api.w.org\/{rel}","templated":true}]}}