{"id":14804,"date":"2021-01-29T02:45:14","date_gmt":"2021-01-29T02:45:14","guid":{"rendered":"https:\/\/visionciudadana.com.mx\/prueba\/2021\/01\/29\/aprueba-congreso-del-estado-iniciativa-del-pas-en-materia-de-proteccion-de-derechos-de-los-animales\/"},"modified":"2025-06-25T00:32:33","modified_gmt":"2025-06-25T00:32:33","slug":"aprueba-congreso-del-estado-iniciativa-del-pas-en-materia-de-proteccion-de-derechos-de-los-animales","status":"publish","type":"post","link":"https:\/\/visionciudadana.com.mx\/oficial\/2021\/01\/29\/aprueba-congreso-del-estado-iniciativa-del-pas-en-materia-de-proteccion-de-derechos-de-los-animales\/","title":{"rendered":"Aprueba congreso del Estado iniciativa del PAS en materia de protecci\u00f3n de derechos de los animales"},"content":{"rendered":"<p style=\"text-align: justify;\"><img decoding=\"async\" src=\"images\/Enero2021\/diaz_de_cue.PNG\" alt=\"diaz de cue\" style=\"display: block; margin-left: auto; margin-right: auto;\" \/><\/p>\n<p><span style=\"font-size: 14pt; font-family: arial, helvetica, sans-serif;\">El dictamen de reforma a la Ley de Protecci\u00f3n a los Animales, es la suma de m\u00faltiples propuestas de los Diputados de la Sexag\u00e9sima Tercera Legislatura y la incorporaci\u00f3n de aportaciones de&nbsp; asociaciones y activistas en favor de los derechos de los animales, se\u00f1al\u00f3 en tribuna la diputada del Partido Sinaloense, Ang\u00e9lica D\u00edaz de Cu\u00e9n, quien reconoci\u00f3 que contiene puntos muy favorables, como el de tipificar nuevas conductas que se incorporan al C\u00f3digo Penal, as\u00ed como la creaci\u00f3n de un Fondo para la Protecci\u00f3n de los Animales, el cual ser\u00e1 responsabilidad de toda la sociedad vigilar que se aplique de la mejor manera a favor de nuestros animales en Sinaloa.<\/span><\/p>\n<p><span style=\"font-size: 14pt; font-family: arial, helvetica, sans-serif;\">\u201cEste dictamen incluye una iniciativa presentada por el Partido Sinaloense el d\u00eda 5 de marzo de 2019, en la que trabajamos de la mano con diversas asociaciones y personas activistas en pro de los derechos de los animales, por lo que tenemos la seguridad de haber aportado buenas propuestas que hagan que en Sinaloa tengamos una mejor legislaci\u00f3n en la materia\u201d.<\/span><\/p>\n<p style=\"text-align: justify;\">\n<p><span style=\"font-size: 14pt; font-family: arial, helvetica, sans-serif;\">Asimismo dijo que la reserva re\u00fane los consensos logrados con las personas defensoras de los animales que estuvieron manifest\u00e1ndose en el Congreso local, lo que da muestra de que siempre debe de prevalecer el di\u00e1logo y as\u00ed legislar con el acuerdo de la sociedad en su conjunto.<\/span><\/p>\n<p style=\"text-align: justify;\">\n<p><span style=\"font-size: 14pt; font-family: arial, helvetica, sans-serif;\">\u201cUno de los valores m\u00e1s apreciados por los seres humanos es el de la vida, y este valor debe trasladarse a los derechos de los animales, en donde lo m\u00e1s importante para quienes legislamos a favor de ellos, sea proteger su vida y su salud, pues, se trata de seres sintientes. Por ello, en esta reforma se busca cuidar y proteger a los animales, en el entendido de que en Sinaloa es necesario un cambio no s\u00f3lo en la legislaci\u00f3n, sino en la cultura y en la educaci\u00f3n para que cada vez en mayor medida las generaciones m\u00e1s j\u00f3venes se involucren en su defensa y cuidado\u201d.<\/span><\/p>\n<p style=\"text-align: justify;\">\n<p><span style=\"font-size: 14pt; font-family: arial, helvetica, sans-serif;\">Como Presidenta de la Comisi\u00f3n de Derechos Humanos, la diputada Ang\u00e9lica D\u00edaz de Cu\u00e9n consider\u00f3 que el reconocimiento de los derechos de los animales, es importante porque en el modo de tratar a los animales influyen las creencias y valores&nbsp; de la sociedad, las que, desde un punto de vista \u00e9tico, pueden diferir de una cultura a otra.<\/span><\/p>\n<p style=\"text-align: justify;\">\n<p><span style=\"font-size: 14pt; font-family: arial, helvetica, sans-serif;\">\u201cPor ello es que debemos caminar hacia una filosof\u00eda que acepte que los animales son seres sensibles, la cual est\u00e1 empezando a difundirse, gracias a miles de personas interesadas en su bienestar al igual que nosotros, y a quienes buscamos darles una voz porque son parte de la sociedad sinaloense\u201d.<\/span><\/p>\n<p style=\"text-align: justify;\">&nbsp;<\/p>\n<p style=\"text-align: justify;\"><span style=\"font-size: 14pt; font-family: arial, helvetica, sans-serif;\">REDACCI\u00d3N\/VISI\u00d3N CIUDADANA.<\/span><\/p>\n","protected":false},"excerpt":{"rendered":"<p>El dictamen de reforma a la Ley de Protecci\u00f3n a los Animales, es la suma de m\u00faltiples propuestas de los Diputados de la Sexag\u00e9sima Tercera Legislatura y la incorporaci\u00f3n de aportaciones de&nbsp; asociaciones y activistas en favor de los derechos de los animales, se\u00f1al\u00f3 en tribuna la diputada del Partido Sinaloense, Ang\u00e9lica D\u00edaz de Cu\u00e9n, [&hellip;]<\/p>\n","protected":false},"author":1,"featured_media":6571,"comment_status":"closed","ping_status":"closed","sticky":false,"template":"","format":"standard","meta":{"footnotes":""},"categories":[24],"tags":[],"ppma_author":[31],"class_list":["post-14804","post","type-post","status-publish","format-standard","has-post-thumbnail","hentry","category-relevantes"],"aioseo_notices":[],"authors":[{"term_id":31,"user_id":1,"is_guest":0,"slug":"ivan3vino","display_name":"Iv\u00e1n Trevi\u00f1o","avatar_url":{"url":"https:\/\/visionciudadana.com.mx\/oficial\/wp-content\/uploads\/2025\/09\/columna-ivan-Trevino.png","url2x":"https:\/\/visionciudadana.com.mx\/oficial\/wp-content\/uploads\/2025\/09\/columna-ivan-Trevino.png"},"0":null,"1":"","2":"","3":"","4":"","5":"","6":"","7":"","8":""}],"_links":{"self":[{"href":"https:\/\/visionciudadana.com.mx\/oficial\/wp-json\/wp\/v2\/posts\/14804","targetHints":{"allow":["GET"]}}],"collection":[{"href":"https:\/\/visionciudadana.com.mx\/oficial\/wp-json\/wp\/v2\/posts"}],"about":[{"href":"https:\/\/visionciudadana.com.mx\/oficial\/wp-json\/wp\/v2\/types\/post"}],"author":[{"embeddable":true,"href":"https:\/\/visionciudadana.com.mx\/oficial\/wp-json\/wp\/v2\/users\/1"}],"replies":[{"embeddable":true,"href":"https:\/\/visionciudadana.com.mx\/oficial\/wp-json\/wp\/v2\/comments?post=14804"}],"version-history":[{"count":1,"href":"https:\/\/visionciudadana.com.mx\/oficial\/wp-json\/wp\/v2\/posts\/14804\/revisions"}],"predecessor-version":[{"id":31460,"href":"https:\/\/visionciudadana.com.mx\/oficial\/wp-json\/wp\/v2\/posts\/14804\/revisions\/31460"}],"wp:featuredmedia":[{"embeddable":true,"href":"https:\/\/visionciudadana.com.mx\/oficial\/wp-json\/wp\/v2\/posts\/6571"}],"wp:attachment":[{"href":"https:\/\/visionciudadana.com.mx\/oficial\/wp-json\/wp\/v2\/media?parent=14804"}],"wp:term":[{"taxonomy":"category","embeddable":true,"href":"https:\/\/visionciudadana.com.mx\/oficial\/wp-json\/wp\/v2\/categories?post=14804"},{"taxonomy":"post_tag","embeddable":true,"href":"https:\/\/visionciudadana.com.mx\/oficial\/wp-json\/wp\/v2\/tags?post=14804"},{"taxonomy":"author","embeddable":true,"href":"https:\/\/visionciudadana.com.mx\/oficial\/wp-json\/wp\/v2\/ppma_author?post=14804"}],"curies":[{"name":"wp","href":"https:\/\/api.w.org\/{rel}","templated":true}]}}