{"id":14802,"date":"2021-01-29T02:33:28","date_gmt":"2021-01-29T02:33:28","guid":{"rendered":"https:\/\/visionciudadana.com.mx\/prueba\/2021\/01\/29\/ofrece-sergio-torres-participacion-de-las-mujeres-en-la-toma-de-decisiones-gubernamentales-y-politicas\/"},"modified":"2025-06-25T00:32:33","modified_gmt":"2025-06-25T00:32:33","slug":"ofrece-sergio-torres-participacion-de-las-mujeres-en-la-toma-de-decisiones-gubernamentales-y-politicas","status":"publish","type":"post","link":"https:\/\/visionciudadana.com.mx\/oficial\/2021\/01\/29\/ofrece-sergio-torres-participacion-de-las-mujeres-en-la-toma-de-decisiones-gubernamentales-y-politicas\/","title":{"rendered":"Ofrece Sergio Torres participaci\u00f3n de las mujeres en la toma de decisiones gubernamentales y pol\u00edticas"},"content":{"rendered":"<p style=\"text-align: justify;\"><img fetchpriority=\"high\" decoding=\"async\" src=\"images\/Enero2021\/mujeres_con_sergiio.PNG\" alt=\"mujeres con sergiio\" width=\"398\" height=\"214\" style=\"display: block; margin-left: auto; margin-right: auto;\" \/><\/p>\n<p style=\"text-align: justify;\"><span style=\"font-size: 14pt; font-family: arial, helvetica, sans-serif;\">En el tema de mujeres debemos decir menos y hacer m\u00e1s,&nbsp; que ocupen cargos en los tres \u00f3rdenes de gobierno y en los cargos pol\u00edticos, para que participen en la toma de decisiones y se valore su inteligencia, perseverancia y honestidad.&nbsp;&nbsp;&nbsp;&nbsp;&nbsp;&nbsp;&nbsp;&nbsp;&nbsp;&nbsp;&nbsp;&nbsp;&nbsp;&nbsp;&nbsp;&nbsp;&nbsp;&nbsp;&nbsp;&nbsp;&nbsp;&nbsp;&nbsp;&nbsp;&nbsp;&nbsp;&nbsp;&nbsp;&nbsp;&nbsp;&nbsp;&nbsp;<\/span><\/p>\n<p style=\"text-align: justify;\">&nbsp;<\/p>\n<p style=\"text-align: justify;\"><span style=\"font-size: 14pt; font-family: arial, helvetica, sans-serif;\"> As\u00ed se manifest\u00f3 Sergio Torres, precandidato de Movimiento Ciudadano al gobierno de Sinaloa, al inaugurar el evento MujerEs Vol. 18, de Ciudadanas al Rescate, liderado por Gaby Torres, a quien p\u00fablicamente el precandidato inform\u00f3 ser\u00e1 candidata a diputada local por MC.&nbsp;&nbsp;&nbsp;&nbsp;&nbsp;&nbsp;&nbsp;&nbsp;&nbsp;&nbsp;&nbsp;&nbsp;&nbsp;&nbsp;&nbsp;&nbsp; <\/span><\/p>\n<p style=\"text-align: justify;\">&nbsp;<\/p>\n<p style=\"text-align: justify;\"><span style=\"font-size: 14pt; font-family: arial, helvetica, sans-serif;\">El precandidato denunci\u00f3 que Culiac\u00e1n es la quinta ciudad, a nivel nacional, por el alto n\u00famero de feminicidios; tambi\u00e9n con enorme \u00edndice de violencia familiar, que tan solo el a\u00f1o pasado presentaron 5 mil denuncias por este delito, del cual, dijo, sabemos que la mayor parte de los casos no se denuncian.&nbsp;&nbsp;&nbsp;&nbsp;&nbsp;&nbsp;&nbsp;&nbsp;<\/span><\/p>\n<p style=\"text-align: justify;\">&nbsp;<\/p>\n<p style=\"text-align: justify;\"><span style=\"font-size: 14pt; font-family: arial, helvetica, sans-serif;\"> En materia presupuestal se\u00f1al\u00f3 que deben destinarse mayores recursos para apoyar a las mujeres, y que el instituto destinado para ellas sea menos burocr\u00e1tico, emp\u00e1tico y deje de estar al servicio de un partido pol\u00edtico.<\/span><\/p>\n<p style=\"text-align: justify;\">&nbsp;<\/p>\n<p style=\"text-align: justify;\"><span style=\"font-size: 14pt; font-family: arial, helvetica, sans-serif;\">REDACCI\u00d3N\/VISI\u00d3N CIUDADANA.<\/span><\/p>\n","protected":false},"excerpt":{"rendered":"<p>En el tema de mujeres debemos decir menos y hacer m\u00e1s,&nbsp; que ocupen cargos en los tres \u00f3rdenes de gobierno y en los cargos pol\u00edticos, para que participen en la toma de decisiones y se valore su inteligencia, perseverancia y honestidad.&nbsp;&nbsp;&nbsp;&nbsp;&nbsp;&nbsp;&nbsp;&nbsp;&nbsp;&nbsp;&nbsp;&nbsp;&nbsp;&nbsp;&nbsp;&nbsp;&nbsp;&nbsp;&nbsp;&nbsp;&nbsp;&nbsp;&nbsp;&nbsp;&nbsp;&nbsp;&nbsp;&nbsp;&nbsp;&nbsp;&nbsp;&nbsp; &nbsp; As\u00ed se manifest\u00f3 Sergio Torres, precandidato de Movimiento Ciudadano al gobierno de Sinaloa, [&hellip;]<\/p>\n","protected":false},"author":1,"featured_media":6567,"comment_status":"closed","ping_status":"closed","sticky":false,"template":"","format":"standard","meta":{"footnotes":""},"categories":[24],"tags":[],"ppma_author":[31],"class_list":["post-14802","post","type-post","status-publish","format-standard","has-post-thumbnail","hentry","category-relevantes"],"aioseo_notices":[],"authors":[{"term_id":31,"user_id":1,"is_guest":0,"slug":"ivan3vino","display_name":"Iv\u00e1n Trevi\u00f1o","avatar_url":{"url":"https:\/\/visionciudadana.com.mx\/oficial\/wp-content\/uploads\/2025\/09\/columna-ivan-Trevino.png","url2x":"https:\/\/visionciudadana.com.mx\/oficial\/wp-content\/uploads\/2025\/09\/columna-ivan-Trevino.png"},"0":null,"1":"","2":"","3":"","4":"","5":"","6":"","7":"","8":""}],"_links":{"self":[{"href":"https:\/\/visionciudadana.com.mx\/oficial\/wp-json\/wp\/v2\/posts\/14802","targetHints":{"allow":["GET"]}}],"collection":[{"href":"https:\/\/visionciudadana.com.mx\/oficial\/wp-json\/wp\/v2\/posts"}],"about":[{"href":"https:\/\/visionciudadana.com.mx\/oficial\/wp-json\/wp\/v2\/types\/post"}],"author":[{"embeddable":true,"href":"https:\/\/visionciudadana.com.mx\/oficial\/wp-json\/wp\/v2\/users\/1"}],"replies":[{"embeddable":true,"href":"https:\/\/visionciudadana.com.mx\/oficial\/wp-json\/wp\/v2\/comments?post=14802"}],"version-history":[{"count":1,"href":"https:\/\/visionciudadana.com.mx\/oficial\/wp-json\/wp\/v2\/posts\/14802\/revisions"}],"predecessor-version":[{"id":31462,"href":"https:\/\/visionciudadana.com.mx\/oficial\/wp-json\/wp\/v2\/posts\/14802\/revisions\/31462"}],"wp:featuredmedia":[{"embeddable":true,"href":"https:\/\/visionciudadana.com.mx\/oficial\/wp-json\/wp\/v2\/posts\/6567"}],"wp:attachment":[{"href":"https:\/\/visionciudadana.com.mx\/oficial\/wp-json\/wp\/v2\/media?parent=14802"}],"wp:term":[{"taxonomy":"category","embeddable":true,"href":"https:\/\/visionciudadana.com.mx\/oficial\/wp-json\/wp\/v2\/categories?post=14802"},{"taxonomy":"post_tag","embeddable":true,"href":"https:\/\/visionciudadana.com.mx\/oficial\/wp-json\/wp\/v2\/tags?post=14802"},{"taxonomy":"author","embeddable":true,"href":"https:\/\/visionciudadana.com.mx\/oficial\/wp-json\/wp\/v2\/ppma_author?post=14802"}],"curies":[{"name":"wp","href":"https:\/\/api.w.org\/{rel}","templated":true}]}}