{"id":14801,"date":"2021-01-29T02:25:21","date_gmt":"2021-01-29T02:25:21","guid":{"rendered":"https:\/\/visionciudadana.com.mx\/prueba\/2021\/01\/29\/se-registran-los-primeros-pescadores-para-programa-de-adquisicion-de-motores\/"},"modified":"2025-06-25T00:32:34","modified_gmt":"2025-06-25T00:32:34","slug":"se-registran-los-primeros-pescadores-para-programa-de-adquisicion-de-motores","status":"publish","type":"post","link":"https:\/\/visionciudadana.com.mx\/oficial\/2021\/01\/29\/se-registran-los-primeros-pescadores-para-programa-de-adquisicion-de-motores\/","title":{"rendered":"Se registran los primeros pescadores para programa de adquisici\u00f3n de Motores"},"content":{"rendered":"<div>\n<p style=\"text-align: justify;\"><img decoding=\"async\" src=\"images\/Enero2021\/primeros_pescado.PNG\" alt=\"primeros pescado\" style=\"display: block; margin-left: auto; margin-right: auto;\" \/><\/p>\n<p class=\"x_MsoNormal\" style=\"text-align: justify;\"><span style=\"font-size: 14pt; font-family: arial, helvetica, sans-serif;\">La convocatoria para el programa de Adquisici\u00f3n de Motores de la Secretar\u00eda de Pesca y Acuacultura qued\u00f3 formalmente abierta hace s\u00f3lo unas horas, obteniendo buena respuesta por parte del sector pesquero del estado, ya que tras darse la apertura de las ventanillas de atenci\u00f3n se presentaron los primeros aspirantes a este beneficio.<\/span><\/p>\n<p style=\"text-align: justify;\">&nbsp;<\/p>\n<p class=\"x_MsoNormal\" style=\"text-align: justify;\"><span style=\"font-size: 14pt; font-family: arial, helvetica, sans-serif;\">Este programa ser\u00e1 posible por la voluntad pol\u00edtica del gobernador Quirino Ordaz Coppel, quien con la finalidad de impulsar la productividad de esta actividad productiva y apoyar en la econom\u00eda de los pescadores instruy\u00f3 a la secretaria de Pesca y Acuacultura, Maribel Chollet Mor\u00e1n, para que se recibiera la documentaci\u00f3n no solo en las oficinas de Pesca y Acuacultura, sino que hubiera m\u00f3dulos de atenci\u00f3n la zona norte en Topolobampo y en la zona sur en Mazatl\u00e1n.<\/span><\/p>\n<p style=\"text-align: justify;\">&nbsp;<\/p>\n<p class=\"x_MsoNormal\" style=\"text-align: justify;\"><span style=\"font-size: 14pt; font-family: arial, helvetica, sans-serif;\">Por tal motivo, la funcionaria estatal se dio a la tarea de supervisar la instalaci\u00f3n de los mismos en los cuales se registraron en la zona centro (en las instalaciones de SPyA), Mart\u00edn Leobardo Soberanos Ch\u00e1vez de la Bah\u00eda de Santa Mar\u00eda, la Cooperativa de Chunarito de la Federaci\u00f3n de B\u00e1rbaros de Playa Colorada, la Uni\u00f3n de Pescadores del Puerto de Altata y en la zona sur la Sociedad Cooperativa Jos\u00e9 Mar\u00eda Caniz\u00e1lez.<\/span><\/p>\n<p style=\"text-align: justify;\">&nbsp;<\/p>\n<p class=\"x_MsoNormal\" style=\"text-align: justify;\"><span style=\"font-size: 14pt; font-family: arial, helvetica, sans-serif;\">Quienes aspiren a ser beneficiados de este programa con participaci\u00f3n bipartita, en el que el Gobierno del Estado aportar\u00e1 el 60 por ciento del costo del motor y el beneficiario el 40 por ciento restante, deber\u00e1n de presentar solicitud por escrito en la que se\u00f1alan la fecha de emisi\u00f3n, raz\u00f3n social, domicilio y la firma aut\u00f3grafa de los representantes, la copia de la Clave de Registro Nacional de Pesca y Acuacultura con el que cuenta el solicitante.<\/span><\/p>\n<p style=\"text-align: justify;\">&nbsp;<\/p>\n<p class=\"x_MsoNormal\" style=\"text-align: justify;\"><span style=\"font-size: 14pt; font-family: arial, helvetica, sans-serif;\">Asimismo, deben de incluir entre la documentaci\u00f3n la copia del Permiso de Pesca y\/o Concesi\u00f3n Vigente, copia de Acta Constitutiva debidamente protocolizada y registrada, la Copia de Clave \u00danica de Registro de Poblaci\u00f3n de los representantes del Grupo de Trabajo, Copia del Registro Federal de Contribuyentes, Copia de Identificaciones Oficiales con fotograf\u00eda o constancia de identidad emitida por la autoridad local con facultades para ello, de los representantes.<\/span><\/p>\n<p style=\"text-align: justify;\">&nbsp;<\/p>\n<p class=\"x_MsoNormal\" style=\"text-align: justify;\"><span style=\"font-size: 14pt; font-family: arial, helvetica, sans-serif;\">Tambi\u00e9n tienen que anexar una copia de comprobante de domicilio reciente de los representantes (en caso de que aplique), copia del poder notarial actualizado del representante legal de la organizaci\u00f3n y la carta bajo protesta de decir la verdad.<\/span><\/p>\n<p style=\"text-align: justify;\">&nbsp;<\/p>\n<p class=\"x_MsoNormal\" style=\"text-align: justify;\"><span style=\"font-size: 14pt; font-family: arial, helvetica, sans-serif;\">Los m\u00f3dulos de atenci\u00f3n ubicados en Mazatl\u00e1n entre las calles 5 de mayo y 21 de marzo, segundo piso, en la colonia Centro; el de Topobolampo localizado en el Centro Cultural; y el de Culiac\u00e1n, con direcci\u00f3n en las oficinas de la Secretar\u00eda de Pesca y Acuacultura en Boulevard Alfonso Zaragoza Maytorena, Desarrollo Tres R\u00edos, estar\u00e1n abiertos al p\u00fablico para la recepci\u00f3n de documentaci\u00f3n de lunes a viernes en horario de 8:00 a 15:00 horas.<\/span><\/p>\n<p style=\"text-align: justify;\">&nbsp;<\/p>\n<p class=\"x_MsoNormal\" style=\"text-align: justify;\"><span style=\"font-size: 14pt; font-family: arial, helvetica, sans-serif;\">Cabe destacar que el 1 y 2 de febrero comenzar\u00e1 tanto en las oficinas de Pesca y Acuacultura en Culiac\u00e1n, as\u00ed como en los m\u00f3dulos de Topolobampo y Mazatl\u00e1n, la recepci\u00f3n de documentaci\u00f3n para el programa de Artes de Pesca.<\/span><\/p>\n<p style=\"text-align: justify;\">&nbsp;<\/p>\n<p style=\"text-align: justify;\"><span style=\"font-size: 14pt; font-family: arial, helvetica, sans-serif;\">REDACCI\u00d3N\/VISI\u00d3N CIUDADANA.<\/span><\/p>\n<\/div>\n","protected":false},"excerpt":{"rendered":"<p>La convocatoria para el programa de Adquisici\u00f3n de Motores de la Secretar\u00eda de Pesca y Acuacultura qued\u00f3 formalmente abierta hace s\u00f3lo unas horas, obteniendo buena respuesta por parte del sector pesquero del estado, ya que tras darse la apertura de las ventanillas de atenci\u00f3n se presentaron los primeros aspirantes a este beneficio. &nbsp; Este programa [&hellip;]<\/p>\n","protected":false},"author":1,"featured_media":6565,"comment_status":"closed","ping_status":"closed","sticky":false,"template":"","format":"standard","meta":{"footnotes":""},"categories":[24],"tags":[],"ppma_author":[31],"class_list":["post-14801","post","type-post","status-publish","format-standard","has-post-thumbnail","hentry","category-relevantes"],"aioseo_notices":[],"authors":[{"term_id":31,"user_id":1,"is_guest":0,"slug":"ivan3vino","display_name":"Iv\u00e1n Trevi\u00f1o","avatar_url":{"url":"https:\/\/visionciudadana.com.mx\/oficial\/wp-content\/uploads\/2025\/09\/columna-ivan-Trevino.png","url2x":"https:\/\/visionciudadana.com.mx\/oficial\/wp-content\/uploads\/2025\/09\/columna-ivan-Trevino.png"},"0":null,"1":"","2":"","3":"","4":"","5":"","6":"","7":"","8":""}],"_links":{"self":[{"href":"https:\/\/visionciudadana.com.mx\/oficial\/wp-json\/wp\/v2\/posts\/14801","targetHints":{"allow":["GET"]}}],"collection":[{"href":"https:\/\/visionciudadana.com.mx\/oficial\/wp-json\/wp\/v2\/posts"}],"about":[{"href":"https:\/\/visionciudadana.com.mx\/oficial\/wp-json\/wp\/v2\/types\/post"}],"author":[{"embeddable":true,"href":"https:\/\/visionciudadana.com.mx\/oficial\/wp-json\/wp\/v2\/users\/1"}],"replies":[{"embeddable":true,"href":"https:\/\/visionciudadana.com.mx\/oficial\/wp-json\/wp\/v2\/comments?post=14801"}],"version-history":[{"count":1,"href":"https:\/\/visionciudadana.com.mx\/oficial\/wp-json\/wp\/v2\/posts\/14801\/revisions"}],"predecessor-version":[{"id":31463,"href":"https:\/\/visionciudadana.com.mx\/oficial\/wp-json\/wp\/v2\/posts\/14801\/revisions\/31463"}],"wp:featuredmedia":[{"embeddable":true,"href":"https:\/\/visionciudadana.com.mx\/oficial\/wp-json\/wp\/v2\/posts\/6565"}],"wp:attachment":[{"href":"https:\/\/visionciudadana.com.mx\/oficial\/wp-json\/wp\/v2\/media?parent=14801"}],"wp:term":[{"taxonomy":"category","embeddable":true,"href":"https:\/\/visionciudadana.com.mx\/oficial\/wp-json\/wp\/v2\/categories?post=14801"},{"taxonomy":"post_tag","embeddable":true,"href":"https:\/\/visionciudadana.com.mx\/oficial\/wp-json\/wp\/v2\/tags?post=14801"},{"taxonomy":"author","embeddable":true,"href":"https:\/\/visionciudadana.com.mx\/oficial\/wp-json\/wp\/v2\/ppma_author?post=14801"}],"curies":[{"name":"wp","href":"https:\/\/api.w.org\/{rel}","templated":true}]}}