{"id":14800,"date":"2021-01-29T02:21:21","date_gmt":"2021-01-29T02:21:21","guid":{"rendered":"https:\/\/visionciudadana.com.mx\/prueba\/2021\/01\/29\/quedan-pocos-dias-para-el-registro-previo-a-las-preinscripciones\/"},"modified":"2025-06-25T00:32:34","modified_gmt":"2025-06-25T00:32:34","slug":"quedan-pocos-dias-para-el-registro-previo-a-las-preinscripciones","status":"publish","type":"post","link":"https:\/\/visionciudadana.com.mx\/oficial\/2021\/01\/29\/quedan-pocos-dias-para-el-registro-previo-a-las-preinscripciones\/","title":{"rendered":"Quedan pocos d\u00edas para el registro previo a las preinscripciones"},"content":{"rendered":"<p style=\"text-align: justify;\"><span style=\"font-size: 14pt; font-family: arial, helvetica, sans-serif;\"><\/span><\/p>\n<div id=\"geom_inter_1611886623010_17_87\" class=\"aKEZUGyWi5haT6riFXgvp customScrollBar\" tabindex=\"-1\" data-is-scrollable=\"true\">\n<div class=\"wide-content-host\">\n<div id=\"geom_inter_1611886623007_84_85\" class=\"_2Tgrtrj5ACwo2I6mKHcBME\">\n<div style=\"text-align: justify;\">\n<div class=\"_3Hm3ZM9O51bIychTJ1c3om\">\n<div class=\"ms-Persona-coin ms-Persona--size40 _3fxSw_KFta16t28JP70e_s coin-109\" role=\"presentation\">\n<div class=\"ms-Persona-imageArea imageArea-234\" role=\"presentation\">&nbsp;<\/div>\n<\/div>\n<\/div>\n<\/div>\n<div class=\"_2zOpJb7ZbCN0X1DoeFyiYw JWNdg1hee9_Rz6bIGvG1c allowTextSelection\">\n<div class=\"rps_b51c\">\n<div dir=\"ltr\">\n<div style=\"text-align: justify;\">\n<p class=\"x_gmail-MsoListParagraphCxSpFirst\"><span style=\"font-size: 14pt; font-family: arial, helvetica, sans-serif;\"><b><i>&nbsp;<img decoding=\"async\" src=\"images\/Enero2021\/quedan_pocos.PNG\" alt=\"quedan pocos\" style=\"display: block; margin-left: auto; margin-right: auto;\" \/><\/i><\/b><\/span><\/p>\n<p class=\"x_MsoNormal\"><span style=\"font-size: 14pt; font-family: arial, helvetica, sans-serif;\">Hasta hoy al mediod\u00eda, el sistema de Registro, previo a las Preinscripciones para el Ciclo Escolar 2021-2022, contabiliza un total de 53 mil 164 solicitudes, y un registro concluido de 34 mil 415 usuarios.<\/span><\/p>\n<p>&nbsp;<\/p>\n<p class=\"x_MsoNormal\"><span style=\"font-size: 14pt; font-family: arial, helvetica, sans-serif;\">El secretario de Educaci\u00f3n P\u00fablica y Cultura, Juan Alfonso Mej\u00eda L\u00f3pez, indic\u00f3 que se trata de la plataforma en la que los padres de familia o tutores pueden ingresar la informaci\u00f3n y documentos necesarios para el proceso de Preinscripciones, mismo que comenzar\u00e1 el pr\u00f3ximo 2 de febrero.<\/span><\/p>\n<p>&nbsp;<\/p>\n<p class=\"x_MsoNormal\"><span style=\"font-size: 14pt; font-family: arial, helvetica, sans-serif;\">Dicho proceso comenz\u00f3 el pasado mi\u00e9rcoles 13 y concluye el 31 de enero. Los usuarios podr\u00e1n elegir hasta cinco escuelas, lo que les facilitar\u00e1 el proceso de Preinscripciones en L\u00ednea, al tener la oportunidad de preinscribir con un solo clic.<\/span><\/p>\n<p>&nbsp;<\/p>\n<p class=\"x_MsoNormal\"><span style=\"font-size: 14pt; font-family: arial, helvetica, sans-serif;\">\u201c\u2018Me registro en enero, me preinscribo en febrero\u2019 tiene un objetivo: poner el piso m\u00e1s parejo para todas las familias y que las oportunidades para todos y cada uno de los ni\u00f1os sean cada vez m\u00e1s parejas\u201d, dijo Mej\u00eda L\u00f3pez.<\/span><\/p>\n<p>&nbsp;<\/p>\n<p class=\"x_MsoNormal\"><span style=\"font-size: 14pt; font-family: arial, helvetica, sans-serif;\">Otra de las ventajas de registrarse, a\u00f1adi\u00f3, es que a partir de esta informaci\u00f3n se garantiza una mayor comunicaci\u00f3n con los padres de familia y\/o tutores para futuros tr\u00e1mites (entrega de los uniformes y \u00fatiles escolares), y permite a las familias mayor equidad y un piso m\u00e1s parejo en el proceso.<\/span><\/p>\n<p>&nbsp;<\/p>\n<p class=\"x_MsoNormal\"><span style=\"font-size: 14pt; font-family: arial, helvetica, sans-serif;\">Para registrar es necesario contar con una computadora o dispositivo m\u00f3vil con acceso a internet, correo electr\u00f3nico personal, e ingresar a la p\u00e1gina&nbsp;<a href=\"http:\/\/preinscripcionessinaloa.gob.mx\/\" target=\"_blank\" rel=\"noopener noreferrer\" id=\"LPlnk621505\" data-auth=\"NotApplicable\">preinscripcionessinaloa.gob.m<\/a>x donde deber\u00e1 crear un usuario y capturar la informaci\u00f3n del alumno o alumna que ingresar\u00e1 a los primeros grados de preescolar, primaria o secundaria.&nbsp;<\/span><\/p>\n<p>&nbsp;<\/p>\n<\/div>\n<div>\n<p class=\"x_MsoNormal\" style=\"text-align: justify;\"><span style=\"font-size: 14pt; font-family: arial, helvetica, sans-serif;\">La plataforma estar\u00e1 disponible hasta el pr\u00f3ximo domingo 31 de enero, las 24 horas del d\u00eda. En caso de dudas, los usuarios pueden comunicarse al call center (667) 846-42-40, que opera de lunes viernes, en un horario de 08:00 a 15:00 horas; tambi\u00e9n puede acudir a las unidades de apoyo en las instalaciones de SEPyC, o bien, en los Servicios Regionales en cada municipio.<\/span><\/p>\n<p style=\"text-align: justify;\">&nbsp;<\/p>\n<p class=\"x_MsoNormal\" style=\"text-align: justify;\"><span style=\"font-size: 14pt; font-family: arial, helvetica, sans-serif;\">En la primera edici\u00f3n de la etapa de registro, durante 2020, se logr\u00f3 la preinscripci\u00f3n de 7 mil 249 ni\u00f1os y ni\u00f1as con un solo clic. Con esta estrategia, se estableci\u00f3 un tiempo r\u00e9cord de 20 segundos para completar una preinscripci\u00f3n mientras que, de manera tradicional, esta se lograba en un m\u00ednimo de un minuto con 20 segundos.<\/span><\/p>\n<p style=\"text-align: justify;\">&nbsp;<\/p>\n<p style=\"text-align: justify;\">&nbsp;<\/p>\n<p style=\"text-align: justify;\"><span style=\"font-size: 14pt; font-family: arial, helvetica, sans-serif;\">REDACCI\u00d3N\/VISI\u00d3N CIUDADANA.<\/span><\/p>\n<\/div>\n<\/div>\n<\/div>\n<\/div>\n<\/div>\n<\/div>\n<\/div>\n","protected":false},"excerpt":{"rendered":"<p>&nbsp; &nbsp; Hasta hoy al mediod\u00eda, el sistema de Registro, previo a las Preinscripciones para el Ciclo Escolar 2021-2022, contabiliza un total de 53 mil 164 solicitudes, y un registro concluido de 34 mil 415 usuarios. &nbsp; El secretario de Educaci\u00f3n P\u00fablica y Cultura, Juan Alfonso Mej\u00eda L\u00f3pez, indic\u00f3 que se trata de la plataforma [&hellip;]<\/p>\n","protected":false},"author":1,"featured_media":6563,"comment_status":"closed","ping_status":"closed","sticky":false,"template":"","format":"standard","meta":{"footnotes":""},"categories":[24],"tags":[],"ppma_author":[31],"class_list":["post-14800","post","type-post","status-publish","format-standard","has-post-thumbnail","hentry","category-relevantes"],"aioseo_notices":[],"authors":[{"term_id":31,"user_id":1,"is_guest":0,"slug":"ivan3vino","display_name":"Iv\u00e1n Trevi\u00f1o","avatar_url":{"url":"https:\/\/visionciudadana.com.mx\/oficial\/wp-content\/uploads\/2025\/09\/columna-ivan-Trevino.png","url2x":"https:\/\/visionciudadana.com.mx\/oficial\/wp-content\/uploads\/2025\/09\/columna-ivan-Trevino.png"},"0":null,"1":"","2":"","3":"","4":"","5":"","6":"","7":"","8":""}],"_links":{"self":[{"href":"https:\/\/visionciudadana.com.mx\/oficial\/wp-json\/wp\/v2\/posts\/14800","targetHints":{"allow":["GET"]}}],"collection":[{"href":"https:\/\/visionciudadana.com.mx\/oficial\/wp-json\/wp\/v2\/posts"}],"about":[{"href":"https:\/\/visionciudadana.com.mx\/oficial\/wp-json\/wp\/v2\/types\/post"}],"author":[{"embeddable":true,"href":"https:\/\/visionciudadana.com.mx\/oficial\/wp-json\/wp\/v2\/users\/1"}],"replies":[{"embeddable":true,"href":"https:\/\/visionciudadana.com.mx\/oficial\/wp-json\/wp\/v2\/comments?post=14800"}],"version-history":[{"count":1,"href":"https:\/\/visionciudadana.com.mx\/oficial\/wp-json\/wp\/v2\/posts\/14800\/revisions"}],"predecessor-version":[{"id":31464,"href":"https:\/\/visionciudadana.com.mx\/oficial\/wp-json\/wp\/v2\/posts\/14800\/revisions\/31464"}],"wp:featuredmedia":[{"embeddable":true,"href":"https:\/\/visionciudadana.com.mx\/oficial\/wp-json\/wp\/v2\/posts\/6563"}],"wp:attachment":[{"href":"https:\/\/visionciudadana.com.mx\/oficial\/wp-json\/wp\/v2\/media?parent=14800"}],"wp:term":[{"taxonomy":"category","embeddable":true,"href":"https:\/\/visionciudadana.com.mx\/oficial\/wp-json\/wp\/v2\/categories?post=14800"},{"taxonomy":"post_tag","embeddable":true,"href":"https:\/\/visionciudadana.com.mx\/oficial\/wp-json\/wp\/v2\/tags?post=14800"},{"taxonomy":"author","embeddable":true,"href":"https:\/\/visionciudadana.com.mx\/oficial\/wp-json\/wp\/v2\/ppma_author?post=14800"}],"curies":[{"name":"wp","href":"https:\/\/api.w.org\/{rel}","templated":true}]}}