{"id":14798,"date":"2021-01-29T02:09:04","date_gmt":"2021-01-29T02:09:04","guid":{"rendered":"https:\/\/visionciudadana.com.mx\/prueba\/2021\/01\/29\/registra-sinaloa-1589-solicitudes-sobre-datos-personales\/"},"modified":"2025-06-25T00:32:34","modified_gmt":"2025-06-25T00:32:34","slug":"registra-sinaloa-1589-solicitudes-sobre-datos-personales","status":"publish","type":"post","link":"https:\/\/visionciudadana.com.mx\/oficial\/2021\/01\/29\/registra-sinaloa-1589-solicitudes-sobre-datos-personales\/","title":{"rendered":"Registra Sinaloa 1589 solicitudes sobre datos personales"},"content":{"rendered":"<p class=\"x_MsoNormal\" align=\"center\"><b>&nbsp;<\/b><\/p>\n<p class=\"x_MsoNormal\"><i>&nbsp;&nbsp;<img fetchpriority=\"high\" decoding=\"async\" src=\"images\/Enero2021\/1589_solic.PNG\" alt=\"1589 solic\" width=\"406\" height=\"245\" style=\"display: block; margin-left: auto; margin-right: auto;\" \/><\/i><\/p>\n<p class=\"x_MsoNormal\" style=\"text-align: justify;\"><span style=\"font-size: 14pt; font-family: arial, helvetica, sans-serif;\">En el marco del D\u00eda Internacional de la Protecci\u00f3n de Datos Personales, el Presidente de Ceaip realiz\u00f3 un balance sobre el ejercicio de este derecho en Sinaloa, el cual ha sido creciente en los \u00faltimos tres a\u00f1os.<\/span><\/p>\n<p style=\"text-align: justify;\">&nbsp;<\/p>\n<p class=\"x_MsoNormal\" style=\"text-align: justify;\"><span style=\"font-size: 14pt; font-family: arial, helvetica, sans-serif;\">De 2018 a la fecha, se\u00f1al\u00f3, se han registrado 1 mil 589 solicitudes sobre los llamados \u201cDerechos ARCO\u201d, de Acceso, Rectificaci\u00f3n, Cancelaci\u00f3n y Oposici\u00f3n, a partir de la entrada en vigor de la Ley de Protecci\u00f3n de Datos Personales en Posesi\u00f3n de Sujetos Obligados de Sinaloa.<\/span><\/p>\n<p style=\"text-align: justify;\">&nbsp;<\/p>\n<p class=\"x_MsoNormal\" style=\"text-align: justify;\"><span style=\"font-size: 14pt; font-family: arial, helvetica, sans-serif;\">Estos, detall\u00f3, han sido para detonar otros derechos de las personas, principalmente en el \u00e1mbito laboral como lo son solicitudes de retiro, concursos de plazas, jubilaciones, historiales de trabajo, cambios de adscripci\u00f3n, estados de cuenta, aportaciones a pensiones, recibos de n\u00f3mina, entre otros.<\/span><\/p>\n<p style=\"text-align: justify;\">&nbsp;<\/p>\n<p class=\"x_MsoNormal\" style=\"text-align: justify;\"><span style=\"font-size: 14pt; font-family: arial, helvetica, sans-serif;\">El comisionado presidente Jos\u00e9 Alfredo Beltr\u00e1n Estrada estim\u00f3 que el ejercicio de estos derechos, los cuales est\u00e1n ligados a la privacidad de las personas, ir\u00e1 en aumento conforme se vaya intensificando entre la poblaci\u00f3n la socializaci\u00f3n y el conocimiento de los mismos.<\/span><\/p>\n<p style=\"text-align: justify;\">&nbsp;<\/p>\n<p class=\"x_MsoNormal\" style=\"text-align: justify;\"><span style=\"font-size: 14pt; font-family: arial, helvetica, sans-serif;\">Las instituciones p\u00fablicas del Estado, se\u00f1al\u00f3, est\u00e1n obligadas a proteger los datos que acopian sobre las personas que realizan diversos tr\u00e1mites y servicios p\u00fablicos.<\/span><\/p>\n<p style=\"text-align: justify;\">&nbsp;<\/p>\n<p class=\"x_MsoNormal\" style=\"text-align: justify;\"><span style=\"font-size: 14pt; font-family: arial, helvetica, sans-serif;\">En la \u00faltima de tres charlas de la jornada para socializar la importancia de este derecho, la directora de Protecci\u00f3n de Datos Personales de la Comisi\u00f3n Estatal para el Acceso a la Informaci\u00f3n P\u00fablica ofreci\u00f3 la charla \u201cYo ciudadano, \u00bfC\u00f3mo ejerzo mis derechos ARCO?<\/span><\/p>\n<p style=\"text-align: justify;\">&nbsp;<\/p>\n<p class=\"x_MsoNormal\" style=\"text-align: justify;\"><span style=\"font-size: 14pt; font-family: arial, helvetica, sans-serif;\">Natividad Hern\u00e1ndez Rojo dijo que parte de la relevancia de la Protecci\u00f3n de Datos Personales es evitar la discriminaci\u00f3n, prevenir que se invadan las esferas \u00edntimas del titular de los datos, o que se pueda poner en riesgo su persona.<\/span><\/p>\n<p style=\"text-align: justify;\">&nbsp;<\/p>\n<p class=\"x_MsoNormal\" style=\"text-align: justify;\"><span style=\"font-size: 14pt; font-family: arial, helvetica, sans-serif;\">Manifest\u00f3 que un deber de los responsables o autoridades es entregar aviso de privacidad al momento de solicitar datos personales.<\/span><\/p>\n<p style=\"text-align: justify;\">&nbsp;<\/p>\n<p class=\"x_MsoNormal\" style=\"text-align: justify;\"><span style=\"font-size: 14pt; font-family: arial, helvetica, sans-serif;\">Ese aviso, prosigui\u00f3, contiene la informaci\u00f3n sobre el uso que se le dar\u00e1n a esa informaci\u00f3n personal y en caso que no se entregue se puede denunciar ante Ceaip que atiende lo relacionado a dependencias p\u00fablicas y puede canalizar al INAI, si se trata de instituciones privadas o del \u00e1mbito federal.<\/span><\/p>\n<p style=\"text-align: justify;\">&nbsp;<\/p>\n<p class=\"x_MsoNormal\" style=\"text-align: justify;\"><span style=\"font-size: 14pt; font-family: arial, helvetica, sans-serif;\">Describi\u00f3 los Derechos ARCO como protectores de los Datos Personales:<\/span><\/p>\n<p class=\"x_MsoNormal\" style=\"text-align: justify;\"><span style=\"font-size: 14pt; font-family: arial, helvetica, sans-serif;\">El derecho de&nbsp;<b>Acceso<\/b>&nbsp;a los datos es aquel que permite conocer los datos personales que tienen las autoridades sobre uno y poder obtener documentos que conciernen a la persona.<\/span><\/p>\n<p style=\"text-align: justify;\">&nbsp;<\/p>\n<p class=\"x_MsoNormal\" style=\"text-align: justify;\"><span style=\"font-size: 14pt; font-family: arial, helvetica, sans-serif;\">La&nbsp;<b>Rectificaci\u00f3n<\/b>&nbsp;tiene que ver con el derecho de corregir o modificar datos personales que est\u00e1n en manos de las autoridades cuando as\u00ed se requiera.<\/span><\/p>\n<p style=\"text-align: justify;\">&nbsp;<\/p>\n<p class=\"x_MsoNormal\" style=\"text-align: justify;\"><span style=\"font-size: 14pt; font-family: arial, helvetica, sans-serif;\">El derecho de&nbsp;<b>Cancelaci\u00f3n<\/b>&nbsp;es cuando una persona puede solicitar la eliminaci\u00f3n de los datos personales que tiene en su posesi\u00f3n alguna autoridad porque estos ya cumplieron con la finalidad para la que fueron recabados.<\/span><\/p>\n<p style=\"text-align: justify;\">&nbsp;<\/p>\n<p class=\"x_MsoNormal\" style=\"text-align: justify;\"><span style=\"font-size: 14pt; font-family: arial, helvetica, sans-serif;\">Y la&nbsp;<b>Oposici\u00f3n<\/b>&nbsp;permite a los ciudadanos oponerse al uso de su informaci\u00f3n de forma no autorizada, ya sea porque no la entregaron voluntariamente o no se dio el consentimiento para el uso o finalidad que se les da, o su uso puede ocasionar un perjuicio.<\/span><\/p>\n<p style=\"text-align: justify;\">&nbsp;<\/p>\n<p class=\"x_MsoNormal\" style=\"text-align: justify;\"><span style=\"font-size: 14pt; font-family: arial, helvetica, sans-serif;\">Hern\u00e1ndez Rojo explic\u00f3 que estos derechos ARCO son gratuitos y los puede ejercer cualquier ciudadano.<\/span><\/p>\n<p style=\"text-align: justify;\">&nbsp;<\/p>\n<p class=\"x_MsoNormal\" style=\"text-align: justify;\"><span style=\"font-size: 14pt; font-family: arial, helvetica, sans-serif;\">Para brindar asesor\u00edas sobre el tema, recibir denuncias o darles curso al Instituto Nacional de Transparencia en caso de relacionar a instituciones privadas o federales, la expositora proporcion\u00f3 los siguientes datos de contacto de Ceaip:<\/span><\/p>\n<p style=\"text-align: justify;\">&nbsp;<\/p>\n<p class=\"x_MsoNormal\" style=\"text-align: justify;\"><span style=\"font-size: 14pt; font-family: arial, helvetica, sans-serif;\">Tel\u00e9fono 6677586820, Ext. 143 de lunes a viernes de 9 de la ma\u00f1ana a 4 de la tarde, lada gratuita 800 830 48 55, o bien directamente en las instalaciones en bulevar Enrique F\u00e9lix Castro 1052 poniente, Desarrollo Urbano Tres R\u00edos, Culiac\u00e1n, Sinaloa.<\/span><\/p>\n<p style=\"text-align: justify;\">&nbsp;<\/p>\n<p style=\"text-align: justify;\">&nbsp;<\/p>\n<p style=\"text-align: justify;\"><span style=\"font-size: 14pt; font-family: arial, helvetica, sans-serif;\">REDACCI\u00d3N\/VISI\u00d3N CIUDADANA.<\/span><\/p>\n","protected":false},"excerpt":{"rendered":"<p>&nbsp; &nbsp;&nbsp; En el marco del D\u00eda Internacional de la Protecci\u00f3n de Datos Personales, el Presidente de Ceaip realiz\u00f3 un balance sobre el ejercicio de este derecho en Sinaloa, el cual ha sido creciente en los \u00faltimos tres a\u00f1os. &nbsp; De 2018 a la fecha, se\u00f1al\u00f3, se han registrado 1 mil 589 solicitudes sobre los [&hellip;]<\/p>\n","protected":false},"author":1,"featured_media":6559,"comment_status":"closed","ping_status":"closed","sticky":false,"template":"","format":"standard","meta":{"footnotes":""},"categories":[24],"tags":[],"ppma_author":[31],"class_list":["post-14798","post","type-post","status-publish","format-standard","has-post-thumbnail","hentry","category-relevantes"],"aioseo_notices":[],"authors":[{"term_id":31,"user_id":1,"is_guest":0,"slug":"ivan3vino","display_name":"Iv\u00e1n Trevi\u00f1o","avatar_url":{"url":"https:\/\/visionciudadana.com.mx\/oficial\/wp-content\/uploads\/2025\/09\/columna-ivan-Trevino.png","url2x":"https:\/\/visionciudadana.com.mx\/oficial\/wp-content\/uploads\/2025\/09\/columna-ivan-Trevino.png"},"0":null,"1":"","2":"","3":"","4":"","5":"","6":"","7":"","8":""}],"_links":{"self":[{"href":"https:\/\/visionciudadana.com.mx\/oficial\/wp-json\/wp\/v2\/posts\/14798","targetHints":{"allow":["GET"]}}],"collection":[{"href":"https:\/\/visionciudadana.com.mx\/oficial\/wp-json\/wp\/v2\/posts"}],"about":[{"href":"https:\/\/visionciudadana.com.mx\/oficial\/wp-json\/wp\/v2\/types\/post"}],"author":[{"embeddable":true,"href":"https:\/\/visionciudadana.com.mx\/oficial\/wp-json\/wp\/v2\/users\/1"}],"replies":[{"embeddable":true,"href":"https:\/\/visionciudadana.com.mx\/oficial\/wp-json\/wp\/v2\/comments?post=14798"}],"version-history":[{"count":1,"href":"https:\/\/visionciudadana.com.mx\/oficial\/wp-json\/wp\/v2\/posts\/14798\/revisions"}],"predecessor-version":[{"id":31466,"href":"https:\/\/visionciudadana.com.mx\/oficial\/wp-json\/wp\/v2\/posts\/14798\/revisions\/31466"}],"wp:featuredmedia":[{"embeddable":true,"href":"https:\/\/visionciudadana.com.mx\/oficial\/wp-json\/wp\/v2\/posts\/6559"}],"wp:attachment":[{"href":"https:\/\/visionciudadana.com.mx\/oficial\/wp-json\/wp\/v2\/media?parent=14798"}],"wp:term":[{"taxonomy":"category","embeddable":true,"href":"https:\/\/visionciudadana.com.mx\/oficial\/wp-json\/wp\/v2\/categories?post=14798"},{"taxonomy":"post_tag","embeddable":true,"href":"https:\/\/visionciudadana.com.mx\/oficial\/wp-json\/wp\/v2\/tags?post=14798"},{"taxonomy":"author","embeddable":true,"href":"https:\/\/visionciudadana.com.mx\/oficial\/wp-json\/wp\/v2\/ppma_author?post=14798"}],"curies":[{"name":"wp","href":"https:\/\/api.w.org\/{rel}","templated":true}]}}