{"id":14797,"date":"2021-01-29T01:56:20","date_gmt":"2021-01-29T01:56:20","guid":{"rendered":"https:\/\/visionciudadana.com.mx\/prueba\/2021\/01\/29\/paola-garate-pide-licencia-al-ceprevsin-va-por-diputacion-local-distrito-17\/"},"modified":"2025-06-25T00:32:34","modified_gmt":"2025-06-25T00:32:34","slug":"paola-garate-pide-licencia-al-ceprevsin-va-por-diputacion-local-distrito-17","status":"publish","type":"post","link":"https:\/\/visionciudadana.com.mx\/oficial\/2021\/01\/29\/paola-garate-pide-licencia-al-ceprevsin-va-por-diputacion-local-distrito-17\/","title":{"rendered":"Paola G\u00e1rate pide licencia al CEPREVSIN, va por diputaci\u00f3n local distrito 17"},"content":{"rendered":"<p><img decoding=\"async\" src=\"images\/Enero2021\/pao_ga.PNG\" alt=\"pao ga\" style=\"display: block; margin-left: auto; margin-right: auto;\" \/><\/p>\n<div class=\"x_gmail-o9v6fnle x_gmail-cxmmr5t8 x_gmail-oygrvhab x_gmail-hcukyx3x x_gmail-c1et5uql x_gmail-ii04i59q\">\n<div dir=\"auto\">Sin goce de sueldo, Paola G\u00e1rate Valenzuela, directora del CEPREVSIN, solicit\u00f3 licencia para separarse de su cargo.<\/div>\n<div dir=\"auto\">&nbsp;<\/div>\n<div>&nbsp;<\/div>\n<\/div>\n<div class=\"x_gmail-o9v6fnle x_gmail-cxmmr5t8 x_gmail-oygrvhab x_gmail-hcukyx3x x_gmail-c1et5uql x_gmail-ii04i59q\">\n<div dir=\"auto\">Buscar\u00e1 contender en las elecciones del pr\u00f3ximo 6 de junio por una diputaci\u00f3n local, por lo que se registr\u00f3 como precandidata a diputada local por el distrito 17&nbsp; del Partido Revolucionario Institucional.<\/div>\n<div dir=\"auto\">&nbsp;<\/div>\n<div>&nbsp;<\/div>\n<\/div>\n<div class=\"x_gmail-o9v6fnle x_gmail-cxmmr5t8 x_gmail-oygrvhab x_gmail-hcukyx3x x_gmail-c1et5uql x_gmail-ii04i59q\">\n<div dir=\"auto\">Cabe se\u00f1alar que la convocatoria publicada por el PRI para las y los precandidatos este a\u00f1o re\u00fane todas las condiciones para ver a una mujer encabezando el gobierno de Culiac\u00e1n a mediados de este a\u00f1o.<\/div>\n<div dir=\"auto\">&nbsp;<\/div>\n<div dir=\"auto\">&nbsp;<\/div>\n<div>REDACCI\u00d3N\/VISI\u00d3N CIUDADANA.<\/div>\n<\/div>\n","protected":false},"excerpt":{"rendered":"<p>Sin goce de sueldo, Paola G\u00e1rate Valenzuela, directora del CEPREVSIN, solicit\u00f3 licencia para separarse de su cargo. &nbsp; &nbsp; Buscar\u00e1 contender en las elecciones del pr\u00f3ximo 6 de junio por una diputaci\u00f3n local, por lo que se registr\u00f3 como precandidata a diputada local por el distrito 17&nbsp; del Partido Revolucionario Institucional. &nbsp; &nbsp; Cabe se\u00f1alar [&hellip;]<\/p>\n","protected":false},"author":1,"featured_media":6557,"comment_status":"closed","ping_status":"closed","sticky":false,"template":"","format":"standard","meta":{"footnotes":""},"categories":[13],"tags":[],"ppma_author":[31],"class_list":["post-14797","post","type-post","status-publish","format-standard","has-post-thumbnail","hentry","category-locales"],"aioseo_notices":[],"authors":[{"term_id":31,"user_id":1,"is_guest":0,"slug":"ivan3vino","display_name":"Iv\u00e1n Trevi\u00f1o","avatar_url":{"url":"https:\/\/visionciudadana.com.mx\/oficial\/wp-content\/uploads\/2025\/09\/columna-ivan-Trevino.png","url2x":"https:\/\/visionciudadana.com.mx\/oficial\/wp-content\/uploads\/2025\/09\/columna-ivan-Trevino.png"},"0":null,"1":"","2":"","3":"","4":"","5":"","6":"","7":"","8":""}],"_links":{"self":[{"href":"https:\/\/visionciudadana.com.mx\/oficial\/wp-json\/wp\/v2\/posts\/14797","targetHints":{"allow":["GET"]}}],"collection":[{"href":"https:\/\/visionciudadana.com.mx\/oficial\/wp-json\/wp\/v2\/posts"}],"about":[{"href":"https:\/\/visionciudadana.com.mx\/oficial\/wp-json\/wp\/v2\/types\/post"}],"author":[{"embeddable":true,"href":"https:\/\/visionciudadana.com.mx\/oficial\/wp-json\/wp\/v2\/users\/1"}],"replies":[{"embeddable":true,"href":"https:\/\/visionciudadana.com.mx\/oficial\/wp-json\/wp\/v2\/comments?post=14797"}],"version-history":[{"count":1,"href":"https:\/\/visionciudadana.com.mx\/oficial\/wp-json\/wp\/v2\/posts\/14797\/revisions"}],"predecessor-version":[{"id":31467,"href":"https:\/\/visionciudadana.com.mx\/oficial\/wp-json\/wp\/v2\/posts\/14797\/revisions\/31467"}],"wp:featuredmedia":[{"embeddable":true,"href":"https:\/\/visionciudadana.com.mx\/oficial\/wp-json\/wp\/v2\/posts\/6557"}],"wp:attachment":[{"href":"https:\/\/visionciudadana.com.mx\/oficial\/wp-json\/wp\/v2\/media?parent=14797"}],"wp:term":[{"taxonomy":"category","embeddable":true,"href":"https:\/\/visionciudadana.com.mx\/oficial\/wp-json\/wp\/v2\/categories?post=14797"},{"taxonomy":"post_tag","embeddable":true,"href":"https:\/\/visionciudadana.com.mx\/oficial\/wp-json\/wp\/v2\/tags?post=14797"},{"taxonomy":"author","embeddable":true,"href":"https:\/\/visionciudadana.com.mx\/oficial\/wp-json\/wp\/v2\/ppma_author?post=14797"}],"curies":[{"name":"wp","href":"https:\/\/api.w.org\/{rel}","templated":true}]}}