{"id":14796,"date":"2021-01-29T01:47:21","date_gmt":"2021-01-29T01:47:21","guid":{"rendered":"https:\/\/visionciudadana.com.mx\/prueba\/2021\/01\/29\/ofrezco-una-hoja-de-vida-limpia-de-trabajo-y-con-mucha-responsabilidad\/"},"modified":"2025-06-25T00:32:34","modified_gmt":"2025-06-25T00:32:34","slug":"ofrezco-una-hoja-de-vida-limpia-de-trabajo-y-con-mucha-responsabilidad","status":"publish","type":"post","link":"https:\/\/visionciudadana.com.mx\/oficial\/2021\/01\/29\/ofrezco-una-hoja-de-vida-limpia-de-trabajo-y-con-mucha-responsabilidad\/","title":{"rendered":"Ofrezco una hoja de vida limpia, de trabajo y con mucha responsabilidad"},"content":{"rendered":"<p><img fetchpriority=\"high\" decoding=\"async\" src=\"images\/Enero2021\/ofrezco_hoja.PNG\" alt=\"ofrezco hoja\" width=\"382\" height=\"234\" style=\"display: block; margin-left: auto; margin-right: auto;\" \/><\/p>\n<p class=\"x_MsoNormal\" style=\"text-align: justify;\"><span style=\"font-size: 14pt; font-family: arial, helvetica, sans-serif;\"> \u201cTengo la conciencia tranquila, porque ese es el primer requisito, que la gente nos dijo y hay que aceptarlo, queremos gente honesta, gente transparente y gente capaz, eso es lo que van a ver en la boleta\u201d, dijo Mario Zamora Gast\u00e9lum, precandidato al gobierno del estado de Sinaloa por la alianza \u201cVa por Sinaloa\u201d.<\/span><\/p>\n<p style=\"text-align: justify;\">&nbsp;<\/p>\n<p class=\"x_MsoNormal\" style=\"text-align: justify;\"><span style=\"font-size: 14pt; font-family: arial, helvetica, sans-serif;\">Lo anterior en el marco de una jornada de encuentros que sostuvo con militantes de los partidos PRI, PRD y PAN, que conforman la alianza, por los municipios Navolato, Mocorito, Salvador Alvarado, Angostura, Sinaloa y Guasave.<\/span><\/p>\n<p style=\"text-align: justify;\">&nbsp;<\/p>\n<p class=\"x_MsoNormal\" style=\"text-align: justify;\"><span style=\"font-size: 14pt; font-family: arial, helvetica, sans-serif;\">En Navolato, Mario Zamora estuvo acompa\u00f1ado del precandidato a la diputaci\u00f3n federal por el distrito 3, V\u00edctor Godoy Angulo y de los dirigentes municipales de partidos Alma Leticia L\u00f3pez Ibarra (PRI), Marco Antonio Vega (PRD) y Omar Quevedo (PAN).<\/span><\/p>\n<p style=\"text-align: justify;\">&nbsp;<\/p>\n<p class=\"x_MsoNormal\" style=\"text-align: justify;\"><span style=\"font-size: 14pt; font-family: arial, helvetica, sans-serif;\">Mas tarde, en reuni\u00f3n en el municipio de Mocorito, Mario Zamora se\u00f1al\u00f3 que la alianza surge para generar un contrapeso, no solamente electorera sino con visi\u00f3n de gobierno para defender la construcci\u00f3n del pa\u00eds, que es lo \u00fanico que ha venido haciendo Morena.<\/span><\/p>\n<p style=\"text-align: justify;\">&nbsp;<\/p>\n<p class=\"x_MsoNormal\" style=\"text-align: justify;\"><span style=\"font-size: 14pt; font-family: arial, helvetica, sans-serif;\">Los priistas, perredistas y panistas de Salvador Alvarado, comentaron al precandidato a la gubernatura del estado de Sinaloa, su entusiasmo por trabajar, llegado el momento, para salir a la calle a promover esta propuesta que, destacaron, es con visi\u00f3n para seguir la transformaci\u00f3n de Sinaloa.<\/span><\/p>\n<p style=\"text-align: justify;\">&nbsp;<\/p>\n<p class=\"x_MsoNormal\" style=\"text-align: justify;\"><span style=\"font-size: 14pt; font-family: arial, helvetica, sans-serif;\">En su recorrido por los municipios, Mario Zamora, puntualiz\u00f3 en Angostura que en estos d\u00edas los aprovechar\u00e1 para tener encuentros con la militancia de los partidos que conforman la alianza y poder platicar sobre el proyecto incluyente, el cual es el de los sinaloenses.<\/span><\/p>\n<p style=\"text-align: justify;\">&nbsp;<\/p>\n<p class=\"x_MsoNormal\" style=\"text-align: justify;\"><span style=\"font-size: 14pt; font-family: arial, helvetica, sans-serif;\">En el encuentro con militantes del PRI, PRD y PAN de Sinaloa municipio, m\u00e1s tarde, el precandidato estableci\u00f3 un di\u00e1logo que, dijo, es importante porque lo que se necesita es escuchar, poner atenci\u00f3n y palpar lo que la gente quiere. \u201cY lo que quieren es que pongamos un freno a la cat\u00e1strofe que tiene Morena\u201d.<\/span><\/p>\n<p style=\"text-align: justify;\">&nbsp;<\/p>\n<p class=\"x_MsoNormal\" style=\"text-align: justify;\"><span style=\"font-size: 14pt; font-family: arial, helvetica, sans-serif;\">Para cerrar su gira de encuentros con la militancia, Mario Zamora, visit\u00f3 el municipio de Guasave, donde a\u00f1adi\u00f3 que el objetivo es sumar a todos los ciudadanos, con o sin partido, para recoger sus aspiraciones sobre el Sinaloa que se habr\u00e1 de seguir construy\u00e9ndose.<\/span><\/p>\n<p style=\"text-align: justify;\">&nbsp;<\/p>\n<p class=\"x_MsoNormal\" style=\"text-align: justify;\"><span style=\"font-size: 14pt; font-family: arial, helvetica, sans-serif;\">\u201cNos ha ido muy bien porque estamos todos, el PAN, el PRI, el PRD, todos, porque estamos juntos, bien juntos, y porque vamos a ganar\u201d, afirm\u00f3 el precandidato.<\/span><\/p>\n<div style=\"text-align: justify;\"><span style=\"font-size: 14pt; font-family: arial, helvetica, sans-serif;\"><\/span><\/div>\n<div style=\"text-align: justify;\"><span style=\"font-size: 14pt; font-family: arial, helvetica, sans-serif;\">REDACCI\u00d3N\/VISI\u00d3N CIUDADANA.<\/span><\/div>\n","protected":false},"excerpt":{"rendered":"<p>\u201cTengo la conciencia tranquila, porque ese es el primer requisito, que la gente nos dijo y hay que aceptarlo, queremos gente honesta, gente transparente y gente capaz, eso es lo que van a ver en la boleta\u201d, dijo Mario Zamora Gast\u00e9lum, precandidato al gobierno del estado de Sinaloa por la alianza \u201cVa por Sinaloa\u201d. &nbsp; [&hellip;]<\/p>\n","protected":false},"author":1,"featured_media":6555,"comment_status":"closed","ping_status":"closed","sticky":false,"template":"","format":"standard","meta":{"footnotes":""},"categories":[13],"tags":[],"ppma_author":[31],"class_list":["post-14796","post","type-post","status-publish","format-standard","has-post-thumbnail","hentry","category-locales"],"aioseo_notices":[],"authors":[{"term_id":31,"user_id":1,"is_guest":0,"slug":"ivan3vino","display_name":"Iv\u00e1n Trevi\u00f1o","avatar_url":{"url":"https:\/\/visionciudadana.com.mx\/oficial\/wp-content\/uploads\/2025\/09\/columna-ivan-Trevino.png","url2x":"https:\/\/visionciudadana.com.mx\/oficial\/wp-content\/uploads\/2025\/09\/columna-ivan-Trevino.png"},"0":null,"1":"","2":"","3":"","4":"","5":"","6":"","7":"","8":""}],"_links":{"self":[{"href":"https:\/\/visionciudadana.com.mx\/oficial\/wp-json\/wp\/v2\/posts\/14796","targetHints":{"allow":["GET"]}}],"collection":[{"href":"https:\/\/visionciudadana.com.mx\/oficial\/wp-json\/wp\/v2\/posts"}],"about":[{"href":"https:\/\/visionciudadana.com.mx\/oficial\/wp-json\/wp\/v2\/types\/post"}],"author":[{"embeddable":true,"href":"https:\/\/visionciudadana.com.mx\/oficial\/wp-json\/wp\/v2\/users\/1"}],"replies":[{"embeddable":true,"href":"https:\/\/visionciudadana.com.mx\/oficial\/wp-json\/wp\/v2\/comments?post=14796"}],"version-history":[{"count":1,"href":"https:\/\/visionciudadana.com.mx\/oficial\/wp-json\/wp\/v2\/posts\/14796\/revisions"}],"predecessor-version":[{"id":31468,"href":"https:\/\/visionciudadana.com.mx\/oficial\/wp-json\/wp\/v2\/posts\/14796\/revisions\/31468"}],"wp:featuredmedia":[{"embeddable":true,"href":"https:\/\/visionciudadana.com.mx\/oficial\/wp-json\/wp\/v2\/posts\/6555"}],"wp:attachment":[{"href":"https:\/\/visionciudadana.com.mx\/oficial\/wp-json\/wp\/v2\/media?parent=14796"}],"wp:term":[{"taxonomy":"category","embeddable":true,"href":"https:\/\/visionciudadana.com.mx\/oficial\/wp-json\/wp\/v2\/categories?post=14796"},{"taxonomy":"post_tag","embeddable":true,"href":"https:\/\/visionciudadana.com.mx\/oficial\/wp-json\/wp\/v2\/tags?post=14796"},{"taxonomy":"author","embeddable":true,"href":"https:\/\/visionciudadana.com.mx\/oficial\/wp-json\/wp\/v2\/ppma_author?post=14796"}],"curies":[{"name":"wp","href":"https:\/\/api.w.org\/{rel}","templated":true}]}}