{"id":14795,"date":"2021-01-29T01:42:38","date_gmt":"2021-01-29T01:42:38","guid":{"rendered":"https:\/\/visionciudadana.com.mx\/prueba\/2021\/01\/29\/promueve-ubu-la-salud-entre-los-estudiantes-a-traves-de-una-buena-alimentacion\/"},"modified":"2025-06-25T00:32:35","modified_gmt":"2025-06-25T00:32:35","slug":"promueve-ubu-la-salud-entre-los-estudiantes-a-traves-de-una-buena-alimentacion","status":"publish","type":"post","link":"https:\/\/visionciudadana.com.mx\/oficial\/2021\/01\/29\/promueve-ubu-la-salud-entre-los-estudiantes-a-traves-de-una-buena-alimentacion\/","title":{"rendered":"Promueve UBU la salud entre los estudiantes a trav\u00e9s de una buena alimentaci\u00f3n"},"content":{"rendered":"<p style=\"text-align: justify;\"><img fetchpriority=\"high\" decoding=\"async\" src=\"images\/Enero2021\/promueve_UBU.PNG\" alt=\"promueve UBU\" width=\"338\" height=\"193\" style=\"display: block; margin-left: auto; margin-right: auto;\" \/><\/p>\n<p class=\"x_MsoNormal\" style=\"text-align: justify;\" align=\"center\"><span style=\"font-size: 14pt; font-family: arial, helvetica, sans-serif;\"><b><span lang=\"ES\"><\/span><\/b><\/span><\/p>\n<p class=\"x_MsoNormal\" style=\"text-align: justify;\"><span lang=\"ES\" style=\"font-size: 14pt; font-family: arial, helvetica, sans-serif;\">Siguiendo con el programa \u201cEscuela Promotora de la Salud\u201d que promueve la Unidad de Bienestar Universitario (UBU) a cargo de la licenciada Patricia Guadalupe Corrales de Guerra, la Universidad Aut\u00f3noma de Sinaloa (UAS) a trav\u00e9s de dicha dependencia, disertaron la charla denominada \u00bfSomos lo que comemos? a estudiantes de primer grado de la Unidad Acad\u00e9mica Preparatoria Victoria del Pueblo, ubicada en Aguaruto.<\/span><\/p>\n<p class=\"x_MsoNormal\" style=\"text-align: justify;\"><span lang=\"ES\" style=\"font-size: 14pt; font-family: arial, helvetica, sans-serif;\"><\/span><\/p>\n<p class=\"x_MsoNormal\" style=\"text-align: justify;\"><span lang=\"ES\" style=\"font-size: 14pt; font-family: arial, helvetica, sans-serif;\">Al darles la bienvenida a los casi cincuenta alumnos participantes, la licenciada en nutrici\u00f3n y ponente, Ramona Otero Garz\u00f3n, destac\u00f3 que mediante este programa la UBU realiza acciones integrales orientadas a contribuir con la formaci\u00f3n de los escolares, as\u00ed como al fortalecimiento de las comunidades educativas que permiten, a su vez, promover la salud y prevenir enfermedades.<\/span><\/p>\n<p class=\"x_MsoNormal\" style=\"text-align: justify;\"><span lang=\"ES\" style=\"font-size: 14pt; font-family: arial, helvetica, sans-serif;\"><\/span><\/p>\n<p class=\"x_MsoNormal\" style=\"text-align: justify;\"><span lang=\"ES\" style=\"font-size: 14pt; font-family: arial, helvetica, sans-serif;\">\u201cY dentro de los lineamientos de este programa est\u00e1 que nosotros les impartamos a ustedes, como lo estamos haciendo el d\u00eda de hoy, temas muy interesantes, pero, sobre todo, temas que les vendr\u00e1n a enriquecer su conocimiento sobre nutrici\u00f3n, alimentos saludables y que lo que nosotros buscamos con esto, es que no solamente se queden con el conocimiento, sino que hagan verdaderos cambios en su vida para alimentarse mejor, por eso el tema de hoy es \u00bfRealmente somos lo que comemos?\u201d, comenz\u00f3.<\/span><\/p>\n<p class=\"x_MsoNormal\" style=\"text-align: justify;\"><span lang=\"ES\" style=\"font-size: 14pt; font-family: arial, helvetica, sans-serif;\"><\/span><\/p>\n<p class=\"x_MsoNormal\" style=\"text-align: justify;\"><span lang=\"ES\" style=\"font-size: 14pt; font-family: arial, helvetica, sans-serif;\">Entre los temas expuestos por la especialista, estuvo la composici\u00f3n corporal, los componentes qu\u00edmicos que se encuentran en los alimentos, la obtenci\u00f3n de los elementos qu\u00edmicos a trav\u00e9s de la digesti\u00f3n, el esquema general de la digesti\u00f3n, energ\u00eda, nutrici\u00f3n, funci\u00f3n de las calor\u00edas saludables, entre otros como enfermedades metab\u00f3licas, obesidad y sobrepeso.<\/span><\/p>\n<p class=\"x_MsoNormal\" style=\"text-align: justify;\"><span lang=\"ES\" style=\"font-size: 14pt; font-family: arial, helvetica, sans-serif;\"><\/span><\/p>\n<p class=\"x_MsoNormal\" style=\"text-align: justify;\"><span lang=\"ES\" style=\"font-size: 14pt; font-family: arial, helvetica, sans-serif;\">\u201cEs mucha la poblaci\u00f3n que la est\u00e1 padeciendo, sobre todo aqu\u00ed en M\u00e9xico tenemos los primeros lugares en obesidad y sobrepeso en adultos y en ni\u00f1os; y estos primeros lugares no vienen solos, vienen con un conjunto de enfermedades que est\u00e1n acort\u00e1ndole la vida a muchos j\u00f3venes y a muchas personas adultas que no van a llegar a su tercera edad debido a la forma en c\u00f3mo se est\u00e1n alimentando, mas no se est\u00e1n nutriendo. Recuerden, la nutrici\u00f3n se lleva a cabo dentro de nuestro cuerpo, pero solamente con alimentos naturales no con alimentos procesados ni ultraprocesados\u201d, resalt\u00f3.<\/span><\/p>\n<p class=\"x_MsoNormal\" style=\"text-align: justify;\"><span lang=\"ES\" style=\"font-size: 14pt; font-family: arial, helvetica, sans-serif;\"><\/span><\/p>\n<p class=\"x_MsoNormal\" style=\"text-align: justify;\"><span lang=\"ES\" style=\"font-size: 14pt; font-family: arial, helvetica, sans-serif;\">Cabe se\u00f1alar que esta y otras acciones efectuadas dentro del programa \u201cEscuela Promotora de la Salud\u201d resultan en una certificaci\u00f3n entregada por la Comisi\u00f3n Estatal para la Protecci\u00f3n contra Riesgos Sanitarios de Sinaloa (COEPRISS) dependiente de la Secretar\u00eda de Salud del Estado.<\/span><\/p>\n<p class=\"x_MsoNormal\" style=\"text-align: justify;\"><span lang=\"ES\" style=\"font-size: 14pt; font-family: arial, helvetica, sans-serif;\"><\/span><\/p>\n<p class=\"x_MsoNormal\" style=\"text-align: justify;\"><span lang=\"ES\" style=\"font-size: 14pt; font-family: arial, helvetica, sans-serif;\">\u201cY los puntos importantes que se pueden destacar de ella es que la certificaci\u00f3n que da este programa es el de asegurarles a ustedes que les van a ofrecer, dentro del plantel escolar, los alimentos nutritivos, los alimentos que necesita su cuerpo y alimentos, sobre todo, higi\u00e9nicos\u201d, dijo por \u00faltimo.<\/span><\/p>\n<p class=\"x_MsoNormal\" style=\"text-align: justify;\"><span lang=\"ES\" style=\"font-size: 14pt; font-family: arial, helvetica, sans-serif;\"><\/span><\/p>\n<p class=\"x_MsoNormal\" style=\"text-align: justify;\"><span lang=\"ES\" style=\"font-size: 14pt; font-family: arial, helvetica, sans-serif;\">Finalmente, se record\u00f3 que la charla forma parte de la&nbsp;<i>Calendarizaci\u00f3n de conferencias 2021<\/i>&nbsp;que program\u00f3 la Unidad de Bienestar Universitario y que son transmitidas a lo largo del Estado a trav\u00e9s de la plataforma digital&nbsp;<i>Google Meet<\/i>.&nbsp;&nbsp;<\/span><\/p>\n<p style=\"text-align: justify;\">&nbsp;<\/p>\n<p style=\"text-align: justify;\"><span style=\"font-size: 14pt; font-family: arial, helvetica, sans-serif;\">REDACCI\u00d3N\/VISI\u00d3N CIUDADANA.<\/span><\/p>\n","protected":false},"excerpt":{"rendered":"<p>Siguiendo con el programa \u201cEscuela Promotora de la Salud\u201d que promueve la Unidad de Bienestar Universitario (UBU) a cargo de la licenciada Patricia Guadalupe Corrales de Guerra, la Universidad Aut\u00f3noma de Sinaloa (UAS) a trav\u00e9s de dicha dependencia, disertaron la charla denominada \u00bfSomos lo que comemos? a estudiantes de primer grado de la Unidad Acad\u00e9mica [&hellip;]<\/p>\n","protected":false},"author":1,"featured_media":6553,"comment_status":"closed","ping_status":"closed","sticky":false,"template":"","format":"standard","meta":{"footnotes":""},"categories":[13],"tags":[],"ppma_author":[31],"class_list":["post-14795","post","type-post","status-publish","format-standard","has-post-thumbnail","hentry","category-locales"],"aioseo_notices":[],"authors":[{"term_id":31,"user_id":1,"is_guest":0,"slug":"ivan3vino","display_name":"Iv\u00e1n Trevi\u00f1o","avatar_url":{"url":"https:\/\/visionciudadana.com.mx\/oficial\/wp-content\/uploads\/2025\/09\/columna-ivan-Trevino.png","url2x":"https:\/\/visionciudadana.com.mx\/oficial\/wp-content\/uploads\/2025\/09\/columna-ivan-Trevino.png"},"0":null,"1":"","2":"","3":"","4":"","5":"","6":"","7":"","8":""}],"_links":{"self":[{"href":"https:\/\/visionciudadana.com.mx\/oficial\/wp-json\/wp\/v2\/posts\/14795","targetHints":{"allow":["GET"]}}],"collection":[{"href":"https:\/\/visionciudadana.com.mx\/oficial\/wp-json\/wp\/v2\/posts"}],"about":[{"href":"https:\/\/visionciudadana.com.mx\/oficial\/wp-json\/wp\/v2\/types\/post"}],"author":[{"embeddable":true,"href":"https:\/\/visionciudadana.com.mx\/oficial\/wp-json\/wp\/v2\/users\/1"}],"replies":[{"embeddable":true,"href":"https:\/\/visionciudadana.com.mx\/oficial\/wp-json\/wp\/v2\/comments?post=14795"}],"version-history":[{"count":1,"href":"https:\/\/visionciudadana.com.mx\/oficial\/wp-json\/wp\/v2\/posts\/14795\/revisions"}],"predecessor-version":[{"id":31469,"href":"https:\/\/visionciudadana.com.mx\/oficial\/wp-json\/wp\/v2\/posts\/14795\/revisions\/31469"}],"wp:featuredmedia":[{"embeddable":true,"href":"https:\/\/visionciudadana.com.mx\/oficial\/wp-json\/wp\/v2\/posts\/6553"}],"wp:attachment":[{"href":"https:\/\/visionciudadana.com.mx\/oficial\/wp-json\/wp\/v2\/media?parent=14795"}],"wp:term":[{"taxonomy":"category","embeddable":true,"href":"https:\/\/visionciudadana.com.mx\/oficial\/wp-json\/wp\/v2\/categories?post=14795"},{"taxonomy":"post_tag","embeddable":true,"href":"https:\/\/visionciudadana.com.mx\/oficial\/wp-json\/wp\/v2\/tags?post=14795"},{"taxonomy":"author","embeddable":true,"href":"https:\/\/visionciudadana.com.mx\/oficial\/wp-json\/wp\/v2\/ppma_author?post=14795"}],"curies":[{"name":"wp","href":"https:\/\/api.w.org\/{rel}","templated":true}]}}