{"id":14794,"date":"2021-01-29T01:32:59","date_gmt":"2021-01-29T01:32:59","guid":{"rendered":"https:\/\/visionciudadana.com.mx\/prueba\/2021\/01\/29\/ejercito-de-salud-listo-para-activar-protocolos-en-la-serie-del-caribe\/"},"modified":"2025-06-25T00:32:35","modified_gmt":"2025-06-25T00:32:35","slug":"ejercito-de-salud-listo-para-activar-protocolos-en-la-serie-del-caribe","status":"publish","type":"post","link":"https:\/\/visionciudadana.com.mx\/oficial\/2021\/01\/29\/ejercito-de-salud-listo-para-activar-protocolos-en-la-serie-del-caribe\/","title":{"rendered":"Ej\u00e9rcito de salud listo para activar protocolos en la serie del caribe"},"content":{"rendered":"<p style=\"text-align: justify;\">&nbsp;<\/p>\n<p style=\"text-align: justify;\"><img fetchpriority=\"high\" decoding=\"async\" src=\"images\/Enero2021\/cristian_mu\u00f1oz.jpg\" alt=\"cristian mu\u00f1oz\" width=\"780\" height=\"420\" style=\"display: block; margin-left: auto; margin-right: auto;\" \/><\/p>\n<p class=\"x_MsoNormal\" style=\"text-align: justify;\"><span style=\"font-size: 14pt; font-family: arial, helvetica, sans-serif;\"> A partir de hoy y hasta el 7 de febrero, la Secretar\u00eda de Salud de Sinaloa, en coordinaci\u00f3n con autoridades del H. Ayuntamiento de Mazatl\u00e1n, Protecci\u00f3n Civil Estatal y Municipal, as\u00ed como COEPRISS, activar\u00e1n operativos de sanidad y concientizaci\u00f3n para evitar la propagaci\u00f3n del COVID \u2013 19 en el municipio de Mazatl\u00e1n durante los juegos de la Serie del Caribe, juegos de f\u00fatbol y cualquier evento deportivo, inform\u00f3 el Dr. Cristhian Aldo Mu\u00f1oz Madrid, Director de Prevenci\u00f3n y Promoci\u00f3n de la Salud.<\/span><\/p>\n<p style=\"text-align: justify;\">&nbsp;<\/p>\n<p class=\"x_MsoNormal\" style=\"text-align: justify;\"><span style=\"font-size: 14pt; font-family: arial, helvetica, sans-serif;\">El responsable del ej\u00e9rcito de salud que atender\u00e1 el operativo de baseball, inform\u00f3 que ser\u00e1 un total de 120 trabajadores de la salud a su cargo quienes vigilar\u00e1n se respeten los protocolos de sanidad, detall\u00f3 que el operativo consiste en la vigilancia de aforo permitido del 45% en el estadio, sana distancia, uso de cubre boca y gel antibacterial entre los asistentes.<\/span><\/p>\n<p style=\"text-align: justify;\">&nbsp;<\/p>\n<p class=\"x_MsoNormal\" style=\"text-align: justify;\"><span style=\"font-size: 14pt; font-family: arial, helvetica, sans-serif;\">Adem\u00e1s de la colocaci\u00f3n de filtros sanitarios en las casetas Concordia, Concha, Mazatl\u00e1n &#8211; Culiac\u00e1n, puerto y aeropuerto, marina y centrales camioneras, asimismo la Secretar\u00eda de Salud, utilizar\u00e1 m\u00e1s de 50 mil materiales en materia de d\u00edpticos y tr\u00edpticos, alrededor de m\u00e1s de 14 mil piezas para gel antibacterial para las personas a los accesos al estadio, as\u00ed como diversos medios informativos para que las personas est\u00e9n sensibilizadas del tema de COVID-19.<\/span><\/p>\n<p style=\"text-align: justify;\">&nbsp;<\/p>\n<p class=\"x_MsoNormal\" style=\"text-align: justify;\"><span style=\"font-size: 14pt; font-family: arial, helvetica, sans-serif;\">\u201cLa SS por indicaciones del Dr. Efr\u00e9n Encinas Torres, apoyar\u00e1 de manera contundente el operativo para la realizaci\u00f3n de la Serie del Caribe, donde estamos pr\u00e1cticamente sumados a la coordinaci\u00f3n establecida por la jurisdicci\u00f3n sanitaria de la zona sur en coordinaci\u00f3n con el H. Ayuntamiento de Mazatl\u00e1n as\u00ed como Protecci\u00f3n Civil Estatal y Municipal, y Coepriss, de la misma manera apoyaremos con los filtros sanitarios de los diversos accesos al estado, principalmente hablando del acceso al estado de Durango y Nayarit en la casetas con difusi\u00f3n y medidas de prevenci\u00f3n en materia de COVID\u201d, indic\u00f3.<\/span><\/p>\n<p style=\"text-align: justify;\">&nbsp;<\/p>\n<p class=\"x_MsoNormal\" style=\"text-align: justify;\"><span style=\"font-size: 14pt; font-family: arial, helvetica, sans-serif;\">Finalmente, manifest\u00f3 que, se coadyuvar\u00e1 con diversas autoridades en los accesos del estadio en los tres juegos diarios que se realizan, los cuales dar\u00e1n inicio el d\u00eda 31 enero y culminar\u00e1n el 6 febrero.<\/span><\/p>\n<p style=\"text-align: justify;\">&nbsp;<\/p>\n<p style=\"text-align: justify;\"><span style=\"font-size: 14pt; font-family: arial, helvetica, sans-serif;\">REDACCI\u00d3N\/VISI\u00d3N CIUDADANA.<\/span><\/p>\n","protected":false},"excerpt":{"rendered":"<p>&nbsp; A partir de hoy y hasta el 7 de febrero, la Secretar\u00eda de Salud de Sinaloa, en coordinaci\u00f3n con autoridades del H. Ayuntamiento de Mazatl\u00e1n, Protecci\u00f3n Civil Estatal y Municipal, as\u00ed como COEPRISS, activar\u00e1n operativos de sanidad y concientizaci\u00f3n para evitar la propagaci\u00f3n del COVID \u2013 19 en el municipio de Mazatl\u00e1n durante los [&hellip;]<\/p>\n","protected":false},"author":1,"featured_media":6551,"comment_status":"closed","ping_status":"closed","sticky":false,"template":"","format":"standard","meta":{"footnotes":""},"categories":[24],"tags":[],"ppma_author":[31],"class_list":["post-14794","post","type-post","status-publish","format-standard","has-post-thumbnail","hentry","category-relevantes"],"aioseo_notices":[],"authors":[{"term_id":31,"user_id":1,"is_guest":0,"slug":"ivan3vino","display_name":"Iv\u00e1n Trevi\u00f1o","avatar_url":{"url":"https:\/\/visionciudadana.com.mx\/oficial\/wp-content\/uploads\/2025\/09\/columna-ivan-Trevino.png","url2x":"https:\/\/visionciudadana.com.mx\/oficial\/wp-content\/uploads\/2025\/09\/columna-ivan-Trevino.png"},"0":null,"1":"","2":"","3":"","4":"","5":"","6":"","7":"","8":""}],"_links":{"self":[{"href":"https:\/\/visionciudadana.com.mx\/oficial\/wp-json\/wp\/v2\/posts\/14794","targetHints":{"allow":["GET"]}}],"collection":[{"href":"https:\/\/visionciudadana.com.mx\/oficial\/wp-json\/wp\/v2\/posts"}],"about":[{"href":"https:\/\/visionciudadana.com.mx\/oficial\/wp-json\/wp\/v2\/types\/post"}],"author":[{"embeddable":true,"href":"https:\/\/visionciudadana.com.mx\/oficial\/wp-json\/wp\/v2\/users\/1"}],"replies":[{"embeddable":true,"href":"https:\/\/visionciudadana.com.mx\/oficial\/wp-json\/wp\/v2\/comments?post=14794"}],"version-history":[{"count":1,"href":"https:\/\/visionciudadana.com.mx\/oficial\/wp-json\/wp\/v2\/posts\/14794\/revisions"}],"predecessor-version":[{"id":31470,"href":"https:\/\/visionciudadana.com.mx\/oficial\/wp-json\/wp\/v2\/posts\/14794\/revisions\/31470"}],"wp:featuredmedia":[{"embeddable":true,"href":"https:\/\/visionciudadana.com.mx\/oficial\/wp-json\/wp\/v2\/posts\/6551"}],"wp:attachment":[{"href":"https:\/\/visionciudadana.com.mx\/oficial\/wp-json\/wp\/v2\/media?parent=14794"}],"wp:term":[{"taxonomy":"category","embeddable":true,"href":"https:\/\/visionciudadana.com.mx\/oficial\/wp-json\/wp\/v2\/categories?post=14794"},{"taxonomy":"post_tag","embeddable":true,"href":"https:\/\/visionciudadana.com.mx\/oficial\/wp-json\/wp\/v2\/tags?post=14794"},{"taxonomy":"author","embeddable":true,"href":"https:\/\/visionciudadana.com.mx\/oficial\/wp-json\/wp\/v2\/ppma_author?post=14794"}],"curies":[{"name":"wp","href":"https:\/\/api.w.org\/{rel}","templated":true}]}}