{"id":14789,"date":"2021-01-28T02:32:47","date_gmt":"2021-01-28T02:32:47","guid":{"rendered":"https:\/\/visionciudadana.com.mx\/prueba\/2021\/01\/28\/tengo-el-apoyo-ciudadano-y-la-capacidad-para-dirigir-culiacan-oscar-loza-ochoa\/"},"modified":"2025-06-25T00:32:35","modified_gmt":"2025-06-25T00:32:35","slug":"tengo-el-apoyo-ciudadano-y-la-capacidad-para-dirigir-culiacan-oscar-loza-ochoa","status":"publish","type":"post","link":"https:\/\/visionciudadana.com.mx\/oficial\/2021\/01\/28\/tengo-el-apoyo-ciudadano-y-la-capacidad-para-dirigir-culiacan-oscar-loza-ochoa\/","title":{"rendered":"Tengo el apoyo ciudadano y la capacidad para dirigir Culiac\u00e1n: Oscar Loza Ochoa"},"content":{"rendered":"<p><img fetchpriority=\"high\" decoding=\"async\" src=\"images\/Enero2021\/Oscar_Loza_Ochoa.PNG\" alt=\"Oscar Loza Ochoa\" width=\"429\" height=\"263\" style=\"display: block; margin-left: auto; margin-right: auto;\" \/><\/p>\n<p>&nbsp;<\/p>\n<div style=\"text-align: justify;\">\n<p><span style=\"font-size: 14pt; font-family: arial, helvetica, sans-serif;\">Son muchos los grupos sociales entre otros los que han estado hablando de mi persona para ser&nbsp;aspirante a candidato de Morena por el municipio de Culiac\u00e1n entre ellos \u201cC\u00edrculos\u201d que son parte de este partido pol\u00edtico&nbsp;que han estado moviendo comentarios a mi favor por el gran respaldo que tengo.<\/span><\/p>\n<p>&nbsp;<\/p>\n<\/div>\n<div style=\"text-align: justify;\"><span style=\"font-size: 14pt;\"><span style=\"font-family: arial, helvetica, sans-serif;\">El por siempre Defensor de los Derechos Humanos, profesor Oscar Loza Ochoa, dijo ser&nbsp;<\/span>respaldado, por transportistas, rastreadoras, madres con hijos desaparecidos, polic\u00edas, jubilados de la UAS, vendedores ambulantes, desplazados, pepenadores, entre otros como asociaciones agrupaciones y sindicatos, de quienes ha recibido much\u00edsimas llamadas para que acepte dicha propuesta; por lo que dijo se siente confiado en que la gente se exprese no solo en redes como lo ha venido haciendo sino tambi\u00e9n en las encuestas que pudieran realizarse para llevar a cabo esto.<\/span><\/div>\n<div>&nbsp;<\/div>\n<div style=\"text-align: justify;\">&nbsp;<\/div>\n<div style=\"text-align: justify;\"><span style=\"font-size: 14pt;\"><span style=\"font-family: arial, helvetica, sans-serif;\">\u201cTodo este apoyo que me han hecho saber a trav\u00e9s de llamadas y de manera personal, es una&nbsp;<\/span>muestra que pudiera reflejar el pensamiento o sentimiento de la gente y tengo plena confianza de que pudiera haber un resultado favorable, una primera tranca que habr\u00eda que pasar para convertirse en candidato por supuesto a trav\u00e9s de las encuestas\u00bb.<\/span><\/div>\n<div>&nbsp;<\/div>\n<div style=\"text-align: justify;\">&nbsp;<\/div>\n<div style=\"text-align: justify;\"><span style=\"font-size: 14pt;\"><span style=\"font-family: arial, helvetica, sans-serif;\">Loza Ochoa, precis\u00f3 que lo que inicio como una broma hoy camina de manera seria agarrando un&nbsp;<\/span>buen vuelo en redes lo de dicha aspiraci\u00f3n a precandidato por la alcald\u00eda de Culiac\u00e1n, \u201cprimero circulaban caricaturas y como dir\u00eda un polic\u00eda siempre que hay problemas mandamos la\u00bbProfe&nbsp;<span style=\"font-family: arial, helvetica, sans-serif;\">Se\u00f1al\u201d lo que con todo ese apoyo me siento animado y seguro de que pueden hacerse grandes cosas por el municipio.<\/span><\/span><\/div>\n<div>&nbsp;<\/div>\n<div style=\"text-align: justify;\">&nbsp;<\/div>\n<div style=\"text-align: justify;\"><span style=\"font-size: 14pt;\"><span style=\"font-family: arial, helvetica, sans-serif;\">En cuanto a las campa\u00f1as sucias como ya se han iniciado consider\u00f3 que, en estos tiempos de crisi<\/span>s es muy inadecuado toda vez que en pol\u00edtica no se ha aprendido particularmente en estos momentos como se exige que se busquen soluciones a los problemas que se tienen en el pa\u00eds y en el mundo.<\/span><\/div>\n<div style=\"text-align: justify;\">&nbsp;<\/div>\n<div style=\"text-align: justify;\">&nbsp;<\/div>\n<div style=\"text-align: justify;\"><span style=\"font-size: 14pt;\"><span style=\"font-family: arial, helvetica, sans-serif;\">\u201cNo comulgo con las guerras sucias ni tampoco entrar\u00eda en una. Prefiero marcar distancia y&nbsp;<\/span>retirarme que meterme en este tipo de cosas no es mi formaci\u00f3n, ni estilo\u201d.<\/span><\/div>\n<div style=\"text-align: justify;\">&nbsp;<\/div>\n<div>&nbsp;<\/div>\n<div style=\"text-align: justify;\"><span style=\"font-size: 14pt;\"><span style=\"font-family: arial, helvetica, sans-serif;\">En entrevista para Visi\u00f3n Ciudadana Portal, Oscar Loza Ochoa muy satisfecho precis\u00f3 que tiene&nbsp;<\/span>confianza en que se reflejen expresiones importantes de parte de la ciudadan\u00eda tanto de la zona&nbsp;urbana&nbsp;<span style=\"caret-color: auto;\">como de la rural puesto que, si hay registro y convocatoria se ir\u00eda a una encuesta donde por lo menos entre unas 30 y 40 colonias se encuentran totalmente organizadas para brindarle todo el apoyo que requiere.<\/span><\/span><\/div>\n<div>&nbsp;<\/div>\n<div style=\"text-align: justify;\">&nbsp;<\/div>\n<div style=\"text-align: justify;\"><span style=\"font-size: 14pt;\"><span style=\"font-family: arial, helvetica, sans-serif;\">Mientras,dijo que continuar\u00e1 encabezando la Comisi\u00f3n de Defensa de los Derechos Humanos en Sinaloa a la espera de que&nbsp;<\/span>&nbsp;salga la convocatoria y registrarse como candidato a la alcald\u00eda por Culiac\u00e1n en la idea de ofrecer mejores resultados y dar soluci\u00f3n a los muchos problemas que se tienen en las colonias, pero sobre todo, en el mismo ayuntamiento de Culiac\u00e1n donde capacitar\u00eda a todo el personal para que de manera eficiente de la importancia a cada uno de los ciudadanos que requieren del respeto y apoyo para realizar todo tipo de tr\u00e1mites.<\/span><\/div>\n<div style=\"text-align: justify;\"><span style=\"font-family: arial, helvetica, sans-serif; font-size: 14pt;\"><\/span><\/div>\n<div style=\"text-align: justify;\"><span style=\"font-family: arial, helvetica, sans-serif; font-size: 14pt;\"><\/span><\/div>\n<div style=\"text-align: justify;\"><span style=\"font-family: arial, helvetica, sans-serif; font-size: 14pt;\">REDACCI\u00d3N\/CELINA FONSECA.<\/span><\/div>\n","protected":false},"excerpt":{"rendered":"<p>&nbsp; Son muchos los grupos sociales entre otros los que han estado hablando de mi persona para ser&nbsp;aspirante a candidato de Morena por el municipio de Culiac\u00e1n entre ellos \u201cC\u00edrculos\u201d que son parte de este partido pol\u00edtico&nbsp;que han estado moviendo comentarios a mi favor por el gran respaldo que tengo. &nbsp; El por siempre Defensor [&hellip;]<\/p>\n","protected":false},"author":1,"featured_media":6545,"comment_status":"closed","ping_status":"closed","sticky":false,"template":"","format":"standard","meta":{"footnotes":""},"categories":[24],"tags":[],"ppma_author":[31],"class_list":["post-14789","post","type-post","status-publish","format-standard","has-post-thumbnail","hentry","category-relevantes"],"aioseo_notices":[],"authors":[{"term_id":31,"user_id":1,"is_guest":0,"slug":"ivan3vino","display_name":"Iv\u00e1n Trevi\u00f1o","avatar_url":{"url":"https:\/\/visionciudadana.com.mx\/oficial\/wp-content\/uploads\/2025\/09\/columna-ivan-Trevino.png","url2x":"https:\/\/visionciudadana.com.mx\/oficial\/wp-content\/uploads\/2025\/09\/columna-ivan-Trevino.png"},"0":null,"1":"","2":"","3":"","4":"","5":"","6":"","7":"","8":""}],"_links":{"self":[{"href":"https:\/\/visionciudadana.com.mx\/oficial\/wp-json\/wp\/v2\/posts\/14789","targetHints":{"allow":["GET"]}}],"collection":[{"href":"https:\/\/visionciudadana.com.mx\/oficial\/wp-json\/wp\/v2\/posts"}],"about":[{"href":"https:\/\/visionciudadana.com.mx\/oficial\/wp-json\/wp\/v2\/types\/post"}],"author":[{"embeddable":true,"href":"https:\/\/visionciudadana.com.mx\/oficial\/wp-json\/wp\/v2\/users\/1"}],"replies":[{"embeddable":true,"href":"https:\/\/visionciudadana.com.mx\/oficial\/wp-json\/wp\/v2\/comments?post=14789"}],"version-history":[{"count":1,"href":"https:\/\/visionciudadana.com.mx\/oficial\/wp-json\/wp\/v2\/posts\/14789\/revisions"}],"predecessor-version":[{"id":31471,"href":"https:\/\/visionciudadana.com.mx\/oficial\/wp-json\/wp\/v2\/posts\/14789\/revisions\/31471"}],"wp:featuredmedia":[{"embeddable":true,"href":"https:\/\/visionciudadana.com.mx\/oficial\/wp-json\/wp\/v2\/posts\/6545"}],"wp:attachment":[{"href":"https:\/\/visionciudadana.com.mx\/oficial\/wp-json\/wp\/v2\/media?parent=14789"}],"wp:term":[{"taxonomy":"category","embeddable":true,"href":"https:\/\/visionciudadana.com.mx\/oficial\/wp-json\/wp\/v2\/categories?post=14789"},{"taxonomy":"post_tag","embeddable":true,"href":"https:\/\/visionciudadana.com.mx\/oficial\/wp-json\/wp\/v2\/tags?post=14789"},{"taxonomy":"author","embeddable":true,"href":"https:\/\/visionciudadana.com.mx\/oficial\/wp-json\/wp\/v2\/ppma_author?post=14789"}],"curies":[{"name":"wp","href":"https:\/\/api.w.org\/{rel}","templated":true}]}}