{"id":14775,"date":"2021-01-26T04:47:15","date_gmt":"2021-01-26T04:47:15","guid":{"rendered":"https:\/\/visionciudadana.com.mx\/prueba\/2021\/01\/26\/no-politizar-la-vacunacion-contra-el-covid-dip-elva-margarita-inzunza\/"},"modified":"2025-06-25T00:32:35","modified_gmt":"2025-06-25T00:32:35","slug":"no-politizar-la-vacunacion-contra-el-covid-dip-elva-margarita-inzunza","status":"publish","type":"post","link":"https:\/\/visionciudadana.com.mx\/oficial\/2021\/01\/26\/no-politizar-la-vacunacion-contra-el-covid-dip-elva-margarita-inzunza\/","title":{"rendered":"No politizar la vacunaci\u00f3n contra el Covid: Dip. Elva Margarita Inzunza"},"content":{"rendered":"<p><img fetchpriority=\"high\" decoding=\"async\" src=\"images\/Enero2021\/no_politizar.PNG\" alt=\"no politizar\" width=\"409\" height=\"255\" style=\"display: block; margin-left: auto; margin-right: auto;\" \/><\/p>\n<p class=\"x_MsoNormal\" align=\"right\">&nbsp;<\/p>\n<p class=\"x_MsoNormal\" style=\"text-align: justify;\"><span style=\"font-size: 14pt; font-family: arial, helvetica, sans-serif;\">Frente a la campa\u00f1a de vacunaci\u00f3n masiva contra la enfermedad del COVID -19, la diputada local del PRI Elva Margarita Inzunza Valenzuela hizo un llamado al gobierno federal para no politizar la aplicaci\u00f3n de la vacuna.<\/span><\/p>\n<p style=\"text-align: justify;\">&nbsp;<\/p>\n<p class=\"x_MsoNormal\" style=\"text-align: justify;\"><span style=\"font-size: 14pt; font-family: arial, helvetica, sans-serif;\">Para ello, Inzunza Valenzuela propuso iniciar una amplia movilizaci\u00f3n social con el objetivo de agilizar su distribuci\u00f3n entre la ciudadan\u00eda, principalmente entre los grupos sociales m\u00e1s vulnerables.<\/span><\/p>\n<p style=\"text-align: justify;\">&nbsp;<\/p>\n<p class=\"x_MsoNormal\" style=\"text-align: justify;\"><span style=\"font-size: 14pt; font-family: arial, helvetica, sans-serif;\">La diputada local del PRI destac\u00f3 que \u201cAhora, tenemos ante nosotros la enorme y compleja tarea de llevar a cabo la vacunaci\u00f3n masiva de la poblaci\u00f3n. El gobierno, por s\u00ed solo, ni el federal ni los estatales, puede llevar a feliz cumplimiento esta tarea\u201d.<\/span><\/p>\n<p style=\"text-align: justify;\">&nbsp;<\/p>\n<p class=\"x_MsoNormal\" style=\"text-align: justify;\"><span style=\"font-size: 14pt; font-family: arial, helvetica, sans-serif;\">Con motivo de la comparecencia del Secretario de Salud, la legisladora Elva Margarita Inzunza consider\u00f3 que el Gobernador Quirino Ordaz Coppel ha cumplido con las directrices en materia sanitaria marcadas por el gobierno federal.<\/span><\/p>\n<p style=\"text-align: justify;\">&nbsp;<\/p>\n<p class=\"x_MsoNormal\" style=\"text-align: justify;\"><span style=\"font-size: 14pt; font-family: arial, helvetica, sans-serif;\">\u201cLa actuaci\u00f3n de las propias autoridades de salud, encabezadas por usted, se\u00f1or Secretario Efr\u00e9n Encinas, dan cuenta de la seriedad, del rigor y el profesionalismo con que se asumieron los compromisos para garantizar la salud y frenar la pandemia del COVID-19\u201d, manifest\u00f3.<\/span><\/p>\n<p class=\"x_MsoNormal\" style=\"text-align: justify;\"><span style=\"font-size: 14pt; font-family: arial, helvetica, sans-serif;\"><b>&nbsp;<\/b><\/span><\/p>\n<p class=\"x_MsoNormal\" style=\"text-align: justify;\"><span style=\"font-size: 14pt; font-family: arial, helvetica, sans-serif;\"><b>COMPARECE TAMBI\u00c9N EL SECRETARIO DE DESARROLLO SOCIAL<\/b><\/span><\/p>\n<p class=\"x_MsoNormal\" style=\"text-align: justify;\"><span style=\"font-size: 14pt; font-family: arial, helvetica, sans-serif;\">Ante la comparecencia del Secretario de Desarrollo Social, el diputado Jes\u00fas Armando Ram\u00edrez Guzm\u00e1n demand\u00f3 darle mayor apoyo econ\u00f3mico a los municipios con el objetivo de que se tenga la posibilidad de atender las demandas m\u00e1s sentidas de la ciudadan\u00eda.&nbsp;<\/span><\/p>\n<p style=\"text-align: justify;\">&nbsp;<\/p>\n<p class=\"x_MsoNormal\" style=\"text-align: justify;\"><span style=\"font-size: 14pt; font-family: arial, helvetica, sans-serif;\">\u201cLos presidentes municipales constantemente se quejan de la falta de recursos, y ellos son quienes reciben las demandas de la gente, y quienes deben solucionar todo tipo de dificultades, adem\u00e1s de tratar de mejorar el bienestar de la poblaci\u00f3n en general\u201d, manifest\u00f3.<\/span><\/p>\n<p style=\"text-align: justify;\">&nbsp;<\/p>\n<p class=\"x_MsoNormal\" style=\"text-align: justify;\"><span style=\"font-size: 14pt; font-family: arial, helvetica, sans-serif;\">Finalmente, la diputada Ana Cecilia Moreno Romero solicit\u00f3 una mayor atenci\u00f3n para las comunidades ind\u00edgenas, dado que es un sector que ha resentido como nunca los efectos de la pandemia, no solamente en el aspecto de la salud, sino tambi\u00e9n econ\u00f3mico y social.<\/span><\/p>\n<p style=\"text-align: justify;\">&nbsp;<\/p>\n<p class=\"x_MsoNormal\" style=\"text-align: justify;\"><span style=\"font-size: 14pt; font-family: arial, helvetica, sans-serif;\">\u201cSin duda alguna, el desarrollo social es uno de los principales objetivos de toda pol\u00edtica p\u00fablica. Es en este rubro, donde realmente se puede evaluar el desempe\u00f1o de un gobierno y m\u00e1s a\u00fan cuando se han propuesto atender la emergencia derivada de la pandemia, y al mismo tiempo tratar de disminuir la desigualdad social y mejorar el bienestar de las familias\u201d, manifest\u00f3.<\/span><\/p>\n<p style=\"text-align: justify;\">&nbsp;<\/p>\n<p style=\"text-align: justify;\">&nbsp;<\/p>\n<p style=\"text-align: justify;\"><span style=\"font-size: 14pt; font-family: arial, helvetica, sans-serif;\">RERDACCI\u00d3N\/VISI\u00d3N CIUDADANA.<\/span><\/p>\n","protected":false},"excerpt":{"rendered":"<p>&nbsp; Frente a la campa\u00f1a de vacunaci\u00f3n masiva contra la enfermedad del COVID -19, la diputada local del PRI Elva Margarita Inzunza Valenzuela hizo un llamado al gobierno federal para no politizar la aplicaci\u00f3n de la vacuna. &nbsp; Para ello, Inzunza Valenzuela propuso iniciar una amplia movilizaci\u00f3n social con el objetivo de agilizar su distribuci\u00f3n [&hellip;]<\/p>\n","protected":false},"author":1,"featured_media":6525,"comment_status":"closed","ping_status":"closed","sticky":false,"template":"","format":"standard","meta":{"footnotes":""},"categories":[24],"tags":[],"ppma_author":[31],"class_list":["post-14775","post","type-post","status-publish","format-standard","has-post-thumbnail","hentry","category-relevantes"],"aioseo_notices":[],"authors":[{"term_id":31,"user_id":1,"is_guest":0,"slug":"ivan3vino","display_name":"Iv\u00e1n Trevi\u00f1o","avatar_url":{"url":"https:\/\/visionciudadana.com.mx\/oficial\/wp-content\/uploads\/2025\/09\/columna-ivan-Trevino.png","url2x":"https:\/\/visionciudadana.com.mx\/oficial\/wp-content\/uploads\/2025\/09\/columna-ivan-Trevino.png"},"0":null,"1":"","2":"","3":"","4":"","5":"","6":"","7":"","8":""}],"_links":{"self":[{"href":"https:\/\/visionciudadana.com.mx\/oficial\/wp-json\/wp\/v2\/posts\/14775","targetHints":{"allow":["GET"]}}],"collection":[{"href":"https:\/\/visionciudadana.com.mx\/oficial\/wp-json\/wp\/v2\/posts"}],"about":[{"href":"https:\/\/visionciudadana.com.mx\/oficial\/wp-json\/wp\/v2\/types\/post"}],"author":[{"embeddable":true,"href":"https:\/\/visionciudadana.com.mx\/oficial\/wp-json\/wp\/v2\/users\/1"}],"replies":[{"embeddable":true,"href":"https:\/\/visionciudadana.com.mx\/oficial\/wp-json\/wp\/v2\/comments?post=14775"}],"version-history":[{"count":1,"href":"https:\/\/visionciudadana.com.mx\/oficial\/wp-json\/wp\/v2\/posts\/14775\/revisions"}],"predecessor-version":[{"id":31477,"href":"https:\/\/visionciudadana.com.mx\/oficial\/wp-json\/wp\/v2\/posts\/14775\/revisions\/31477"}],"wp:featuredmedia":[{"embeddable":true,"href":"https:\/\/visionciudadana.com.mx\/oficial\/wp-json\/wp\/v2\/media\/6525"}],"wp:attachment":[{"href":"https:\/\/visionciudadana.com.mx\/oficial\/wp-json\/wp\/v2\/media?parent=14775"}],"wp:term":[{"taxonomy":"category","embeddable":true,"href":"https:\/\/visionciudadana.com.mx\/oficial\/wp-json\/wp\/v2\/categories?post=14775"},{"taxonomy":"post_tag","embeddable":true,"href":"https:\/\/visionciudadana.com.mx\/oficial\/wp-json\/wp\/v2\/tags?post=14775"},{"taxonomy":"author","embeddable":true,"href":"https:\/\/visionciudadana.com.mx\/oficial\/wp-json\/wp\/v2\/ppma_author?post=14775"}],"curies":[{"name":"wp","href":"https:\/\/api.w.org\/{rel}","templated":true}]}}