{"id":14774,"date":"2021-01-26T04:39:04","date_gmt":"2021-01-26T04:39:04","guid":{"rendered":"https:\/\/visionciudadana.com.mx\/prueba\/2021\/01\/26\/como-nunca-sinaloa-ha-sacado-la-casta-en-salud\/"},"modified":"2025-06-25T00:32:36","modified_gmt":"2025-06-25T00:32:36","slug":"como-nunca-sinaloa-ha-sacado-la-casta-en-salud","status":"publish","type":"post","link":"https:\/\/visionciudadana.com.mx\/oficial\/2021\/01\/26\/como-nunca-sinaloa-ha-sacado-la-casta-en-salud\/","title":{"rendered":"Como nunca Sinaloa ha sacado la casta en salud"},"content":{"rendered":"<p style=\"text-align: justify;\"><b><img fetchpriority=\"high\" decoding=\"async\" src=\"images\/Enero2021\/hc_cln.PNG\" alt=\"hc cln\" width=\"401\" height=\"248\" style=\"display: block; margin-left: auto; margin-right: auto;\" \/><br \/><span style=\"font-size: 14pt; font-family: arial, helvetica, sans-serif;\"><\/span><\/b><\/p>\n<p class=\"x_MsoNormal\" style=\"text-align: justify;\"><span style=\"font-size: 14pt; font-family: arial, helvetica, sans-serif;\">En congruencia al momento que estamos pasando por la pandemia, el Dr. Efr\u00e9n Encinas Torres, Secretario de Salud de Sinaloa, compareci\u00f3 de manera virtual ante diputados del H. Congreso del Estado de la LXIII, para dar a conocer las acciones m\u00e1s importantes durante el 2020 un a\u00f1o que marco historia en el mundo por el coronavirus.<\/span><\/p>\n<p style=\"text-align: justify;\">&nbsp;<\/p>\n<p class=\"x_MsoNormal\" style=\"text-align: justify;\"><span style=\"font-size: 14pt; font-family: arial, helvetica, sans-serif;\">Durante su participaci\u00f3n, el galeno inform\u00f3 que en el sector Salud de Sinaloa; IMSS, IMSS- BIENESTAR, SSA, ISSSTE, H. Pedi\u00e1trico de Sinaloa, H. CIVIL Y H. Margarita Maza, se cuenta con un total de 495 unidades de primer nivel y 39 unidades m\u00e9dicas de segundo nivel a lo largo y ancho del estado, asimismo se cuenta con un total de 2 mil 442 camas censables y no censables mil 486, adem\u00e1s de 179 unidades dentales, equipos rayos X 179, quir\u00f3fanos 112, salas de parto 52.<\/span><\/p>\n<p style=\"text-align: justify;\">&nbsp;<\/p>\n<p class=\"x_MsoNormal\" style=\"text-align: justify;\"><span style=\"font-size: 14pt; font-family: arial, helvetica, sans-serif;\">Agreg\u00f3 que los principales servicios otorgados en las unidades m\u00e9dicas del sector salud han sido por consulta general con m\u00e1s de 2 millones, estudios de laboratorio donde se registraron m\u00e1s de 4 millones, y consulta especializada 397 mil138.<\/span><\/p>\n<p style=\"text-align: justify;\">&nbsp;<\/p>\n<p class=\"x_MsoNormal\" style=\"text-align: justify;\"><span style=\"font-size: 14pt; font-family: arial, helvetica, sans-serif;\">Indic\u00f3 que, durante el 2020, las principales causas de enfermedad en la poblaci\u00f3n fueron por; infecciones respiratorias agudas, infecciones en v\u00edas urinarias, infecciones intestinales, \u00falceras, gastritis y duodenitis, entre otras. Mientras que las principales causas de mortalidad fueron por; infarto agudo del miocardio, COVID \u2013 19, neumon\u00eda no especificada, diabetes mellitus, entre otras.<\/span><\/p>\n<p style=\"text-align: justify;\">&nbsp;<\/p>\n<p class=\"x_MsoNormal\" style=\"text-align: justify;\"><span style=\"font-size: 14pt; font-family: arial, helvetica, sans-serif;\">En cuanto a la atenci\u00f3n para la emergencia sanitaria por COVID-19, el responsable de la salud en el estado, inform\u00f3 que desde el d\u00eda uno el pasado 28 de febrero del 2020 se realiz\u00f3 la conformaci\u00f3n de las instancias de tomas de decisiones colegiadas para la atenci\u00f3n a la pandemia.<\/span><\/p>\n<p style=\"text-align: justify;\">&nbsp;<\/p>\n<p class=\"x_MsoNormal\" style=\"text-align: justify;\"><span style=\"font-size: 14pt; font-family: arial, helvetica, sans-serif;\">\u201cAqu\u00ed tambi\u00e9n tenemos lo que, en materia de unidades hospitalarias, la reconversi\u00f3n hospitalaria la expansi\u00f3n hospitalaria con 4 unidades de atenci\u00f3n m\u00e9dicas especializadas en Culiac\u00e1n, Mazatl\u00e1n, Guasave y los Mochis con pr\u00e1cticamente 50 unidades debidamente instaladas y cubiertas con toda la capacidad resolutiva, esto permiti\u00f3 que Sinaloa no fuera rebasado en ning\u00fan momento en los momentos m\u00e1s \u00e1lgidos como lo es en el momento actual\u201d, detall\u00f3.<\/span><\/p>\n<p style=\"text-align: justify;\">&nbsp;<\/p>\n<p class=\"x_MsoNormal\" style=\"text-align: justify;\"><span style=\"font-size: 14pt; font-family: arial, helvetica, sans-serif;\">Asimismo, Se cre\u00f3 el Comit\u00e9 de Emergencia Sanitaria en Salud, el Consejo Estatal de Seguridad en Salud Integrado por el sector p\u00fablico, privado y social, la Red de municipios saludables, la Comisi\u00f3n de reacci\u00f3n inmediata a la emergencia, la creaci\u00f3n de grupos de expertos para la evaluaci\u00f3n permanente de la terap\u00e9utica para Covid \u2013 19, reuniones de evaluaci\u00f3n y seguimiento de la pandemia a trav\u00e9s del Consejo Nacional de Salud (CONASA).<\/span><\/p>\n<p style=\"text-align: justify;\">&nbsp;<\/p>\n<p class=\"x_MsoNormal\" style=\"text-align: justify;\"><span style=\"font-size: 14pt; font-family: arial, helvetica, sans-serif;\">Se cont\u00f3 con la participaci\u00f3n e intercambio de experiencias exitosas en el manejo de la pandemia con entidades federativas, la participaci\u00f3n con organizaciones econ\u00f3micas y sociales para el fortalecimiento de las acciones pata prevenir y mitigar la pandemia as\u00ed como el apoyo del sector hotelero para los hospedajes de personal m\u00e9dico en la pandemia.<\/span><\/p>\n<p style=\"text-align: justify;\">&nbsp;<\/p>\n<p class=\"x_MsoNormal\" style=\"text-align: justify;\"><span style=\"font-size: 14pt; font-family: arial, helvetica, sans-serif;\">Inform\u00f3 que, otras de las acciones para la atenci\u00f3n a la emergencia por COVID-19 fue la inversi\u00f3n de 238 millones de pesos en equipamiento m\u00e9dico, medicamento y material de curaci\u00f3n, as\u00ed como equipo de seguridad personal (camas de hospitalizaci\u00f3n, monitores, larongoscopios, tom\u00f3grafo, desfibriladores, ventiladores, aspiradores.)<\/span><\/p>\n<p style=\"text-align: justify;\">&nbsp;<\/p>\n<p class=\"x_MsoNormal\" style=\"text-align: justify;\"><span style=\"font-size: 14pt; font-family: arial, helvetica, sans-serif;\">Asimismo, la inversi\u00f3n en contrataci\u00f3n de recursos humanos para la atenci\u00f3n a pacientes Covid \u2013 19 por un total de 23 millones de pesos.<\/span><\/p>\n<p style=\"text-align: justify;\">&nbsp;<\/p>\n<p class=\"x_MsoNormal\" style=\"text-align: justify;\"><span style=\"font-size: 14pt; font-family: arial, helvetica, sans-serif;\">Agreg\u00f3 que, se realiz\u00f3 de manera oportuna una conversi\u00f3n hospitalaria con la activaci\u00f3n del Hospital COVID- 19 INSABI en Sinaloa, la instalaci\u00f3n de espacios adicionales en principales Hospitales de espacios adicionales en principales hospitales del Estado en los munici8pios de Mochis, Guasave, Culiac\u00e1n y Mazatl\u00e1n. Se convirtieron y ampliaron 1,469 camas de Hospitales para dar una mejor atenci\u00f3n a casos COVID-19.<\/span><\/p>\n<p style=\"text-align: justify;\">&nbsp;<\/p>\n<p class=\"x_MsoNormal\" style=\"text-align: justify;\"><span style=\"font-size: 14pt; font-family: arial, helvetica, sans-serif;\">Adem\u00e1s, se realiz\u00f3 la instalaci\u00f3n del Call Center en la Ciudad de Culiac\u00e1n, Mazatl\u00e1n, Mochis y Guasave para dar atenci\u00f3n a la poblaci\u00f3n a trav\u00e9s del Centro de Asistencia Telef\u00f3nica COVID.<\/span><\/p>\n<p style=\"text-align: justify;\">&nbsp;<\/p>\n<p class=\"x_MsoNormal\" style=\"text-align: justify;\"><span style=\"font-size: 14pt; font-family: arial, helvetica, sans-serif;\">Por \u00faltimo, destac\u00f3 que, la infraestructura hospitalaria y centro de salud se encuentran con servicios ampliados gracias al nuevo Hospital General de Culiac\u00e1n, nuevo Hospital Pedi\u00e1trico en Culiac\u00e1n y el nuevo Centro de Servicios Ampliados en Culiac\u00e1n, adem\u00e1s del Hospital General de Mazatl\u00e1n que se encuentra en operaciones y se ha convertido en un importante centro de atenci\u00f3n m\u00e9dica en el sur del estado.<\/span><\/p>\n<p style=\"text-align: justify;\">&nbsp;<\/p>\n<p class=\"x_MsoNormal\" style=\"text-align: justify;\"><span style=\"font-size: 14pt; font-family: arial, helvetica, sans-serif;\">Ratific\u00f3 ante la comisi\u00f3n de Salud Presidida por la Dip. Guadalupe Iribe Gasc\u00f3n, que el compromiso de la Secretar\u00eda de Salud de Sinaloa es continuar trabajando para mejorar los Servicios de Salud y que estos lleguen con la mejor calidad y calidez hacia la poblaci\u00f3n que as\u00ed lo requiera sobre todo en estos tiempos.<\/span><\/p>\n<p style=\"text-align: justify;\">&nbsp;<\/p>\n<p style=\"text-align: justify;\">&nbsp;<\/p>\n<p style=\"text-align: justify;\"><span style=\"font-size: 14pt; font-family: arial, helvetica, sans-serif;\">REDACCI\u00d3N\/VISI\u00d3N CIUDADANA.<\/span><\/p>\n","protected":false},"excerpt":{"rendered":"<p>En congruencia al momento que estamos pasando por la pandemia, el Dr. Efr\u00e9n Encinas Torres, Secretario de Salud de Sinaloa, compareci\u00f3 de manera virtual ante diputados del H. Congreso del Estado de la LXIII, para dar a conocer las acciones m\u00e1s importantes durante el 2020 un a\u00f1o que marco historia en el mundo por el [&hellip;]<\/p>\n","protected":false},"author":1,"featured_media":6523,"comment_status":"closed","ping_status":"closed","sticky":false,"template":"","format":"standard","meta":{"footnotes":""},"categories":[24],"tags":[],"ppma_author":[31],"class_list":["post-14774","post","type-post","status-publish","format-standard","has-post-thumbnail","hentry","category-relevantes"],"aioseo_notices":[],"authors":[{"term_id":31,"user_id":1,"is_guest":0,"slug":"ivan3vino","display_name":"Iv\u00e1n Trevi\u00f1o","avatar_url":{"url":"https:\/\/visionciudadana.com.mx\/oficial\/wp-content\/uploads\/2025\/09\/columna-ivan-Trevino.png","url2x":"https:\/\/visionciudadana.com.mx\/oficial\/wp-content\/uploads\/2025\/09\/columna-ivan-Trevino.png"},"0":null,"1":"","2":"","3":"","4":"","5":"","6":"","7":"","8":""}],"_links":{"self":[{"href":"https:\/\/visionciudadana.com.mx\/oficial\/wp-json\/wp\/v2\/posts\/14774","targetHints":{"allow":["GET"]}}],"collection":[{"href":"https:\/\/visionciudadana.com.mx\/oficial\/wp-json\/wp\/v2\/posts"}],"about":[{"href":"https:\/\/visionciudadana.com.mx\/oficial\/wp-json\/wp\/v2\/types\/post"}],"author":[{"embeddable":true,"href":"https:\/\/visionciudadana.com.mx\/oficial\/wp-json\/wp\/v2\/users\/1"}],"replies":[{"embeddable":true,"href":"https:\/\/visionciudadana.com.mx\/oficial\/wp-json\/wp\/v2\/comments?post=14774"}],"version-history":[{"count":1,"href":"https:\/\/visionciudadana.com.mx\/oficial\/wp-json\/wp\/v2\/posts\/14774\/revisions"}],"predecessor-version":[{"id":31478,"href":"https:\/\/visionciudadana.com.mx\/oficial\/wp-json\/wp\/v2\/posts\/14774\/revisions\/31478"}],"wp:featuredmedia":[{"embeddable":true,"href":"https:\/\/visionciudadana.com.mx\/oficial\/wp-json\/wp\/v2\/posts\/6523"}],"wp:attachment":[{"href":"https:\/\/visionciudadana.com.mx\/oficial\/wp-json\/wp\/v2\/media?parent=14774"}],"wp:term":[{"taxonomy":"category","embeddable":true,"href":"https:\/\/visionciudadana.com.mx\/oficial\/wp-json\/wp\/v2\/categories?post=14774"},{"taxonomy":"post_tag","embeddable":true,"href":"https:\/\/visionciudadana.com.mx\/oficial\/wp-json\/wp\/v2\/tags?post=14774"},{"taxonomy":"author","embeddable":true,"href":"https:\/\/visionciudadana.com.mx\/oficial\/wp-json\/wp\/v2\/ppma_author?post=14774"}],"curies":[{"name":"wp","href":"https:\/\/api.w.org\/{rel}","templated":true}]}}