{"id":14773,"date":"2021-01-26T04:14:48","date_gmt":"2021-01-26T04:14:48","guid":{"rendered":"https:\/\/visionciudadana.com.mx\/prueba\/2021\/01\/26\/recomienda-especialista-leer-avisos-de-privacidad-de-aplicaciones-o-redes-sociales-antes-de-instalarlas\/"},"modified":"2025-06-25T00:32:36","modified_gmt":"2025-06-25T00:32:36","slug":"recomienda-especialista-leer-avisos-de-privacidad-de-aplicaciones-o-redes-sociales-antes-de-instalarlas","status":"publish","type":"post","link":"https:\/\/visionciudadana.com.mx\/oficial\/2021\/01\/26\/recomienda-especialista-leer-avisos-de-privacidad-de-aplicaciones-o-redes-sociales-antes-de-instalarlas\/","title":{"rendered":"Recomienda especialista leer avisos de privacidad de aplicaciones o redes sociales antes de instalarlas"},"content":{"rendered":"<p><img fetchpriority=\"high\" decoding=\"async\" src=\"images\/Enero2021\/avisos.PNG\" alt=\"avisos\" width=\"376\" height=\"216\" style=\"display: block; margin-left: auto; margin-right: auto;\" \/><\/p>\n<p class=\"x_MsoNormal\" style=\"text-align: justify;\" align=\"right\"><span style=\"font-size: 14pt; font-family: arial, helvetica, sans-serif;\">Uno de los debates actuales sobre las tecnolog\u00edas y las redes sociales ha sido la privacidad de la informaci\u00f3n que el usuario comunica mediante estas, en d\u00edas pasados una aplicaci\u00f3n como lo es WhatsApp dio a conocer que la informaci\u00f3n recopilada estar\u00eda pasando por el conglomerado de Facebook, sin embargo, ha descartado que esta aplicaci\u00f3n de mensajer\u00eda contenga publicidad.<\/span><\/p>\n<p style=\"text-align: justify;\">&nbsp;<\/p>\n<p class=\"x_MsoNormal\" style=\"text-align: justify;\"><span style=\"font-size: 14pt; font-family: arial, helvetica, sans-serif;\">Esta informaci\u00f3n proporcionada por la empresa de tecnolog\u00eda entrar\u00eda en vigor este pr\u00f3ximo mes de mayo, por lo que es importante leer los avisos de privacidad de toda aquella aplicaci\u00f3n o red social que se instalen en los dispositivos m\u00f3viles, invit\u00f3 el doctor Arturo Yee Rend\u00f3n.<\/span><\/p>\n<p style=\"text-align: justify;\">&nbsp;<\/p>\n<p class=\"x_MsoNormal\" style=\"text-align: justify;\"><span style=\"font-size: 14pt; font-family: arial, helvetica, sans-serif;\">El investigador de la Facultad de Inform\u00e1tica Culiac\u00e1n (FIC) de la Universidad Aut\u00f3noma de Sinaloa (UAS) se\u00f1al\u00f3 que ha habido una gran migraci\u00f3n de usuarios de WhatsApp a otras aplicaciones de mensajer\u00eda como lo es Telegram y Signal, sin embargo, sostuvo que los datos personales son guardados en estas y todas las aplicaciones.<\/span><\/p>\n<p style=\"text-align: justify;\">&nbsp;<\/p>\n<p class=\"x_MsoNormal\" style=\"text-align: justify;\"><span style=\"font-size: 14pt; font-family: arial, helvetica, sans-serif;\">\u201cPor ejemplo WhatsApp guarda el n\u00famero telef\u00f3nico, el ID de usuario, contactos, ID de dispositivo, historial de compras, ubicaci\u00f3n aproximada, entre otros muchos m\u00e1s datos;<i>&nbsp;<\/i>Telegram guarda n\u00famero de tel\u00e9fono, ID de usuario, contactos y el nombre de la cuenta solamente, mientras que Signal<i>&nbsp;<\/i>guarda solo el n\u00famero telef\u00f3nico\u201d, enlist\u00f3 Yee Rend\u00f3n.<\/span><\/p>\n<p style=\"text-align: justify;\">&nbsp;<\/p>\n<p class=\"x_MsoNormal\" style=\"text-align: justify;\"><span style=\"font-size: 14pt; font-family: arial, helvetica, sans-serif;\">El tambi\u00e9n coordinador de Posgrado de la FIC manifest\u00f3 que es importante saber para qu\u00e9 es usada la informaci\u00f3n recopilada en estas aplicaciones, particularmente, dijo, WhatsApp las guarda para mejorar, proporcionar, comprender, personalizar, respaldar y comercializar los servicios que ofrece.<\/span><\/p>\n<p style=\"text-align: justify;\">&nbsp;<\/p>\n<p class=\"x_MsoNormal\" style=\"text-align: justify;\"><span style=\"font-size: 14pt; font-family: arial, helvetica, sans-serif;\">\u201cWhatsApp se\u00f1ala tambi\u00e9n a las empresas y negocios que usan esta plataforma que pueden proporcionar m\u00e9tricas sobre el uso que hacen de los servicios, adem\u00e1s de las aplicaciones de Facebook como Instagram, pero solo a la ID de las empresas\u201d, a\u00f1adi\u00f3.<\/span><\/p>\n<p style=\"text-align: justify;\">&nbsp;<\/p>\n<p class=\"x_MsoNormal\" style=\"text-align: justify;\"><span style=\"font-size: 14pt; font-family: arial, helvetica, sans-serif;\">Reiter\u00f3 que, sobre esta situaci\u00f3n de la privacidad de datos, los usuarios deben leer todas las condiciones y t\u00e9rminos sobre el uso de estas aplicaciones, y ser\u00e1 quien tome la decisi\u00f3n de acceder al producto o no, ya que estas recopilan informaci\u00f3n y adem\u00e1s no es gratis, todo tiene su costo.<\/span><\/p>\n<p style=\"text-align: justify;\">&nbsp;<\/p>\n<p class=\"x_MsoNormal\" style=\"text-align: justify;\"><span style=\"font-size: 14pt; font-family: arial, helvetica, sans-serif;\">Por otro lado, existe una vinculaci\u00f3n entre las cuentas y aplicaciones, y la b\u00fasqueda que se haga en ese dispositivo se ver\u00e1 reflejada en publicidad, \u201cen computaci\u00f3n nada es magia, existen algoritmos que estudian el comportamiento del usuario y lo que hacen es que clasifican y agrupan a esos usuarios en un conjunto con gustos similares y es por ello que al navegar nos arrojan publicidad gracias a estos algoritmos de inteligencia artificial, pero que te escuchen las grandes empresas mientras no uses el dispositivo, es un mito\u201d, finaliz\u00f3.<\/span><\/p>\n<p style=\"text-align: justify;\">&nbsp;<\/p>\n<p style=\"text-align: justify;\"><span style=\"font-size: 14pt; font-family: arial, helvetica, sans-serif;\">REDACCI\u00d3N\/VISI\u00d3N CIUDADANA.<\/span><\/p>\n","protected":false},"excerpt":{"rendered":"<p>Uno de los debates actuales sobre las tecnolog\u00edas y las redes sociales ha sido la privacidad de la informaci\u00f3n que el usuario comunica mediante estas, en d\u00edas pasados una aplicaci\u00f3n como lo es WhatsApp dio a conocer que la informaci\u00f3n recopilada estar\u00eda pasando por el conglomerado de Facebook, sin embargo, ha descartado que esta aplicaci\u00f3n [&hellip;]<\/p>\n","protected":false},"author":1,"featured_media":6521,"comment_status":"closed","ping_status":"closed","sticky":false,"template":"","format":"standard","meta":{"footnotes":""},"categories":[13],"tags":[],"ppma_author":[31],"class_list":["post-14773","post","type-post","status-publish","format-standard","has-post-thumbnail","hentry","category-locales"],"aioseo_notices":[],"authors":[{"term_id":31,"user_id":1,"is_guest":0,"slug":"ivan3vino","display_name":"Iv\u00e1n Trevi\u00f1o","avatar_url":{"url":"https:\/\/visionciudadana.com.mx\/oficial\/wp-content\/uploads\/2025\/09\/columna-ivan-Trevino.png","url2x":"https:\/\/visionciudadana.com.mx\/oficial\/wp-content\/uploads\/2025\/09\/columna-ivan-Trevino.png"},"0":null,"1":"","2":"","3":"","4":"","5":"","6":"","7":"","8":""}],"_links":{"self":[{"href":"https:\/\/visionciudadana.com.mx\/oficial\/wp-json\/wp\/v2\/posts\/14773","targetHints":{"allow":["GET"]}}],"collection":[{"href":"https:\/\/visionciudadana.com.mx\/oficial\/wp-json\/wp\/v2\/posts"}],"about":[{"href":"https:\/\/visionciudadana.com.mx\/oficial\/wp-json\/wp\/v2\/types\/post"}],"author":[{"embeddable":true,"href":"https:\/\/visionciudadana.com.mx\/oficial\/wp-json\/wp\/v2\/users\/1"}],"replies":[{"embeddable":true,"href":"https:\/\/visionciudadana.com.mx\/oficial\/wp-json\/wp\/v2\/comments?post=14773"}],"version-history":[{"count":1,"href":"https:\/\/visionciudadana.com.mx\/oficial\/wp-json\/wp\/v2\/posts\/14773\/revisions"}],"predecessor-version":[{"id":31479,"href":"https:\/\/visionciudadana.com.mx\/oficial\/wp-json\/wp\/v2\/posts\/14773\/revisions\/31479"}],"wp:featuredmedia":[{"embeddable":true,"href":"https:\/\/visionciudadana.com.mx\/oficial\/wp-json\/wp\/v2\/posts\/6521"}],"wp:attachment":[{"href":"https:\/\/visionciudadana.com.mx\/oficial\/wp-json\/wp\/v2\/media?parent=14773"}],"wp:term":[{"taxonomy":"category","embeddable":true,"href":"https:\/\/visionciudadana.com.mx\/oficial\/wp-json\/wp\/v2\/categories?post=14773"},{"taxonomy":"post_tag","embeddable":true,"href":"https:\/\/visionciudadana.com.mx\/oficial\/wp-json\/wp\/v2\/tags?post=14773"},{"taxonomy":"author","embeddable":true,"href":"https:\/\/visionciudadana.com.mx\/oficial\/wp-json\/wp\/v2\/ppma_author?post=14773"}],"curies":[{"name":"wp","href":"https:\/\/api.w.org\/{rel}","templated":true}]}}