{"id":14772,"date":"2021-01-26T04:08:33","date_gmt":"2021-01-26T04:08:33","guid":{"rendered":"https:\/\/visionciudadana.com.mx\/prueba\/2021\/01\/26\/coloca-ensu-a-culiacan-y-mazatlan-como-destinos-seguros-a-nivel-nacional\/"},"modified":"2025-06-25T00:32:36","modified_gmt":"2025-06-25T00:32:36","slug":"coloca-ensu-a-culiacan-y-mazatlan-como-destinos-seguros-a-nivel-nacional","status":"publish","type":"post","link":"https:\/\/visionciudadana.com.mx\/oficial\/2021\/01\/26\/coloca-ensu-a-culiacan-y-mazatlan-como-destinos-seguros-a-nivel-nacional\/","title":{"rendered":"Coloca ENSU a Culiac\u00e1n y Mazatl\u00e1n como destinos seguros a nivel nacional"},"content":{"rendered":"<p><img fetchpriority=\"high\" decoding=\"async\" src=\"images\/Enero2021\/sesespp.PNG\" alt=\"sesespp\" width=\"338\" height=\"197\" style=\"display: block; margin-left: auto; margin-right: auto;\" \/><\/p>\n<p class=\"x_MsoNormal\" style=\"text-align: justify;\"><span lang=\"ES-MX\" style=\"font-size: 14pt; font-family: arial, helvetica, sans-serif;\">De acuerdo con los resultados obtenidos del levantamiento de Encuesta de Seguridad P\u00fablica Urbana (ENSU), realizada por el INEGI a finales del 2020, se coloca a Culiac\u00e1n y Mazatl\u00e1n entre los principales destinos tur\u00edsticos con menor percepci\u00f3n de inseguridad.<\/span><\/p>\n<p style=\"text-align: justify;\">&nbsp;<\/p>\n<p class=\"x_MsoNormal\" style=\"text-align: justify;\"><span lang=\"ES-MX\" style=\"font-size: 14pt; font-family: arial, helvetica, sans-serif;\">Respecto a los resultados publicados por el INEGI sobre la encuesta nacional, el Secretario Ejecutivo del Sistema Estatal de Seguridad P\u00fablica (SESESP), Renato Ocampo Alc\u00e1ntar, se\u00f1al\u00f3 que Culiac\u00e1n y Mazatl\u00e1n demuestran que con trabajo en conjunto entre sociedad y gobierno se pueden obtener bueno resultados en materia de seguridad, ejemplo de ello es que la gente percibe a nuestras ciudades entre las m\u00e1s seguras del pa\u00eds para visitarlas.<\/span><\/p>\n<p style=\"text-align: justify;\">&nbsp;<\/p>\n<p class=\"x_MsoNormal\" style=\"text-align: justify;\"><span lang=\"ES-MX\" style=\"font-size: 14pt; font-family: arial, helvetica, sans-serif;\">Ocampo Alcantar, apunt\u00f3 que las cifras confirman la efectividad de las estrategias de coordinaci\u00f3n interinstitucional implementadas por el Gobernador de Sinaloa, Quirino Ordaz Coppel, contribuyendo a que los sinaloenses y quienes visitan la Entidad se sientan m\u00e1s seguros; pero sobre todo implementando acciones en beneficio de la poblaci\u00f3n.<\/span><\/p>\n<p style=\"text-align: justify;\">&nbsp;<\/p>\n<p class=\"x_MsoNormal\" style=\"text-align: justify;\"><span lang=\"ES-MX\" style=\"font-size: 14pt; font-family: arial, helvetica, sans-serif;\">\u201cLas acciones de conjunci\u00f3n entre los distintos entes gubernamentales, reflejan el fortalecimiento&nbsp; en&nbsp; el tema de la seguridad p\u00fablica y cabe destacar que es buena se\u00f1al el que se recupera la confianza de la ciudadan\u00eda en las autoridades; falta mucho por hacer pero seguiremos trabajando hasta el \u00faltimo d\u00eda de la administraci\u00f3n estatal\u201d , comunic\u00f3.<\/span><\/p>\n<p style=\"text-align: justify;\">&nbsp;<\/p>\n<p class=\"x_MsoNormal\" style=\"text-align: justify;\"><span lang=\"ES-MX\" style=\"font-size: 14pt; font-family: arial, helvetica, sans-serif;\">El Secretario Ejecutivo, precis\u00f3 que esta encuesta se aplic\u00f3 en distintas ciudades de la naci\u00f3n, siendo Mazatl\u00e1n y Culiac\u00e1n evaluadas en Sem\u00e1foro Verde, pues el porcentaje de la poblaci\u00f3n que considera insegura su ciudad est\u00e1 por debajo de la media nacional que es del 68.1%, en cambio Mazatl\u00e1n y Culiac\u00e1n reflejan&nbsp; una percepci\u00f3n de inseguridad del 50% y 65% respectivamente.<\/span><\/p>\n<p style=\"text-align: justify;\">&nbsp;<\/p>\n<p class=\"x_MsoNormal\" style=\"text-align: justify;\"><span lang=\"ES-MX\" style=\"font-size: 14pt; font-family: arial, helvetica, sans-serif;\">En este sentido, Ocampo Alc\u00e1ntar, destac\u00f3 que gracias a la importancia del trabajo realizado en los 138 Comit\u00e9s de Vigilancia Ciudadana&nbsp; y&nbsp; 204 Comit\u00e9s de Vigilancia Escolar en Sinaloa, para promover la construcci\u00f3n de una cultura de la prevenci\u00f3n encaminada a disminuir los \u00edndices de violencia y mejorar a\u00fan m\u00e1s la calidad de vida de las y los sinaloenses.<\/span><\/p>\n<p style=\"text-align: justify;\">&nbsp;<\/p>\n<p class=\"x_MsoNormal\" style=\"text-align: justify;\"><span lang=\"ES-MX\" style=\"font-size: 14pt; font-family: arial, helvetica, sans-serif;\">El trabajo en materia de seguridad desde 2017 ha sido intenso y basado en el modelo impulsado por el Ejecutivo Estatal, donde los indicadores&nbsp; se mantienen a la baja desde hace m\u00e1s de&nbsp; tres a\u00f1os.<\/span><\/p>\n<p style=\"text-align: justify;\">&nbsp;<\/p>\n<p style=\"text-align: justify;\">&nbsp;<\/p>\n<p style=\"text-align: justify;\"><span style=\"font-size: 14pt; font-family: arial, helvetica, sans-serif;\">REDACCI\u00d3N\/VISI\u00d3N CIUDADANA.<\/span><\/p>\n","protected":false},"excerpt":{"rendered":"<p>De acuerdo con los resultados obtenidos del levantamiento de Encuesta de Seguridad P\u00fablica Urbana (ENSU), realizada por el INEGI a finales del 2020, se coloca a Culiac\u00e1n y Mazatl\u00e1n entre los principales destinos tur\u00edsticos con menor percepci\u00f3n de inseguridad. &nbsp; Respecto a los resultados publicados por el INEGI sobre la encuesta nacional, el Secretario Ejecutivo [&hellip;]<\/p>\n","protected":false},"author":1,"featured_media":6519,"comment_status":"closed","ping_status":"closed","sticky":false,"template":"","format":"standard","meta":{"footnotes":""},"categories":[13],"tags":[],"ppma_author":[31],"class_list":["post-14772","post","type-post","status-publish","format-standard","has-post-thumbnail","hentry","category-locales"],"aioseo_notices":[],"authors":[{"term_id":31,"user_id":1,"is_guest":0,"slug":"ivan3vino","display_name":"Iv\u00e1n Trevi\u00f1o","avatar_url":{"url":"https:\/\/visionciudadana.com.mx\/oficial\/wp-content\/uploads\/2025\/09\/columna-ivan-Trevino.png","url2x":"https:\/\/visionciudadana.com.mx\/oficial\/wp-content\/uploads\/2025\/09\/columna-ivan-Trevino.png"},"0":null,"1":"","2":"","3":"","4":"","5":"","6":"","7":"","8":""}],"_links":{"self":[{"href":"https:\/\/visionciudadana.com.mx\/oficial\/wp-json\/wp\/v2\/posts\/14772","targetHints":{"allow":["GET"]}}],"collection":[{"href":"https:\/\/visionciudadana.com.mx\/oficial\/wp-json\/wp\/v2\/posts"}],"about":[{"href":"https:\/\/visionciudadana.com.mx\/oficial\/wp-json\/wp\/v2\/types\/post"}],"author":[{"embeddable":true,"href":"https:\/\/visionciudadana.com.mx\/oficial\/wp-json\/wp\/v2\/users\/1"}],"replies":[{"embeddable":true,"href":"https:\/\/visionciudadana.com.mx\/oficial\/wp-json\/wp\/v2\/comments?post=14772"}],"version-history":[{"count":1,"href":"https:\/\/visionciudadana.com.mx\/oficial\/wp-json\/wp\/v2\/posts\/14772\/revisions"}],"predecessor-version":[{"id":31480,"href":"https:\/\/visionciudadana.com.mx\/oficial\/wp-json\/wp\/v2\/posts\/14772\/revisions\/31480"}],"wp:featuredmedia":[{"embeddable":true,"href":"https:\/\/visionciudadana.com.mx\/oficial\/wp-json\/wp\/v2\/posts\/6519"}],"wp:attachment":[{"href":"https:\/\/visionciudadana.com.mx\/oficial\/wp-json\/wp\/v2\/media?parent=14772"}],"wp:term":[{"taxonomy":"category","embeddable":true,"href":"https:\/\/visionciudadana.com.mx\/oficial\/wp-json\/wp\/v2\/categories?post=14772"},{"taxonomy":"post_tag","embeddable":true,"href":"https:\/\/visionciudadana.com.mx\/oficial\/wp-json\/wp\/v2\/tags?post=14772"},{"taxonomy":"author","embeddable":true,"href":"https:\/\/visionciudadana.com.mx\/oficial\/wp-json\/wp\/v2\/ppma_author?post=14772"}],"curies":[{"name":"wp","href":"https:\/\/api.w.org\/{rel}","templated":true}]}}