{"id":14771,"date":"2021-01-26T03:59:56","date_gmt":"2021-01-26T03:59:56","guid":{"rendered":"https:\/\/visionciudadana.com.mx\/prueba\/2021\/01\/26\/intensifican-campana-de-sanitizacion-en-oficinas-publicas-y-lugares-de-mayor-afluencia\/"},"modified":"2025-06-25T00:32:36","modified_gmt":"2025-06-25T00:32:36","slug":"intensifican-campana-de-sanitizacion-en-oficinas-publicas-y-lugares-de-mayor-afluencia","status":"publish","type":"post","link":"https:\/\/visionciudadana.com.mx\/oficial\/2021\/01\/26\/intensifican-campana-de-sanitizacion-en-oficinas-publicas-y-lugares-de-mayor-afluencia\/","title":{"rendered":"Intensifican campa\u00f1a de sanitizaci\u00f3n en oficinas p\u00fablicas y lugares de mayor afluencia"},"content":{"rendered":"<p>&nbsp;<\/p>\n<p style=\"text-align: justify;\"><img fetchpriority=\"high\" decoding=\"async\" src=\"images\/Enero2021\/a_reforzars.PNG\" alt=\"a reforzars\" width=\"347\" height=\"193\" style=\"display: block; margin-left: auto; margin-right: auto;\" \/><br \/><span style=\"font-size: 14pt; font-family: arial, helvetica, sans-serif;\">Debido al incremento de contagios de COVID-19 en el municipio de Navolato, el alcalde Eliazar Guti\u00e9rrez Angulo, dio instrucciones a la Coordinaci\u00f3n de Protecci\u00f3n Civil para intensificar los trabajos de sanitizaci\u00f3n en las oficinas p\u00fablicas y lugares de mayor afluencia, pero a su vez hizo un llamado a la sociedad para no bajar la guardia y reforzar las medidas preventivas para prevenir esta enfermedad.<\/span><\/p>\n<p><span style=\"font-size: 14pt; font-family: arial, helvetica, sans-serif;\">El alcalde navolatense explic\u00f3 que desde hace aproximadamente tres semanas iniciaron de nuevo una campa\u00f1a de sanitizaci\u00f3n en el Ayuntamiento, DIF, JAPAN, Escuela de M\u00fasica, Biblioteca P\u00fablica Municipal, as\u00ed como \u00e1reas donde se registra la mayor concentraci\u00f3n de personas en la v\u00eda p\u00fablica, supermercados, tiendas OXXO, mercado Miguel Hidalgo, plazuela Vicente Guerrero, paradas de camiones, entre otros sitios.<\/span><\/p>\n<p><span style=\"font-size: 14pt; font-family: arial, helvetica, sans-serif;\">Adem\u00e1s, dio a conocer el mun\u00edcipe, que estas medidas preventivas se han extendido a las instituciones m\u00e9dicas como son el Centro de Salud, ISSSTE, Hospital Integral e Instituto Mexicano del Seguro Social, ya que en estos lugares diariamente se concentran muchas personas en busca de atenci\u00f3n y medicamentos.<\/span><\/p>\n<p><span style=\"font-size: 14pt; font-family: arial, helvetica, sans-serif;\">El mandatario municipal Eliazar Guti\u00e9rrez, adelant\u00f3 que el d\u00eda de hoy por la tarde el personal de Protecci\u00f3n Civil y Servicios P\u00fablicos trabajar\u00e1n en las oficinas de la USE, INE, Escuela de Artes y Oficios, Megacable, nuevamente el Ayuntamiento de Navolato, Tr\u00e1nsito y reforzar\u00e1n el Centro de la ciudad.<\/span><\/p>\n<p><span style=\"font-size: 14pt; font-family: arial, helvetica, sans-serif;\">\u201cHacemos el llamado nuevamente a todas las familias para que atiendan con mucha seriedad y responsabilidad el tema del COVID.-19 y no nos confiemos y nos sigamos cuidando y protegiendo con el uso de cubrebocas, gel antibacterial, lavado constante de manos y evitar la aglomeraci\u00f3n, y s\u00f3lo de esta manera mediante un trabajo coordinado entre sociedad y Gobierno, podremos lograr mejores resultados en el cuidado y protecci\u00f3n de la salud de las familias navolatenses\u201d, dijo.<\/span><\/p>\n<p style=\"text-align: justify;\">&nbsp;<\/p>\n<p style=\"text-align: justify;\"><span style=\"font-size: 14pt; font-family: arial, helvetica, sans-serif;\">REDACCI\u00d3N\/VISI\u00d3N CIUDADANA.<\/span><\/p>\n","protected":false},"excerpt":{"rendered":"<p>&nbsp; Debido al incremento de contagios de COVID-19 en el municipio de Navolato, el alcalde Eliazar Guti\u00e9rrez Angulo, dio instrucciones a la Coordinaci\u00f3n de Protecci\u00f3n Civil para intensificar los trabajos de sanitizaci\u00f3n en las oficinas p\u00fablicas y lugares de mayor afluencia, pero a su vez hizo un llamado a la sociedad para no bajar la [&hellip;]<\/p>\n","protected":false},"author":1,"featured_media":6517,"comment_status":"closed","ping_status":"closed","sticky":false,"template":"","format":"standard","meta":{"footnotes":""},"categories":[13],"tags":[],"ppma_author":[31],"class_list":["post-14771","post","type-post","status-publish","format-standard","has-post-thumbnail","hentry","category-locales"],"aioseo_notices":[],"authors":[{"term_id":31,"user_id":1,"is_guest":0,"slug":"ivan3vino","display_name":"Iv\u00e1n Trevi\u00f1o","avatar_url":{"url":"https:\/\/visionciudadana.com.mx\/oficial\/wp-content\/uploads\/2025\/09\/columna-ivan-Trevino.png","url2x":"https:\/\/visionciudadana.com.mx\/oficial\/wp-content\/uploads\/2025\/09\/columna-ivan-Trevino.png"},"0":null,"1":"","2":"","3":"","4":"","5":"","6":"","7":"","8":""}],"_links":{"self":[{"href":"https:\/\/visionciudadana.com.mx\/oficial\/wp-json\/wp\/v2\/posts\/14771","targetHints":{"allow":["GET"]}}],"collection":[{"href":"https:\/\/visionciudadana.com.mx\/oficial\/wp-json\/wp\/v2\/posts"}],"about":[{"href":"https:\/\/visionciudadana.com.mx\/oficial\/wp-json\/wp\/v2\/types\/post"}],"author":[{"embeddable":true,"href":"https:\/\/visionciudadana.com.mx\/oficial\/wp-json\/wp\/v2\/users\/1"}],"replies":[{"embeddable":true,"href":"https:\/\/visionciudadana.com.mx\/oficial\/wp-json\/wp\/v2\/comments?post=14771"}],"version-history":[{"count":1,"href":"https:\/\/visionciudadana.com.mx\/oficial\/wp-json\/wp\/v2\/posts\/14771\/revisions"}],"predecessor-version":[{"id":31481,"href":"https:\/\/visionciudadana.com.mx\/oficial\/wp-json\/wp\/v2\/posts\/14771\/revisions\/31481"}],"wp:featuredmedia":[{"embeddable":true,"href":"https:\/\/visionciudadana.com.mx\/oficial\/wp-json\/wp\/v2\/posts\/6517"}],"wp:attachment":[{"href":"https:\/\/visionciudadana.com.mx\/oficial\/wp-json\/wp\/v2\/media?parent=14771"}],"wp:term":[{"taxonomy":"category","embeddable":true,"href":"https:\/\/visionciudadana.com.mx\/oficial\/wp-json\/wp\/v2\/categories?post=14771"},{"taxonomy":"post_tag","embeddable":true,"href":"https:\/\/visionciudadana.com.mx\/oficial\/wp-json\/wp\/v2\/tags?post=14771"},{"taxonomy":"author","embeddable":true,"href":"https:\/\/visionciudadana.com.mx\/oficial\/wp-json\/wp\/v2\/ppma_author?post=14771"}],"curies":[{"name":"wp","href":"https:\/\/api.w.org\/{rel}","templated":true}]}}