{"id":14770,"date":"2021-01-26T03:52:14","date_gmt":"2021-01-26T03:52:14","guid":{"rendered":"https:\/\/visionciudadana.com.mx\/prueba\/2021\/01\/26\/gobierno-de-culiacan-se-suma-a-la-recoleccion-de-llaves-para-construir-estatua-de-capitan\/"},"modified":"2025-06-25T00:32:36","modified_gmt":"2025-06-25T00:32:36","slug":"gobierno-de-culiacan-se-suma-a-la-recoleccion-de-llaves-para-construir-estatua-de-capitan","status":"publish","type":"post","link":"https:\/\/visionciudadana.com.mx\/oficial\/2021\/01\/26\/gobierno-de-culiacan-se-suma-a-la-recoleccion-de-llaves-para-construir-estatua-de-capitan\/","title":{"rendered":"Gobierno de Culiac\u00e1n se suma a la recolecci\u00f3n de llaves para construir estatua de \u00abCapit\u00e1n\u00bb"},"content":{"rendered":"<p><img fetchpriority=\"high\" decoding=\"async\" src=\"images\/Enero2021\/capitan.PNG\" alt=\"capitan\" width=\"374\" height=\"236\" style=\"display: block; margin-left: auto; margin-right: auto;\" \/><\/p>\n<p class=\"x_MsoNormal\" style=\"text-align: justify;\"><span style=\"font-size: 14pt; font-family: arial, helvetica, sans-serif;\">El Gobierno de Culiac\u00e1n se suma como centro de acopio de recolecci\u00f3n de llaves para la construcci\u00f3n de una estatua en memoria de \u201cCapit\u00e1n\u201d, perro \u00edcono de la ciudad.<\/span><\/p>\n<p style=\"text-align: justify;\">&nbsp;<\/p>\n<p class=\"x_MsoNormal\" style=\"text-align: justify;\"><span style=\"font-size: 14pt; font-family: arial, helvetica, sans-serif;\">Se invita a todos los ciudadanos a llevar las llaves que ya no utilicen y depositarlas en la urna que se encuentra ubicada en el M\u00f3dulo de Atenci\u00f3n Ciudadana ubicado en la entrada del edificio del Ayuntamiento.<\/span><\/p>\n<p style=\"text-align: justify;\">&nbsp;<\/p>\n<p class=\"x_MsoNormal\" style=\"text-align: justify;\"><span style=\"font-size: 14pt; font-family: arial, helvetica, sans-serif;\">Se estar\u00e1n recibiendo en horario de oficina de 8 de la ma\u00f1ana a 3 de la tarde de lunes a viernes, esperamos tu apoyo para rendir homenaje a este canino muy querido por los culiacanenses.<\/span><\/p>\n<p style=\"text-align: justify;\">&nbsp;<\/p>\n<p style=\"text-align: justify;\"><span style=\"font-size: 14pt; font-family: arial, helvetica, sans-serif;\">REDACCI\u00d3N\/VISI\u00d3N CIUDADANA.<\/span><\/p>\n","protected":false},"excerpt":{"rendered":"<p>El Gobierno de Culiac\u00e1n se suma como centro de acopio de recolecci\u00f3n de llaves para la construcci\u00f3n de una estatua en memoria de \u201cCapit\u00e1n\u201d, perro \u00edcono de la ciudad. &nbsp; Se invita a todos los ciudadanos a llevar las llaves que ya no utilicen y depositarlas en la urna que se encuentra ubicada en el [&hellip;]<\/p>\n","protected":false},"author":1,"featured_media":6515,"comment_status":"closed","ping_status":"closed","sticky":false,"template":"","format":"standard","meta":{"footnotes":""},"categories":[13],"tags":[],"ppma_author":[31],"class_list":["post-14770","post","type-post","status-publish","format-standard","has-post-thumbnail","hentry","category-locales"],"aioseo_notices":[],"authors":[{"term_id":31,"user_id":1,"is_guest":0,"slug":"ivan3vino","display_name":"Iv\u00e1n Trevi\u00f1o","avatar_url":{"url":"https:\/\/visionciudadana.com.mx\/oficial\/wp-content\/uploads\/2025\/09\/columna-ivan-Trevino.png","url2x":"https:\/\/visionciudadana.com.mx\/oficial\/wp-content\/uploads\/2025\/09\/columna-ivan-Trevino.png"},"0":null,"1":"","2":"","3":"","4":"","5":"","6":"","7":"","8":""}],"_links":{"self":[{"href":"https:\/\/visionciudadana.com.mx\/oficial\/wp-json\/wp\/v2\/posts\/14770","targetHints":{"allow":["GET"]}}],"collection":[{"href":"https:\/\/visionciudadana.com.mx\/oficial\/wp-json\/wp\/v2\/posts"}],"about":[{"href":"https:\/\/visionciudadana.com.mx\/oficial\/wp-json\/wp\/v2\/types\/post"}],"author":[{"embeddable":true,"href":"https:\/\/visionciudadana.com.mx\/oficial\/wp-json\/wp\/v2\/users\/1"}],"replies":[{"embeddable":true,"href":"https:\/\/visionciudadana.com.mx\/oficial\/wp-json\/wp\/v2\/comments?post=14770"}],"version-history":[{"count":1,"href":"https:\/\/visionciudadana.com.mx\/oficial\/wp-json\/wp\/v2\/posts\/14770\/revisions"}],"predecessor-version":[{"id":31482,"href":"https:\/\/visionciudadana.com.mx\/oficial\/wp-json\/wp\/v2\/posts\/14770\/revisions\/31482"}],"wp:featuredmedia":[{"embeddable":true,"href":"https:\/\/visionciudadana.com.mx\/oficial\/wp-json\/wp\/v2\/posts\/6515"}],"wp:attachment":[{"href":"https:\/\/visionciudadana.com.mx\/oficial\/wp-json\/wp\/v2\/media?parent=14770"}],"wp:term":[{"taxonomy":"category","embeddable":true,"href":"https:\/\/visionciudadana.com.mx\/oficial\/wp-json\/wp\/v2\/categories?post=14770"},{"taxonomy":"post_tag","embeddable":true,"href":"https:\/\/visionciudadana.com.mx\/oficial\/wp-json\/wp\/v2\/tags?post=14770"},{"taxonomy":"author","embeddable":true,"href":"https:\/\/visionciudadana.com.mx\/oficial\/wp-json\/wp\/v2\/ppma_author?post=14770"}],"curies":[{"name":"wp","href":"https:\/\/api.w.org\/{rel}","templated":true}]}}