{"id":14769,"date":"2021-01-26T03:42:54","date_gmt":"2021-01-26T03:42:54","guid":{"rendered":"https:\/\/visionciudadana.com.mx\/prueba\/2021\/01\/26\/reconoce-alcalde-labor-de-estudiante-que-diseno-una-aplicacion-digital-para-monitoreo-de-covid-19\/"},"modified":"2025-06-25T00:32:36","modified_gmt":"2025-06-25T00:32:36","slug":"reconoce-alcalde-labor-de-estudiante-que-diseno-una-aplicacion-digital-para-monitoreo-de-covid-19","status":"publish","type":"post","link":"https:\/\/visionciudadana.com.mx\/oficial\/2021\/01\/26\/reconoce-alcalde-labor-de-estudiante-que-diseno-una-aplicacion-digital-para-monitoreo-de-covid-19\/","title":{"rendered":"Reconoce Alcalde labor de estudiante que dise\u00f1o una aplicaci\u00f3n digital para monitoreo de COVID-19"},"content":{"rendered":"<p style=\"text-align: justify;\"><span style=\"font-size: 14pt; font-family: arial, helvetica, sans-serif;\"><b><span lang=\"ES\"><img fetchpriority=\"high\" decoding=\"async\" src=\"images\/Enero2021\/monitoreo_covid.PNG\" alt=\"monitoreo covid\" width=\"382\" height=\"236\" style=\"display: block; margin-left: auto; margin-right: auto;\" \/><br \/><\/span><\/b><\/span><\/p>\n<p class=\"x_MsoNormal\" style=\"text-align: justify;\"><span style=\"font-size: 14pt; font-family: arial, helvetica, sans-serif;\"><b><span lang=\"ES\"><\/span><\/b><span lang=\"ES\">El alcalde, Lic. Jes\u00fas Estrada Ferreiro, se reuni\u00f3 con el joven Pedro Alonso Moreno Salcedo, un estudiante de preparatoria que dise\u00f1\u00f3 una aplicaci\u00f3n digital donde cualquier persona puede consultar el actual escenario de \u00edndices de contagio y fallecimiento por Covid-19 a nivel estatal.<\/span><\/span><\/p>\n<p class=\"x_MsoNormal\" style=\"text-align: justify;\"><span lang=\"ES\" style=\"font-size: 14pt; font-family: arial, helvetica, sans-serif;\"><\/span><\/p>\n<p class=\"x_MsoNormal\" style=\"text-align: justify;\"><span lang=\"ES\" style=\"font-size: 14pt; font-family: arial, helvetica, sans-serif;\">Durante el encuentro, el primer edil felicit\u00f3 a Pedro Alonso por dedicar su tiempo al bienestar de la sociedad a trav\u00e9s del desarrollo de esta aplicaci\u00f3n que sirve como referencia para la ciudadan\u00eda y, al mismo tiempo, como una herramienta digital para concientizar sobre la debida aplicaci\u00f3n de las medidas sanitaria para evitar casos de coronavirus.<\/span><\/p>\n<p class=\"x_MsoNormal\" style=\"text-align: justify;\"><span lang=\"ES\" style=\"font-size: 14pt; font-family: arial, helvetica, sans-serif;\"><\/span><\/p>\n<p class=\"x_MsoNormal\" style=\"text-align: justify;\"><span lang=\"ES\" style=\"font-size: 14pt; font-family: arial, helvetica, sans-serif;\">\u201cSin duda alguna, es una herramienta muy valiosa que a nosotros como autoridades nos brinda la oportunidad de concentrar esfuerzos en aquellas colonias que registren una mayor estad\u00edstica de contagios, y reducir los riesgos de propagaci\u00f3n\u201d, manifest\u00f3 Estrada Ferreiro.<\/span><\/p>\n<p class=\"x_MsoNormal\" style=\"text-align: justify;\"><span lang=\"ES\" style=\"font-size: 14pt; font-family: arial, helvetica, sans-serif;\"><\/span><\/p>\n<p class=\"x_MsoNormal\" style=\"text-align: justify;\"><span lang=\"ES\" style=\"font-size: 14pt; font-family: arial, helvetica, sans-serif;\">Asimismo, el presidente municipal hizo el compromiso de difundir por medios y canales propios del ayuntamiento esta aplicaci\u00f3n, para que m\u00e1s gente la conozca y aproveche, pues son cifras basadas en datos oficiales de la Secretar\u00eda de Salud Estatal.<\/span><\/p>\n<p class=\"x_MsoNormal\" style=\"text-align: justify;\"><span lang=\"ES\" style=\"font-size: 14pt; font-family: arial, helvetica, sans-serif;\"><\/span><\/p>\n<p class=\"x_MsoNormal\" style=\"text-align: justify;\"><span lang=\"ES\" style=\"font-size: 14pt; font-family: arial, helvetica, sans-serif;\">Por su parte, Alonso Moreno, detall\u00f3 que la aplicaci\u00f3n est\u00e1 disponible en el enlace&nbsp;&nbsp;<a href=\"https:\/\/sinaloacovidapp.netlify.app\/\" target=\"_blank\" rel=\"noopener noreferrer\" id=\"LPlnk109746\" data-auth=\"NotApplicable\"><\/a><a href=\"https:\/\/sinaloacovidapp.netlify.app\/\">https:\/\/sinaloacovidapp.netlify.app\/<\/a>; en ella podr\u00e1n encontrar de manera precisa los casos de contagio y fallecimiento por Covid-19 diariamente, y de 1 a 2 veces por mes el mapa interactivo con el comportamiento de la estad\u00edstica.<\/span><\/p>\n<p class=\"x_MsoNormal\" style=\"text-align: justify;\"><span lang=\"ES\" style=\"font-size: 14pt; font-family: arial, helvetica, sans-serif;\"><\/span><\/p>\n<p class=\"x_MsoNormal\" style=\"text-align: justify;\"><span lang=\"ES\" style=\"font-size: 14pt; font-family: arial, helvetica, sans-serif;\">\u201cEs un proyecto que monitorea las cifras oficiales del Covid-19, el cual pretendo sea de utilidad para la comunidad, pues ayudar\u00eda a prevenir contagios si estamos informados de la situaci\u00f3n de nuestro entorno\u201d, dijo el joven estudiante de preparatoria.<\/span><\/p>\n<p class=\"x_MsoNormal\" style=\"text-align: justify;\"><span lang=\"ES\" style=\"font-size: 14pt; font-family: arial, helvetica, sans-serif;\"><\/span><\/p>\n<p class=\"x_MsoNormal\" style=\"text-align: justify;\"><span lang=\"ES\" style=\"font-size: 14pt; font-family: arial, helvetica, sans-serif;\">Agradeci\u00f3 al presidente municipal su apoyo para dar a conocer la aplicaci\u00f3n y, sobre todo, su inter\u00e9s de colaborar juntos en el mejoramiento de la misma a trav\u00e9s de la Secretar\u00eda de Desarrollo Tecnol\u00f3gico del Gobierno de Culiac\u00e1n.<\/span><\/p>\n<p class=\"x_MsoNormal\" style=\"text-align: justify;\"><span lang=\"ES\" style=\"font-size: 14pt; font-family: arial, helvetica, sans-serif;\"><\/span><\/p>\n<p class=\"x_MsoNormal\" style=\"text-align: justify;\"><span lang=\"ES\" style=\"font-size: 14pt; font-family: arial, helvetica, sans-serif;\">Finalmente, dijo que no tiene inter\u00e9s en comercializar la aplicaci\u00f3n, ya que su verdadera preocupaci\u00f3n es que todos podamos salir juntos del actual escenario adverso derivado de la pandemia.<\/span><\/p>\n<p style=\"text-align: justify;\">&nbsp;<\/p>\n<p style=\"text-align: justify;\"><span style=\"font-size: 14pt; font-family: arial, helvetica, sans-serif;\">REDACCI\u00d3N\/VISI\u00d3N CIUDADANA.<\/span><\/p>\n","protected":false},"excerpt":{"rendered":"<p>El alcalde, Lic. Jes\u00fas Estrada Ferreiro, se reuni\u00f3 con el joven Pedro Alonso Moreno Salcedo, un estudiante de preparatoria que dise\u00f1\u00f3 una aplicaci\u00f3n digital donde cualquier persona puede consultar el actual escenario de \u00edndices de contagio y fallecimiento por Covid-19 a nivel estatal. Durante el encuentro, el primer edil felicit\u00f3 a Pedro Alonso por dedicar [&hellip;]<\/p>\n","protected":false},"author":1,"featured_media":6513,"comment_status":"closed","ping_status":"closed","sticky":false,"template":"","format":"standard","meta":{"footnotes":""},"categories":[24],"tags":[],"ppma_author":[31],"class_list":["post-14769","post","type-post","status-publish","format-standard","has-post-thumbnail","hentry","category-relevantes"],"aioseo_notices":[],"authors":[{"term_id":31,"user_id":1,"is_guest":0,"slug":"ivan3vino","display_name":"Iv\u00e1n Trevi\u00f1o","avatar_url":{"url":"https:\/\/visionciudadana.com.mx\/oficial\/wp-content\/uploads\/2025\/09\/columna-ivan-Trevino.png","url2x":"https:\/\/visionciudadana.com.mx\/oficial\/wp-content\/uploads\/2025\/09\/columna-ivan-Trevino.png"},"0":null,"1":"","2":"","3":"","4":"","5":"","6":"","7":"","8":""}],"_links":{"self":[{"href":"https:\/\/visionciudadana.com.mx\/oficial\/wp-json\/wp\/v2\/posts\/14769","targetHints":{"allow":["GET"]}}],"collection":[{"href":"https:\/\/visionciudadana.com.mx\/oficial\/wp-json\/wp\/v2\/posts"}],"about":[{"href":"https:\/\/visionciudadana.com.mx\/oficial\/wp-json\/wp\/v2\/types\/post"}],"author":[{"embeddable":true,"href":"https:\/\/visionciudadana.com.mx\/oficial\/wp-json\/wp\/v2\/users\/1"}],"replies":[{"embeddable":true,"href":"https:\/\/visionciudadana.com.mx\/oficial\/wp-json\/wp\/v2\/comments?post=14769"}],"version-history":[{"count":1,"href":"https:\/\/visionciudadana.com.mx\/oficial\/wp-json\/wp\/v2\/posts\/14769\/revisions"}],"predecessor-version":[{"id":31483,"href":"https:\/\/visionciudadana.com.mx\/oficial\/wp-json\/wp\/v2\/posts\/14769\/revisions\/31483"}],"wp:featuredmedia":[{"embeddable":true,"href":"https:\/\/visionciudadana.com.mx\/oficial\/wp-json\/wp\/v2\/posts\/6513"}],"wp:attachment":[{"href":"https:\/\/visionciudadana.com.mx\/oficial\/wp-json\/wp\/v2\/media?parent=14769"}],"wp:term":[{"taxonomy":"category","embeddable":true,"href":"https:\/\/visionciudadana.com.mx\/oficial\/wp-json\/wp\/v2\/categories?post=14769"},{"taxonomy":"post_tag","embeddable":true,"href":"https:\/\/visionciudadana.com.mx\/oficial\/wp-json\/wp\/v2\/tags?post=14769"},{"taxonomy":"author","embeddable":true,"href":"https:\/\/visionciudadana.com.mx\/oficial\/wp-json\/wp\/v2\/ppma_author?post=14769"}],"curies":[{"name":"wp","href":"https:\/\/api.w.org\/{rel}","templated":true}]}}