{"id":14768,"date":"2021-01-26T03:34:51","date_gmt":"2021-01-26T03:34:51","guid":{"rendered":"https:\/\/visionciudadana.com.mx\/prueba\/2021\/01\/26\/presidente-de-eu-pone-de-ejemplo-uso-obligatorio-de-cubrebocas-mientras-que-en-sinaloa-congreso-congela-esta-iniciativa\/"},"modified":"2025-06-25T00:32:36","modified_gmt":"2025-06-25T00:32:36","slug":"presidente-de-eu-pone-de-ejemplo-uso-obligatorio-de-cubrebocas-mientras-que-en-sinaloa-congreso-congela-esta-iniciativa","status":"publish","type":"post","link":"https:\/\/visionciudadana.com.mx\/oficial\/2021\/01\/26\/presidente-de-eu-pone-de-ejemplo-uso-obligatorio-de-cubrebocas-mientras-que-en-sinaloa-congreso-congela-esta-iniciativa\/","title":{"rendered":"Presidente de EU pone de ejemplo uso obligatorio de cubrebocas mientras que en Sinaloa, Congreso congela esta iniciativa"},"content":{"rendered":"<p style=\"text-align: justify;\">&nbsp;<img fetchpriority=\"high\" decoding=\"async\" src=\"images\/Enero2021\/joe_biden_pas.PNG\" alt=\"joe biden pas\" width=\"453\" height=\"263\" style=\"display: block; margin-left: auto; margin-right: auto;\" \/><\/p>\n<div style=\"text-align: justify;\"><span style=\"font-size: 14pt; font-family: arial, helvetica, sans-serif;\">Desde hace 6 meses el Partido Sinaloense present\u00f3 una iniciativa para el uso obligatorio del cubrebocas, sin embargo hay o\u00eddos sordos de los diferentes niveles de gobierno, principalmente del Congreso del Estado que tiene congelada dicha iniciativa, es por ello que el \u00edndice de letalidad en Sinaloa es muy alto y que actualmente estemos viviendo un rebrote de contagios, ah\u00ed est\u00e1 el ejemplo de Joe Biden, presidente de los EUA donde mandata que todo mundo debe usar el cubrebocas por un m\u00ednimo de 100 d\u00edas, coment\u00f3 H\u00e9ctor Melesio Cu\u00e9n Ojeda.<\/span><\/div>\n<div style=\"text-align: justify;\"><span style=\"font-size: 14pt; font-family: arial, helvetica, sans-serif;\">En relaci\u00f3n al programa de vacunaci\u00f3n y espec\u00edficamente a la vacuna&nbsp;<em>pfizer<\/em>&nbsp;que es la que se est\u00e1 aplicando en M\u00e9xico, Cu\u00e9n Ojeda expres\u00f3 que debido a la ampliaci\u00f3n de la fabrica que la produce en B\u00e9lgica, la llegada de otra cantidad de vacunas se retrasar\u00e1 2 semanas, sin embargo la gente no debe preocuparse por la aplicaci\u00f3n de la segunda dosis, no hay problema por que se retrase unos d\u00edas, ciertamente M\u00e9xico defini\u00f3 que la segunda dosis ten\u00eda que ser en 3 semanas, la Organizaci\u00f3n Mundial de la Salud -OMS- 6 semanas y el Reyno Unido 12 semanas.<\/span><\/p>\n<p><span style=\"font-size: 14pt; font-family: arial, helvetica, sans-serif;\">Con la primera dosis se genera una cantidad importante de anticuerpos, y lo que hace la segunda aplicaci\u00f3n es que viene a reforzar esta cantidad para que sea suficiente y enfrente la actividad del virus explic\u00f3 el maestro Cu\u00e9n, pero sin duda alguna la primera dosis es de suma importancia.<\/span><\/p>\n<p><span style=\"font-size: 14pt; font-family: arial, helvetica, sans-serif;\">En conclusi\u00f3n, la aplicaci\u00f3n de la primera dosis si genera una cantidad considerable de anticuerpos para detener la acci\u00f3n del agente infeccioso, y la segunda viene a reforzar estas defensas, pero no cometamos el error de magnificar el hecho de que pasaron los 21 d\u00edas y no se aplic\u00f3 la segunda vacuna, no generemos incertidumbre en la poblaci\u00f3n, principalmente en los sectores que en este momento est\u00e1n siendo vacunados.<\/span><\/p>\n<p><span style=\"font-size: 14pt; font-family: arial, helvetica, sans-serif;\">En estos d\u00edas en el mundo llegaremos a los 100 millones de contagios y alrededor de 2 millones 150 mil fallecimientos, el rebrote est\u00e1 siendo muy agresivo. A todo mundo que se ha infectado le deseo lo mejor, a cuidarse, de manera especial al maestro Rub\u00e9n Rocha Moya, \u00e1nimo para lograr su recuperaci\u00f3n, fue la conclusi\u00f3n de Cu\u00e9n Ojeda.<\/span><\/div>\n<div style=\"text-align: justify;\">&nbsp;<\/div>\n<div style=\"text-align: justify;\">&nbsp;<\/div>\n<div style=\"text-align: justify;\"><span style=\"font-size: 14pt; font-family: arial, helvetica, sans-serif;\">REDACCI\u00d3N\/VISI\u00d3N CIUDADANA.<\/span><\/div>\n","protected":false},"excerpt":{"rendered":"<p>&nbsp; Desde hace 6 meses el Partido Sinaloense present\u00f3 una iniciativa para el uso obligatorio del cubrebocas, sin embargo hay o\u00eddos sordos de los diferentes niveles de gobierno, principalmente del Congreso del Estado que tiene congelada dicha iniciativa, es por ello que el \u00edndice de letalidad en Sinaloa es muy alto y que actualmente estemos [&hellip;]<\/p>\n","protected":false},"author":1,"featured_media":6511,"comment_status":"closed","ping_status":"closed","sticky":false,"template":"","format":"standard","meta":{"footnotes":""},"categories":[24],"tags":[],"ppma_author":[31],"class_list":["post-14768","post","type-post","status-publish","format-standard","has-post-thumbnail","hentry","category-relevantes"],"aioseo_notices":[],"authors":[{"term_id":31,"user_id":1,"is_guest":0,"slug":"ivan3vino","display_name":"Iv\u00e1n Trevi\u00f1o","avatar_url":{"url":"https:\/\/visionciudadana.com.mx\/oficial\/wp-content\/uploads\/2025\/09\/columna-ivan-Trevino.png","url2x":"https:\/\/visionciudadana.com.mx\/oficial\/wp-content\/uploads\/2025\/09\/columna-ivan-Trevino.png"},"0":null,"1":"","2":"","3":"","4":"","5":"","6":"","7":"","8":""}],"_links":{"self":[{"href":"https:\/\/visionciudadana.com.mx\/oficial\/wp-json\/wp\/v2\/posts\/14768","targetHints":{"allow":["GET"]}}],"collection":[{"href":"https:\/\/visionciudadana.com.mx\/oficial\/wp-json\/wp\/v2\/posts"}],"about":[{"href":"https:\/\/visionciudadana.com.mx\/oficial\/wp-json\/wp\/v2\/types\/post"}],"author":[{"embeddable":true,"href":"https:\/\/visionciudadana.com.mx\/oficial\/wp-json\/wp\/v2\/users\/1"}],"replies":[{"embeddable":true,"href":"https:\/\/visionciudadana.com.mx\/oficial\/wp-json\/wp\/v2\/comments?post=14768"}],"version-history":[{"count":1,"href":"https:\/\/visionciudadana.com.mx\/oficial\/wp-json\/wp\/v2\/posts\/14768\/revisions"}],"predecessor-version":[{"id":31484,"href":"https:\/\/visionciudadana.com.mx\/oficial\/wp-json\/wp\/v2\/posts\/14768\/revisions\/31484"}],"wp:featuredmedia":[{"embeddable":true,"href":"https:\/\/visionciudadana.com.mx\/oficial\/wp-json\/wp\/v2\/posts\/6511"}],"wp:attachment":[{"href":"https:\/\/visionciudadana.com.mx\/oficial\/wp-json\/wp\/v2\/media?parent=14768"}],"wp:term":[{"taxonomy":"category","embeddable":true,"href":"https:\/\/visionciudadana.com.mx\/oficial\/wp-json\/wp\/v2\/categories?post=14768"},{"taxonomy":"post_tag","embeddable":true,"href":"https:\/\/visionciudadana.com.mx\/oficial\/wp-json\/wp\/v2\/tags?post=14768"},{"taxonomy":"author","embeddable":true,"href":"https:\/\/visionciudadana.com.mx\/oficial\/wp-json\/wp\/v2\/ppma_author?post=14768"}],"curies":[{"name":"wp","href":"https:\/\/api.w.org\/{rel}","templated":true}]}}