{"id":14767,"date":"2021-01-26T03:29:25","date_gmt":"2021-01-26T03:29:25","guid":{"rendered":"https:\/\/visionciudadana.com.mx\/prueba\/2021\/01\/26\/realizara-sepyc-su-segundo-seminario-virtual-de-educacion-inclusiva\/"},"modified":"2025-06-25T00:32:37","modified_gmt":"2025-06-25T00:32:37","slug":"realizara-sepyc-su-segundo-seminario-virtual-de-educacion-inclusiva","status":"publish","type":"post","link":"https:\/\/visionciudadana.com.mx\/oficial\/2021\/01\/26\/realizara-sepyc-su-segundo-seminario-virtual-de-educacion-inclusiva\/","title":{"rendered":"Realizar\u00e1 SepyC su segundo seminario virtual de Educaci\u00f3n Inclusiva"},"content":{"rendered":"<p style=\"text-align: justify;\">&nbsp;<\/p>\n<p style=\"text-align: justify;\"><img fetchpriority=\"high\" decoding=\"async\" src=\"images\/Enero2021\/inclusiva.PNG\" alt=\"inclusiva\" width=\"357\" height=\"213\" style=\"display: block; margin-left: auto; margin-right: auto;\" \/><\/p>\n<p class=\"x_MsoNormal\" style=\"text-align: justify;\"><span style=\"font-size: 14pt; font-family: arial, helvetica, sans-serif;\">La Secretar\u00eda de Educaci\u00f3n P\u00fablica y Cultura (SEPyC) llevar\u00e1 a cabo el Segundo Seminario Virtual de Educaci\u00f3n Inclusiva, a trav\u00e9s del cual se busca promover el aprendizaje permanente de los docentes.<\/span><\/p>\n<p class=\"x_MsoNormal\" style=\"text-align: justify;\"><span style=\"font-size: 14pt; font-family: arial, helvetica, sans-serif;\">La jefa del Departamento de Educaci\u00f3n Especial, Luz Marina Pay\u00e1n, se\u00f1al\u00f3 que la inauguraci\u00f3n se realizar\u00e1 de manera virtual este martes 26 de enero, a las 12:30 horas, por parte del titular de SEPyC, Juan Alfonso Mej\u00eda L\u00f3pez y del secretario general del SNTE 27, Ed\u00e9n Inzunza Bernal.<\/span><\/p>\n<p class=\"x_MsoNormal\" style=\"text-align: justify;\"><span style=\"font-size: 14pt; font-family: arial, helvetica, sans-serif;\">Posteriormente, a las 13:00 horas, se llevar\u00e1 a cabo la conferencia magistral &nbsp;\u201c2021, un a\u00f1o de posibilidades\u201d, a cargo del pedagogo y psicoterapeuta Dr. Miguel Carlos Jarqu\u00edn Mar\u00edn, quien es considerado como uno de los te\u00f3ricos latinoamericanos m\u00e1s relevantes de la terapia existencial.<\/span><\/p>\n<p class=\"x_MsoNormal\" style=\"text-align: justify;\"><span style=\"font-size: 14pt; font-family: arial, helvetica, sans-serif;\">Pay\u00e1n Valenzuela destac\u00f3 que el objetivo de este segundo seminario es contribuir hacia una educaci\u00f3n inclusiva y equitativa de excelencia, a trav\u00e9s de conferencias y paneles virtuales para la promoci\u00f3n de aprendizajes permanentes en la comunidad educativa.<\/span><\/p>\n<p class=\"x_MsoNormal\" style=\"text-align: justify;\"><span style=\"font-size: 14pt; font-family: arial, helvetica, sans-serif;\">La inauguraci\u00f3n ser\u00e1 transmitida v\u00eda Facebook en la cuenta @sepycsinaloa.oficial, y en canal&nbsp;<span class=\"x_gmail-MsoHyperlink\"><a href=\"https:\/\/youtu.be\/mH2jVeOACms\" target=\"_blank\" rel=\"noopener noreferrer\" data-auth=\"NotApplicable\"><\/a><a href=\"https:\/\/youtu.be\/mH2jVeOACms\">https:\/\/youtu.be\/mH2jVeOACms<\/a><\/span>.<\/span><\/p>\n<p class=\"x_MsoNormal\" style=\"text-align: justify;\"><span style=\"font-size: 14pt; font-family: arial, helvetica, sans-serif;\">El mi\u00e9rcoles 27 de enero, a las 10:00 horas se desarrollar\u00e1 el panel \u201cUna mirada a trav\u00e9s del alma\u201d por parte del Dr. Ignacio Santiesteban Niebla, la profesora Dina Ruth G\u00f3mez y, participar\u00e1 como moderadora la comunic\u00f3loga M\u00e9lida Escobosa Ponce.<\/span><\/p>\n<p class=\"x_MsoNormal\" style=\"text-align: justify;\"><span style=\"font-size: 14pt; font-family: arial, helvetica, sans-serif;\">A las 16:00 horas del mi\u00e9rcoles se realizar\u00e1 la conferencia \u201cLa transversalidad en la intersectorialidad de la educaci\u00f3n inclusiva\u201d por el Dr. Eliseo Guajardo Ramos, misma que ser\u00e1 transmitida en vivo en el canal de Facebook, sepycsinaloa.oficial y en YouTube:&nbsp;<span class=\"x_gmail-MsoHyperlink\"><a href=\"https:\/\/youtu.be\/oDdeRCYWzdg\" target=\"_blank\" rel=\"noopener noreferrer\" data-auth=\"NotApplicable\"><\/a><a href=\"https:\/\/youtu.be\/oDdeRCYWzdg\">https:\/\/youtu.be\/oDdeRCYWzdg<\/a><\/span>.<\/span><\/p>\n<p style=\"text-align: justify;\">&nbsp;<\/p>\n<p style=\"text-align: justify;\"><span style=\"font-size: 14pt; font-family: arial, helvetica, sans-serif;\">REDACCI\u00d3N\/VISI\u00d3N CIUDADANA.<\/span><\/p>\n","protected":false},"excerpt":{"rendered":"<p>&nbsp; La Secretar\u00eda de Educaci\u00f3n P\u00fablica y Cultura (SEPyC) llevar\u00e1 a cabo el Segundo Seminario Virtual de Educaci\u00f3n Inclusiva, a trav\u00e9s del cual se busca promover el aprendizaje permanente de los docentes. La jefa del Departamento de Educaci\u00f3n Especial, Luz Marina Pay\u00e1n, se\u00f1al\u00f3 que la inauguraci\u00f3n se realizar\u00e1 de manera virtual este martes 26 de [&hellip;]<\/p>\n","protected":false},"author":1,"featured_media":6509,"comment_status":"closed","ping_status":"closed","sticky":false,"template":"","format":"standard","meta":{"footnotes":""},"categories":[24],"tags":[],"ppma_author":[31],"class_list":["post-14767","post","type-post","status-publish","format-standard","has-post-thumbnail","hentry","category-relevantes"],"aioseo_notices":[],"authors":[{"term_id":31,"user_id":1,"is_guest":0,"slug":"ivan3vino","display_name":"Iv\u00e1n Trevi\u00f1o","avatar_url":{"url":"https:\/\/visionciudadana.com.mx\/oficial\/wp-content\/uploads\/2025\/09\/columna-ivan-Trevino.png","url2x":"https:\/\/visionciudadana.com.mx\/oficial\/wp-content\/uploads\/2025\/09\/columna-ivan-Trevino.png"},"0":null,"1":"","2":"","3":"","4":"","5":"","6":"","7":"","8":""}],"_links":{"self":[{"href":"https:\/\/visionciudadana.com.mx\/oficial\/wp-json\/wp\/v2\/posts\/14767","targetHints":{"allow":["GET"]}}],"collection":[{"href":"https:\/\/visionciudadana.com.mx\/oficial\/wp-json\/wp\/v2\/posts"}],"about":[{"href":"https:\/\/visionciudadana.com.mx\/oficial\/wp-json\/wp\/v2\/types\/post"}],"author":[{"embeddable":true,"href":"https:\/\/visionciudadana.com.mx\/oficial\/wp-json\/wp\/v2\/users\/1"}],"replies":[{"embeddable":true,"href":"https:\/\/visionciudadana.com.mx\/oficial\/wp-json\/wp\/v2\/comments?post=14767"}],"version-history":[{"count":1,"href":"https:\/\/visionciudadana.com.mx\/oficial\/wp-json\/wp\/v2\/posts\/14767\/revisions"}],"predecessor-version":[{"id":31485,"href":"https:\/\/visionciudadana.com.mx\/oficial\/wp-json\/wp\/v2\/posts\/14767\/revisions\/31485"}],"wp:featuredmedia":[{"embeddable":true,"href":"https:\/\/visionciudadana.com.mx\/oficial\/wp-json\/wp\/v2\/posts\/6509"}],"wp:attachment":[{"href":"https:\/\/visionciudadana.com.mx\/oficial\/wp-json\/wp\/v2\/media?parent=14767"}],"wp:term":[{"taxonomy":"category","embeddable":true,"href":"https:\/\/visionciudadana.com.mx\/oficial\/wp-json\/wp\/v2\/categories?post=14767"},{"taxonomy":"post_tag","embeddable":true,"href":"https:\/\/visionciudadana.com.mx\/oficial\/wp-json\/wp\/v2\/tags?post=14767"},{"taxonomy":"author","embeddable":true,"href":"https:\/\/visionciudadana.com.mx\/oficial\/wp-json\/wp\/v2\/ppma_author?post=14767"}],"curies":[{"name":"wp","href":"https:\/\/api.w.org\/{rel}","templated":true}]}}