{"id":14765,"date":"2021-01-26T03:04:15","date_gmt":"2021-01-26T03:04:15","guid":{"rendered":"https:\/\/visionciudadana.com.mx\/prueba\/2021\/01\/26\/con-mario-zamora-hay-unidad-por-sinaloa\/"},"modified":"2025-06-25T00:32:37","modified_gmt":"2025-06-25T00:32:37","slug":"con-mario-zamora-hay-unidad-por-sinaloa","status":"publish","type":"post","link":"https:\/\/visionciudadana.com.mx\/oficial\/2021\/01\/26\/con-mario-zamora-hay-unidad-por-sinaloa\/","title":{"rendered":"Con Mario Zamora, hay unidad por Sinaloa"},"content":{"rendered":"<p><img fetchpriority=\"high\" decoding=\"async\" src=\"images\/Enero2021\/mario_zamora.PNG\" alt=\"mario zamora\" width=\"356\" height=\"211\" style=\"display: block; margin-left: auto; margin-right: auto;\" \/><\/p>\n<p class=\"x_MsoNormal\" style=\"text-align: justify;\"><span style=\"font-size: 14pt; font-family: arial, helvetica, sans-serif;\">En el PRI hay una unidad inquebrantable, a toda prueba y esa fortaleza quedar\u00e1 demostrada en este proceso electoral, expres\u00f3 Mario Zamora Gast\u00e9lum al sostener un encuentro con distinguidos liderazgos pol\u00edticos que le mostraron su total respaldo en su proyecto a la gubernatura de Sinaloa.<\/span><\/p>\n<p style=\"text-align: justify;\">&nbsp;<\/p>\n<p class=\"x_MsoNormal\" style=\"text-align: justify;\"><span style=\"font-size: 14pt; font-family: arial, helvetica, sans-serif;\">Mario Zamora sostuvo esta tarde un encuentro con Jes\u00fas Antonio Vald\u00e9s Palazuelos, Aar\u00f3n Ir\u00edzar L\u00f3pez, Rosa Elena Mill\u00e1n Bueno, Gloria Himelda F\u00e9lix Niebla, Javier Liz\u00e1rraga Mercado, Germ\u00e1n Escobar Manjarrez, Alfredo Villegas Arreola, Sergio Jacobo Guti\u00e9rrez, Efr\u00e9n Encinas Torres, Ricardo Madrid P\u00e9rez y con Juan Alfonso Mej\u00eda L\u00f3pez.<\/span><\/p>\n<p style=\"text-align: justify;\">&nbsp;<\/p>\n<p class=\"x_MsoNormal\" style=\"text-align: justify;\"><span style=\"font-size: 14pt; font-family: arial, helvetica, sans-serif;\">En este di\u00e1logo, el precandidato del PRI a la gubernatura, les expres\u00f3 su gratitud por enriquecer este proyecto y reiter\u00f3 lo que apenas dijo el jueves, al registrar sus aspiraciones, que en este proyecto \u201ccabemos todos, porque aqu\u00ed hay idea, trabajo y ganas de dar resultados, resultados de verdad no discursos huecos, sino grandes resultados\u201d.<\/span><\/p>\n<p style=\"text-align: justify;\">&nbsp;<\/p>\n<p class=\"x_MsoNormal\" style=\"text-align: justify;\"><span style=\"font-size: 14pt; font-family: arial, helvetica, sans-serif;\">Mario Zamora apreci\u00f3 en cada uno de los presentes, a liderazgos que, desde una u otra trinchera, han aportado y aportan al desarrollo de Sinaloa. \u201cNecesitamos sus visiones, su trabajo y experiencia\u201d.<\/span><\/p>\n<p style=\"text-align: justify;\">&nbsp;<\/p>\n<p class=\"x_MsoNormal\" style=\"text-align: justify;\"><span style=\"font-size: 14pt; font-family: arial, helvetica, sans-serif;\">Afirm\u00f3 que la suya ser\u00e1 una campa\u00f1a de propuestas y de sumar, tanto a priistas, como a militantes del PRD y PAN, pero tambi\u00e9n a ciudadanos sin partido que lo que quieren es que se ponga un freno a la destrucci\u00f3n sistem\u00e1tica que, del pa\u00eds, hace Morena.<\/span><\/p>\n<p style=\"text-align: justify;\">&nbsp;<\/p>\n<p class=\"x_MsoNormal\" style=\"text-align: justify;\"><span style=\"font-size: 14pt; font-family: arial, helvetica, sans-serif;\">\u201cEn Sinaloa no queremos que avance esa cat\u00e1strofe que significa Morena; aqu\u00ed queremos seguir construyendo un mejor estado, como exitosamente lo ha venido haciendo el gobernador Quirino Ordaz Coppel, por eso necesitamos seguir sumando\u201d.<\/span><\/p>\n<p style=\"text-align: justify;\">&nbsp;<\/p>\n<p class=\"x_MsoNormal\" style=\"text-align: justify;\"><span style=\"font-size: 14pt; font-family: arial, helvetica, sans-serif;\">Cada uno de los participantes en este encuentro, expres\u00f3 su apoyo al proyecto de Mario Zamora Gast\u00e9lum, en quien observaron liderazgo, talento, empuje, decisi\u00f3n y energ\u00eda para ganar de manera contundente, comprometi\u00e9ndose a fortalecer el trabajo partidista.<\/span><\/p>\n<p style=\"text-align: justify;\">&nbsp;<\/p>\n<p class=\"x_MsoNormal\" style=\"text-align: justify;\"><span style=\"font-size: 14pt; font-family: arial, helvetica, sans-serif;\">En este marco, el presidente del PRI en Sinaloa, Jes\u00fas Antonio Vald\u00e9s Palazuelos, expres\u00f3 que este encuentro es el mejor ejemplo de lo que este partido promueve, la unidad, el trabajo en equipo, con alturas de miras y viendo por el bien de Sinaloa.<\/span><\/p>\n<p style=\"text-align: justify;\">&nbsp;<\/p>\n<p class=\"x_MsoNormal\" style=\"text-align: justify;\"><span style=\"font-size: 14pt; font-family: arial, helvetica, sans-serif;\">De manera permanente, el PRI trabaja en la construcci\u00f3n de un triunfo que se trabaja&nbsp; con propuesta, con proyectos y con estructura muy organizada, destac\u00f3 Jes\u00fas&nbsp; Vald\u00e9s, quien reconoci\u00f3 \u201cel esfuerzo extraordinario de mujeres y hombres, de toda la estructura del PRI, que conocen el territorio y que le entrar\u00e1n con todo para obtener el triunfo en este 2021&#8243;.<\/span><\/p>\n<p style=\"text-align: justify;\">&nbsp;<\/p>\n<p style=\"text-align: justify;\"><span style=\"font-size: 14pt; font-family: arial, helvetica, sans-serif;\">REDACCI\u00d3N\/VSI\u00d3N CIUDADANA<\/span>.<\/p>\n","protected":false},"excerpt":{"rendered":"<p>En el PRI hay una unidad inquebrantable, a toda prueba y esa fortaleza quedar\u00e1 demostrada en este proceso electoral, expres\u00f3 Mario Zamora Gast\u00e9lum al sostener un encuentro con distinguidos liderazgos pol\u00edticos que le mostraron su total respaldo en su proyecto a la gubernatura de Sinaloa. &nbsp; Mario Zamora sostuvo esta tarde un encuentro con Jes\u00fas [&hellip;]<\/p>\n","protected":false},"author":1,"featured_media":6505,"comment_status":"closed","ping_status":"closed","sticky":false,"template":"","format":"standard","meta":{"footnotes":""},"categories":[24],"tags":[],"ppma_author":[31],"class_list":["post-14765","post","type-post","status-publish","format-standard","has-post-thumbnail","hentry","category-relevantes"],"aioseo_notices":[],"authors":[{"term_id":31,"user_id":1,"is_guest":0,"slug":"ivan3vino","display_name":"Iv\u00e1n Trevi\u00f1o","avatar_url":{"url":"https:\/\/visionciudadana.com.mx\/oficial\/wp-content\/uploads\/2025\/09\/columna-ivan-Trevino.png","url2x":"https:\/\/visionciudadana.com.mx\/oficial\/wp-content\/uploads\/2025\/09\/columna-ivan-Trevino.png"},"0":null,"1":"","2":"","3":"","4":"","5":"","6":"","7":"","8":""}],"_links":{"self":[{"href":"https:\/\/visionciudadana.com.mx\/oficial\/wp-json\/wp\/v2\/posts\/14765","targetHints":{"allow":["GET"]}}],"collection":[{"href":"https:\/\/visionciudadana.com.mx\/oficial\/wp-json\/wp\/v2\/posts"}],"about":[{"href":"https:\/\/visionciudadana.com.mx\/oficial\/wp-json\/wp\/v2\/types\/post"}],"author":[{"embeddable":true,"href":"https:\/\/visionciudadana.com.mx\/oficial\/wp-json\/wp\/v2\/users\/1"}],"replies":[{"embeddable":true,"href":"https:\/\/visionciudadana.com.mx\/oficial\/wp-json\/wp\/v2\/comments?post=14765"}],"version-history":[{"count":1,"href":"https:\/\/visionciudadana.com.mx\/oficial\/wp-json\/wp\/v2\/posts\/14765\/revisions"}],"predecessor-version":[{"id":31487,"href":"https:\/\/visionciudadana.com.mx\/oficial\/wp-json\/wp\/v2\/posts\/14765\/revisions\/31487"}],"wp:featuredmedia":[{"embeddable":true,"href":"https:\/\/visionciudadana.com.mx\/oficial\/wp-json\/wp\/v2\/media\/6505"}],"wp:attachment":[{"href":"https:\/\/visionciudadana.com.mx\/oficial\/wp-json\/wp\/v2\/media?parent=14765"}],"wp:term":[{"taxonomy":"category","embeddable":true,"href":"https:\/\/visionciudadana.com.mx\/oficial\/wp-json\/wp\/v2\/categories?post=14765"},{"taxonomy":"post_tag","embeddable":true,"href":"https:\/\/visionciudadana.com.mx\/oficial\/wp-json\/wp\/v2\/tags?post=14765"},{"taxonomy":"author","embeddable":true,"href":"https:\/\/visionciudadana.com.mx\/oficial\/wp-json\/wp\/v2\/ppma_author?post=14765"}],"curies":[{"name":"wp","href":"https:\/\/api.w.org\/{rel}","templated":true}]}}