{"id":14752,"date":"2021-01-22T04:21:33","date_gmt":"2021-01-22T04:21:33","guid":{"rendered":"https:\/\/visionciudadana.com.mx\/prueba\/2021\/01\/22\/proponen-diputados-del-pri-establecer-ley-de-apoyos-para-mipymes-en-caso-de-emergencia-sanitaria\/"},"modified":"2025-06-25T00:32:37","modified_gmt":"2025-06-25T00:32:37","slug":"proponen-diputados-del-pri-establecer-ley-de-apoyos-para-mipymes-en-caso-de-emergencia-sanitaria","status":"publish","type":"post","link":"https:\/\/visionciudadana.com.mx\/oficial\/2021\/01\/22\/proponen-diputados-del-pri-establecer-ley-de-apoyos-para-mipymes-en-caso-de-emergencia-sanitaria\/","title":{"rendered":"Proponen diputados del PRI establecer ley de apoyos para MIPYMES en caso de emergencia sanitaria"},"content":{"rendered":"<p class=\"x_MsoNormal\" align=\"right\">&nbsp;<\/p>\n<p><img fetchpriority=\"high\" decoding=\"async\" src=\"images\/Enero2021\/diputados_del_PRI.PNG\" alt=\"diputados del PRI\" width=\"415\" height=\"248\" style=\"display: block; margin-left: auto; margin-right: auto;\" \/><\/p>\n<p class=\"x_MsoNormal\" style=\"text-align: justify;\"><span style=\"font-size: 14pt; font-family: arial, helvetica, sans-serif;\">La presidenta de la Comisi\u00f3n de Desarrollo Econ\u00f3mico en el Congreso del estado&nbsp; de&nbsp; Sinaloa, diputada M\u00f3nica L\u00f3pez Hern\u00e1ndez,&nbsp;&nbsp; propuso establecer en la Ley mecanismos de apoyo y est\u00edmulos fiscales a las peque\u00f1as y medianas empresas, cuando las autoridades emitan una declaratoria de emergencia sanitaria.<\/span><\/p>\n<p style=\"text-align: justify;\"><span style=\"font-size: 14pt; font-family: arial, helvetica, sans-serif;\"><\/span><\/p>\n<p class=\"x_MsoNormal\" style=\"text-align: justify;\"><span style=\"font-size: 14pt; font-family: arial, helvetica, sans-serif;\">En su intervenci\u00f3n, se\u00f1al\u00f3 que la pandemia generada por el Covid-19 ha provocado el cierre masivo de empresas, por lo que es necesario contar ahora con una normatividad que prevea este tipo de situaciones, y establezca alternativas para apoyar a los empresarios, sobre todo aqu\u00e9llas peque\u00f1as y medianas que no cuentan con un respaldo suficiente para enfrentar periodos prolongados&nbsp; de inactividad.<\/span><\/p>\n<p style=\"text-align: justify;\"><span style=\"font-size: 14pt; font-family: arial, helvetica, sans-serif;\"><\/span><\/p>\n<p class=\"x_MsoNormal\" style=\"text-align: justify;\"><span style=\"font-size: 14pt; font-family: arial, helvetica, sans-serif;\">Destac\u00f3 que hasta la fecha se han instrumentado algunas medidas de apoyo a las MiPymes, pero no son suficientes para garantizar su sobrevivencia en esta crisis econ\u00f3mica generada por la pandemia.<\/span><\/p>\n<p style=\"text-align: justify;\"><span style=\"font-size: 14pt; font-family: arial, helvetica, sans-serif;\"><\/span><\/p>\n<p class=\"x_MsoNormal\" style=\"text-align: justify;\"><span style=\"font-size: 14pt; font-family: arial, helvetica, sans-serif;\">\u201cConsideramos (el GP del PRI)&nbsp;&nbsp; necesario establecer en la Ley de Presupuesto y Responsabilidad Hacendaria del Estado de Sinaloa, el compromiso de respaldar a las MiPymes, cuando se vean obligadas a suspender sus operaciones a ra\u00edz de una declaratoria de contingencia sanitaria, que implique la suspensi\u00f3n de labores comerciales y empresariales\u201d, manifest\u00f3.<\/span><\/p>\n<p style=\"text-align: justify;\"><span style=\"font-size: 14pt; font-family: arial, helvetica, sans-serif;\"><\/span><\/p>\n<p class=\"x_MsoNormal\" style=\"text-align: justify;\"><span style=\"font-size: 14pt; font-family: arial, helvetica, sans-serif;\">La presidenta de la Comisi\u00f3n de Desarrollo Econ\u00f3mico en el congreso del estado destac\u00f3 que las llamadas PyMEs actualmente tienen enormes dificultades para mantener sus actividades,&nbsp;&nbsp; con lo que se ven imposibilitadas en la mayor\u00eda de las ocasiones para&nbsp; cumplir con sus obligaciones salariales y fiscales, y presentan graves problemas para cubrir sus gastos directos, como es el caso de la renta de sus establecimientos, o el pago de cr\u00e9ditos ligados al giro comercial de que se trate.<\/span><\/p>\n<p style=\"text-align: justify;\"><span style=\"font-size: 14pt; font-family: arial, helvetica, sans-serif;\"><\/span><\/p>\n<p class=\"x_MsoNormal\" style=\"text-align: justify;\"><span style=\"font-size: 14pt; font-family: arial, helvetica, sans-serif;\">M\u00f3nica L\u00f3pez, destac\u00f3 que actualmente las microempresas son establecimientos que tienen plantillas de empleados menor a 10 trabajadores y representan el 95 por ciento del total de las empresas y el 40 por ciento del empleo en el pa\u00eds, adem\u00e1s aportan el 15 por ciento del Producto Interno Bruto.<\/span><\/p>\n<p style=\"text-align: justify;\"><span style=\"font-size: 14pt; font-family: arial, helvetica, sans-serif;\"><\/span><\/p>\n<p class=\"x_MsoNormal\" style=\"text-align: justify;\"><span style=\"font-size: 14pt; font-family: arial, helvetica, sans-serif;\">Su importancia,&nbsp; dijo, junto a las peque\u00f1as y medianas empresas, radica en que son un mecanismo fundamental para la inclusi\u00f3n social a trav\u00e9s de la generaci\u00f3n de empleos. Tambi\u00e9n son parte esencial de la cadena productiva econ\u00f3mica y son imprescindibles para el desarrollo regional y local.<\/span><\/p>\n<p style=\"text-align: justify;\"><span style=\"font-size: 14pt; font-family: arial, helvetica, sans-serif;\"><\/span><\/p>\n<p class=\"x_MsoNormal\" style=\"text-align: justify;\"><span style=\"font-size: 14pt; font-family: arial, helvetica, sans-serif;\">\u201cEs por ello, que desde el Grupo Parlamentario del PRI, estamos planteando la necesidad de que ante la posible presencia de contingencias sanitarias en el futuro, existan esquemas de apoyo para que las empresas no desaparezcan, y para que los trabajadores mantengan sus fuentes de empleo\u201d, puntualiz\u00f3.<\/span><\/p>\n<p style=\"text-align: justify;\"><span style=\"font-size: 14pt; font-family: arial, helvetica, sans-serif;\"><\/span><\/p>\n<p style=\"text-align: justify;\"><span style=\"font-size: 14pt; font-family: arial, helvetica, sans-serif;\">REDACCI\u00d3N\/VISI\u00d3N CIUDADANA.<\/span><\/p>\n","protected":false},"excerpt":{"rendered":"<p>&nbsp; La presidenta de la Comisi\u00f3n de Desarrollo Econ\u00f3mico en el Congreso del estado&nbsp; de&nbsp; Sinaloa, diputada M\u00f3nica L\u00f3pez Hern\u00e1ndez,&nbsp;&nbsp; propuso establecer en la Ley mecanismos de apoyo y est\u00edmulos fiscales a las peque\u00f1as y medianas empresas, cuando las autoridades emitan una declaratoria de emergencia sanitaria. En su intervenci\u00f3n, se\u00f1al\u00f3 que la pandemia generada por [&hellip;]<\/p>\n","protected":false},"author":1,"featured_media":6488,"comment_status":"closed","ping_status":"closed","sticky":false,"template":"","format":"standard","meta":{"footnotes":""},"categories":[24],"tags":[],"ppma_author":[31],"class_list":["post-14752","post","type-post","status-publish","format-standard","has-post-thumbnail","hentry","category-relevantes"],"aioseo_notices":[],"authors":[{"term_id":31,"user_id":1,"is_guest":0,"slug":"ivan3vino","display_name":"Iv\u00e1n Trevi\u00f1o","avatar_url":{"url":"https:\/\/visionciudadana.com.mx\/oficial\/wp-content\/uploads\/2025\/09\/columna-ivan-Trevino.png","url2x":"https:\/\/visionciudadana.com.mx\/oficial\/wp-content\/uploads\/2025\/09\/columna-ivan-Trevino.png"},"0":null,"1":"","2":"","3":"","4":"","5":"","6":"","7":"","8":""}],"_links":{"self":[{"href":"https:\/\/visionciudadana.com.mx\/oficial\/wp-json\/wp\/v2\/posts\/14752","targetHints":{"allow":["GET"]}}],"collection":[{"href":"https:\/\/visionciudadana.com.mx\/oficial\/wp-json\/wp\/v2\/posts"}],"about":[{"href":"https:\/\/visionciudadana.com.mx\/oficial\/wp-json\/wp\/v2\/types\/post"}],"author":[{"embeddable":true,"href":"https:\/\/visionciudadana.com.mx\/oficial\/wp-json\/wp\/v2\/users\/1"}],"replies":[{"embeddable":true,"href":"https:\/\/visionciudadana.com.mx\/oficial\/wp-json\/wp\/v2\/comments?post=14752"}],"version-history":[{"count":1,"href":"https:\/\/visionciudadana.com.mx\/oficial\/wp-json\/wp\/v2\/posts\/14752\/revisions"}],"predecessor-version":[{"id":31491,"href":"https:\/\/visionciudadana.com.mx\/oficial\/wp-json\/wp\/v2\/posts\/14752\/revisions\/31491"}],"wp:featuredmedia":[{"embeddable":true,"href":"https:\/\/visionciudadana.com.mx\/oficial\/wp-json\/wp\/v2\/media\/6488"}],"wp:attachment":[{"href":"https:\/\/visionciudadana.com.mx\/oficial\/wp-json\/wp\/v2\/media?parent=14752"}],"wp:term":[{"taxonomy":"category","embeddable":true,"href":"https:\/\/visionciudadana.com.mx\/oficial\/wp-json\/wp\/v2\/categories?post=14752"},{"taxonomy":"post_tag","embeddable":true,"href":"https:\/\/visionciudadana.com.mx\/oficial\/wp-json\/wp\/v2\/tags?post=14752"},{"taxonomy":"author","embeddable":true,"href":"https:\/\/visionciudadana.com.mx\/oficial\/wp-json\/wp\/v2\/ppma_author?post=14752"}],"curies":[{"name":"wp","href":"https:\/\/api.w.org\/{rel}","templated":true}]}}