{"id":14750,"date":"2021-01-22T03:53:26","date_gmt":"2021-01-22T03:53:26","guid":{"rendered":"https:\/\/visionciudadana.com.mx\/prueba\/2021\/01\/22\/conjuntan-acciones-secretarias-de-pesca-y-desarrollo-sustentable-y-economia-para-fortalecer-sector-pesquero\/"},"modified":"2025-06-25T00:32:38","modified_gmt":"2025-06-25T00:32:38","slug":"conjuntan-acciones-secretarias-de-pesca-y-desarrollo-sustentable-y-economia-para-fortalecer-sector-pesquero","status":"publish","type":"post","link":"https:\/\/visionciudadana.com.mx\/oficial\/2021\/01\/22\/conjuntan-acciones-secretarias-de-pesca-y-desarrollo-sustentable-y-economia-para-fortalecer-sector-pesquero\/","title":{"rendered":"Conjuntan acciones secretar\u00edas de pesca y desarrollo sustentable y econom\u00eda para fortalecer sector pesquero"},"content":{"rendered":"<p><img fetchpriority=\"high\" decoding=\"async\" src=\"images\/Enero2021\/sec_de_pesk.PNG\" alt=\"sec de pesk\" width=\"374\" height=\"208\" style=\"display: block; margin-left: auto; margin-right: auto;\" \/><\/p>\n<p class=\"x_MsoNormal\" style=\"text-align: justify;\"><span style=\"font-size: 14pt; font-family: arial, helvetica, sans-serif;\">El fortalecimiento del sector pesquero sinaloense es una de las prioridades del Gobierno del Estado, encabezado por el gobernador Quirino Ordaz Coppel, por lo que, de manera conjunta, las secretar\u00edas de Pesca y Acuacultura, Desarrollo Sustentable y Econom\u00eda acuerdan agenda &nbsp;de aplicaci\u00f3n inmediata.<\/span><\/p>\n<p style=\"text-align: justify;\">&nbsp;<\/p>\n<p class=\"x_MsoNormal\" style=\"text-align: justify;\"><span style=\"font-size: 14pt; font-family: arial, helvetica, sans-serif;\">\u201cCampa\u00f1as de sanidad y sustentabilidad en campos pesqueros, manejo de residuos, fortalecimiento de la cadena de comercio, apoyo a la productividad y acceso a la plataforma Consume Sinaloa; son algunas de las acciones inmediatas.\u201d, informa la secretaria Maribel Chollet Mor\u00e1n.<\/span><\/p>\n<p style=\"text-align: justify;\">&nbsp;<\/p>\n<p class=\"x_MsoNormal\" style=\"text-align: justify;\"><span style=\"font-size: 14pt; font-family: arial, helvetica, sans-serif;\">Asimismo se gestiona,&nbsp; en coordinaci\u00f3n con la secretar\u00eda de Econom\u00eda de Gobierno del Estado, una reuni\u00f3n de trabajo con Tatiana Clouthier Carrillo, secretaria de Econom\u00eda del gobierno federal para plantear un posicionamiento en relaci\u00f3n al Tratado de Libre Comercio con Ecuador, en relaci\u00f3n a la importaci\u00f3n de camar\u00f3n de granja, lo cual representa una embestida en contra de los acuacultores locales al competir en franca desventaja.<\/span><\/p>\n<p style=\"text-align: justify;\">&nbsp;<\/p>\n<p class=\"x_MsoNormal\" style=\"text-align: justify;\"><span style=\"font-size: 14pt; font-family: arial, helvetica, sans-serif;\">Otro de los temas a abordar tiene que ver con la sanidad e inocuidad.<\/span><\/p>\n<p style=\"text-align: justify;\">&nbsp;<\/p>\n<p class=\"x_MsoNormal\" style=\"text-align: justify;\"><span style=\"font-size: 14pt; font-family: arial, helvetica, sans-serif;\">La secretaria de Pesca y Acuacultura anunci\u00f3 la realizaci\u00f3n de una campa\u00f1a de sanidad y sustentabilidad en los campos pesqueros sinaloenses; para lo cual la semana entrante inician con un diagnostico que permita definir el modelo de intervenci\u00f3n a partir del conocimiento de los residuos que generan y la manera de redituarles en su manejo.<\/span><\/p>\n<p style=\"text-align: justify;\">&nbsp;<\/p>\n<p class=\"x_MsoNormal\" style=\"text-align: justify;\"><span style=\"font-size: 14pt; font-family: arial, helvetica, sans-serif;\">\u201cSon acciones que tienen que ver con el manejo responsable de los desechos s\u00f3lidos y el saneamiento. Estas acciones transversales van de la mano con la secretar\u00eda de Desarrollo Sustentable para generarles la capacitaci\u00f3n y sensibilizaci\u00f3n necesaria donde ser\u00e1n participes &nbsp;cooperativas, federaciones y, sobretodo, los pescadores para que sean conscientes del uso correcto que cada residuo debe de tener y evitar generar contaminaci\u00f3n en los cuerpos de agua\u201d.<\/span><\/p>\n<p style=\"text-align: justify;\">&nbsp;<\/p>\n<p class=\"x_MsoNormal\" style=\"text-align: justify;\"><span style=\"font-size: 14pt; font-family: arial, helvetica, sans-serif;\">En otro orden de ideas, Maribel Chollet Mor\u00e1n dijo que con el apoyo de la secretar\u00eda de Econom\u00eda, encabezada por Javier Liz\u00e1rraga Mercado, se busca que los productores pesqueros accedan a la Plataforma \u201cConsume Sinaloa\u201d, con la finalidad de promocionar sus productos al consumidor, procurando puedan comercializarlos sin intermediarios, aprovechando que el nicho del mercado en l\u00ednea tiene un crecimiento sostenido.<\/span><\/p>\n<p style=\"text-align: justify;\">&nbsp;<\/p>\n<p class=\"x_MsoNormal\" style=\"text-align: justify;\"><span style=\"font-size: 14pt; font-family: arial, helvetica, sans-serif;\">De manera adicional se trabaja en apoyar a las mujeres emprendedoras de los campos pesqueros, con recursos de fomento a la productividad, para que puedan contar con un sustento para sus familias en las \u00e9pocas de veda, las cuales cada vez son m\u00e1s extensas.<\/span><\/p>\n<p style=\"text-align: justify;\">&nbsp;<\/p>\n<p class=\"x_MsoNormal\" style=\"text-align: justify;\"><span style=\"font-size: 14pt; font-family: arial, helvetica, sans-serif;\">Todas las instituciones del Gobierno del Estado estamos echadas para adelante, en el cumplimiento de las encomiendas del gobernador Quirino Ordaz Coppel, remarc\u00f3.<\/span><\/p>\n<p style=\"text-align: justify;\">&nbsp;<\/p>\n<p style=\"text-align: justify;\">&nbsp;<\/p>\n<p style=\"text-align: justify;\"><span style=\"font-size: 14pt; font-family: arial, helvetica, sans-serif;\">REDACCI\u00d3N\/VISI\u00d3N CIUDADANA.<\/span><\/p>\n","protected":false},"excerpt":{"rendered":"<p>El fortalecimiento del sector pesquero sinaloense es una de las prioridades del Gobierno del Estado, encabezado por el gobernador Quirino Ordaz Coppel, por lo que, de manera conjunta, las secretar\u00edas de Pesca y Acuacultura, Desarrollo Sustentable y Econom\u00eda acuerdan agenda &nbsp;de aplicaci\u00f3n inmediata. &nbsp; \u201cCampa\u00f1as de sanidad y sustentabilidad en campos pesqueros, manejo de residuos, [&hellip;]<\/p>\n","protected":false},"author":1,"featured_media":6484,"comment_status":"closed","ping_status":"closed","sticky":false,"template":"","format":"standard","meta":{"footnotes":""},"categories":[24],"tags":[],"ppma_author":[31],"class_list":["post-14750","post","type-post","status-publish","format-standard","has-post-thumbnail","hentry","category-relevantes"],"aioseo_notices":[],"authors":[{"term_id":31,"user_id":1,"is_guest":0,"slug":"ivan3vino","display_name":"Iv\u00e1n Trevi\u00f1o","avatar_url":{"url":"https:\/\/visionciudadana.com.mx\/oficial\/wp-content\/uploads\/2025\/09\/columna-ivan-Trevino.png","url2x":"https:\/\/visionciudadana.com.mx\/oficial\/wp-content\/uploads\/2025\/09\/columna-ivan-Trevino.png"},"0":null,"1":"","2":"","3":"","4":"","5":"","6":"","7":"","8":""}],"_links":{"self":[{"href":"https:\/\/visionciudadana.com.mx\/oficial\/wp-json\/wp\/v2\/posts\/14750","targetHints":{"allow":["GET"]}}],"collection":[{"href":"https:\/\/visionciudadana.com.mx\/oficial\/wp-json\/wp\/v2\/posts"}],"about":[{"href":"https:\/\/visionciudadana.com.mx\/oficial\/wp-json\/wp\/v2\/types\/post"}],"author":[{"embeddable":true,"href":"https:\/\/visionciudadana.com.mx\/oficial\/wp-json\/wp\/v2\/users\/1"}],"replies":[{"embeddable":true,"href":"https:\/\/visionciudadana.com.mx\/oficial\/wp-json\/wp\/v2\/comments?post=14750"}],"version-history":[{"count":1,"href":"https:\/\/visionciudadana.com.mx\/oficial\/wp-json\/wp\/v2\/posts\/14750\/revisions"}],"predecessor-version":[{"id":31493,"href":"https:\/\/visionciudadana.com.mx\/oficial\/wp-json\/wp\/v2\/posts\/14750\/revisions\/31493"}],"wp:featuredmedia":[{"embeddable":true,"href":"https:\/\/visionciudadana.com.mx\/oficial\/wp-json\/wp\/v2\/media\/6484"}],"wp:attachment":[{"href":"https:\/\/visionciudadana.com.mx\/oficial\/wp-json\/wp\/v2\/media?parent=14750"}],"wp:term":[{"taxonomy":"category","embeddable":true,"href":"https:\/\/visionciudadana.com.mx\/oficial\/wp-json\/wp\/v2\/categories?post=14750"},{"taxonomy":"post_tag","embeddable":true,"href":"https:\/\/visionciudadana.com.mx\/oficial\/wp-json\/wp\/v2\/tags?post=14750"},{"taxonomy":"author","embeddable":true,"href":"https:\/\/visionciudadana.com.mx\/oficial\/wp-json\/wp\/v2\/ppma_author?post=14750"}],"curies":[{"name":"wp","href":"https:\/\/api.w.org\/{rel}","templated":true}]}}