{"id":14749,"date":"2021-01-22T03:45:30","date_gmt":"2021-01-22T03:45:30","guid":{"rendered":"https:\/\/visionciudadana.com.mx\/prueba\/2021\/01\/22\/refuerza-navolato-medidas-preventivas-contra-el-covid-19\/"},"modified":"2025-06-25T00:32:38","modified_gmt":"2025-06-25T00:32:38","slug":"refuerza-navolato-medidas-preventivas-contra-el-covid-19","status":"publish","type":"post","link":"https:\/\/visionciudadana.com.mx\/oficial\/2021\/01\/22\/refuerza-navolato-medidas-preventivas-contra-el-covid-19\/","title":{"rendered":"Refuerza Navolato medidas preventivas contra el COVID-19"},"content":{"rendered":"<p style=\"text-align: justify;\"><img fetchpriority=\"high\" decoding=\"async\" src=\"images\/Enero2021\/refuerza_en_navo.PNG\" alt=\"refuerza en navo\" width=\"419\" height=\"226\" style=\"display: block; margin-left: auto; margin-right: auto;\" \/><\/p>\n<p style=\"text-align: justify;\"><span style=\"font-size: 14pt; font-family: arial, helvetica, sans-serif;\">Para prevenir un incremento en los contagios del COVID-19 en el municipio de Navolato, el presidente municipal Eliazar Guti\u00e9rrez Angulo acord\u00f3 en una reuni\u00f3n con regidores y funcionarios municipales responsables de las \u00e1reas de Salud, Seguridad P\u00fablica y Protecci\u00f3n Civil, reforzar las medidas preventivas en los edificios y \u00e1reas p\u00fablicas, comercios, playas, campos deportivos y los tianguis de la sindicatura Benito Ju\u00e1rez.<\/span><\/p>\n<p style=\"text-align: justify;\">\n<p><span style=\"font-size: 14pt; font-family: arial, helvetica, sans-serif;\">El alcalde navolatense explic\u00f3 que la decisi\u00f3n de tomar estas medidas no debe generar psicosis, pero el objetivo es concientizar a la sociedad para aprender a vivir con la Nueva Normalidad durante la pandemia, y para ello se requiere no bajar la guardia y continuar con los cuidados y las medidas preventivas para proteger la salud de las familias navolatenses.<\/span><\/p>\n<p style=\"text-align: justify;\">\n<p><span style=\"font-size: 14pt; font-family: arial, helvetica, sans-serif;\">El mun\u00edcipe detall\u00f3 que en el caso del edificio del Ayuntamiento, ya se reforz\u00f3 el filtro sanitario y de control interno, debido a que se ha incrementado la asistencia de personas para pagar el Impuesto Predial, quienes est\u00e1n aprovechando la campa\u00f1a de descuentos, la cual les genera un impacto favorable en la econom\u00eda.<\/span><\/p>\n<p style=\"text-align: justify;\">\n<p><span style=\"font-size: 14pt; font-family: arial, helvetica, sans-serif;\">Para evitar al m\u00e1ximo la aglomeraci\u00f3n, exhort\u00f3 a todas las personas, pero principalmente a los adultos mayores para que se apoyen de alg\u00fan hijo o nieto o cualquier persona de confianza y realicen el pago en l\u00ednea, al ingresar a la cuenta oficial del Ayuntamiento&nbsp;<a href=\"http:\/\/www.navolato.gob.mx\/\" target=\"_blank\" rel=\"noopener noreferrer\" id=\"LPlnk116376\" data-auth=\"NotApplicable\">www.navolato.gob.mx<\/a><\/span><\/p>\n<p style=\"text-align: justify;\">&nbsp;<\/p>\n<p style=\"text-align: justify;\">&nbsp;<\/p>\n<p style=\"text-align: justify;\"><span style=\"font-size: 14pt; font-family: arial, helvetica, sans-serif;\">REDACCI\u00d3N\/VISI\u00d3N CIUDADANA.<\/span><\/p>\n","protected":false},"excerpt":{"rendered":"<p>Para prevenir un incremento en los contagios del COVID-19 en el municipio de Navolato, el presidente municipal Eliazar Guti\u00e9rrez Angulo acord\u00f3 en una reuni\u00f3n con regidores y funcionarios municipales responsables de las \u00e1reas de Salud, Seguridad P\u00fablica y Protecci\u00f3n Civil, reforzar las medidas preventivas en los edificios y \u00e1reas p\u00fablicas, comercios, playas, campos deportivos y [&hellip;]<\/p>\n","protected":false},"author":1,"featured_media":6482,"comment_status":"closed","ping_status":"closed","sticky":false,"template":"","format":"standard","meta":{"footnotes":""},"categories":[13],"tags":[],"ppma_author":[31],"class_list":["post-14749","post","type-post","status-publish","format-standard","has-post-thumbnail","hentry","category-locales"],"aioseo_notices":[],"authors":[{"term_id":31,"user_id":1,"is_guest":0,"slug":"ivan3vino","display_name":"Iv\u00e1n Trevi\u00f1o","avatar_url":{"url":"https:\/\/visionciudadana.com.mx\/oficial\/wp-content\/uploads\/2025\/09\/columna-ivan-Trevino.png","url2x":"https:\/\/visionciudadana.com.mx\/oficial\/wp-content\/uploads\/2025\/09\/columna-ivan-Trevino.png"},"0":null,"1":"","2":"","3":"","4":"","5":"","6":"","7":"","8":""}],"_links":{"self":[{"href":"https:\/\/visionciudadana.com.mx\/oficial\/wp-json\/wp\/v2\/posts\/14749","targetHints":{"allow":["GET"]}}],"collection":[{"href":"https:\/\/visionciudadana.com.mx\/oficial\/wp-json\/wp\/v2\/posts"}],"about":[{"href":"https:\/\/visionciudadana.com.mx\/oficial\/wp-json\/wp\/v2\/types\/post"}],"author":[{"embeddable":true,"href":"https:\/\/visionciudadana.com.mx\/oficial\/wp-json\/wp\/v2\/users\/1"}],"replies":[{"embeddable":true,"href":"https:\/\/visionciudadana.com.mx\/oficial\/wp-json\/wp\/v2\/comments?post=14749"}],"version-history":[{"count":1,"href":"https:\/\/visionciudadana.com.mx\/oficial\/wp-json\/wp\/v2\/posts\/14749\/revisions"}],"predecessor-version":[{"id":31494,"href":"https:\/\/visionciudadana.com.mx\/oficial\/wp-json\/wp\/v2\/posts\/14749\/revisions\/31494"}],"wp:featuredmedia":[{"embeddable":true,"href":"https:\/\/visionciudadana.com.mx\/oficial\/wp-json\/wp\/v2\/media\/6482"}],"wp:attachment":[{"href":"https:\/\/visionciudadana.com.mx\/oficial\/wp-json\/wp\/v2\/media?parent=14749"}],"wp:term":[{"taxonomy":"category","embeddable":true,"href":"https:\/\/visionciudadana.com.mx\/oficial\/wp-json\/wp\/v2\/categories?post=14749"},{"taxonomy":"post_tag","embeddable":true,"href":"https:\/\/visionciudadana.com.mx\/oficial\/wp-json\/wp\/v2\/tags?post=14749"},{"taxonomy":"author","embeddable":true,"href":"https:\/\/visionciudadana.com.mx\/oficial\/wp-json\/wp\/v2\/ppma_author?post=14749"}],"curies":[{"name":"wp","href":"https:\/\/api.w.org\/{rel}","templated":true}]}}