{"id":14747,"date":"2021-01-22T03:34:03","date_gmt":"2021-01-22T03:34:03","guid":{"rendered":"https:\/\/visionciudadana.com.mx\/prueba\/2021\/01\/22\/congreso-del-estado-homologa-aguinaldo-a-jubilados-y-pensionados-del-snte-27\/"},"modified":"2025-06-25T00:32:38","modified_gmt":"2025-06-25T00:32:38","slug":"congreso-del-estado-homologa-aguinaldo-a-jubilados-y-pensionados-del-snte-27","status":"publish","type":"post","link":"https:\/\/visionciudadana.com.mx\/oficial\/2021\/01\/22\/congreso-del-estado-homologa-aguinaldo-a-jubilados-y-pensionados-del-snte-27\/","title":{"rendered":"Congreso del Estado homologa aguinaldo a jubilados y pensionados del SNTE 27"},"content":{"rendered":"<p style=\"text-align: justify;\">&nbsp;<\/p>\n<p style=\"text-align: justify;\"><img fetchpriority=\"high\" decoding=\"async\" src=\"images\/Enero2021\/autorizan.PNG\" alt=\"autorizan\" width=\"421\" height=\"220\" style=\"display: block; margin-left: auto; margin-right: auto;\" \/><\/p>\n<p style=\"text-align: justify;\"><span style=\"font-size: 14pt; font-family: arial, helvetica, sans-serif;\">El Congreso del Estado de Sinaloa aprob\u00f3 dictamen que garantiza el pago de 25 d\u00edas de aguinaldo, por parte del Gobierno del Estado, a las y los trabajadores de la educaci\u00f3n jubilados y pensionados del SNTE Secci\u00f3n 27 que se encuentran dentro del r\u00e9gimen de cuentas individuales. <\/span><\/p>\n<p style=\"text-align: justify;\">&nbsp;<\/p>\n<p style=\"text-align: justify;\"><span style=\"font-size: 14pt; font-family: arial, helvetica, sans-serif;\">Por unanimidad, el Pleno aprob\u00f3 dictamen elaborado por la Comisi\u00f3n de Educaci\u00f3n P\u00fablica y Cultura, que preside la diputada Flor Emilia Guerra Mena, que reforma el p\u00e1rrafo segundo y adiciona un p\u00e1rrafo tercero, a la fracci\u00f3n XXXII del art\u00edculo 145 de la Ley de Educaci\u00f3n para el Estado de Sinaloa. <\/span><\/p>\n<p style=\"text-align: justify;\">&nbsp;<\/p>\n<p style=\"text-align: justify;\"><span style=\"font-size: 14pt; font-family: arial, helvetica, sans-serif;\">El dictamen aprobado por el Pleno corresponde a iniciativa presentada por el Grupo Parlamentario de Morena, que coordina la diputada Graciela Dom\u00ednguez Nava. El objeto de la iniciativa es que los trabajadores en r\u00e9gimen de cuentas individuales reciban tambi\u00e9n el incremento de 25 d\u00edas de aguinaldo que se les otorg\u00f3 en diciembre de 2020 a los trabajadores de la educaci\u00f3n jubilados y pensionados federalizados, afiliados al Sindicato Nacional de Trabajadores de la Educaci\u00f3n, Secci\u00f3n 27. <\/span><\/p>\n<p style=\"text-align: justify;\">&nbsp;<\/p>\n<p style=\"text-align: justify;\"><span style=\"font-size: 14pt; font-family: arial, helvetica, sans-serif;\">Este aumento de 25 d\u00edas se sum\u00f3 a los 40 d\u00edas que ya recib\u00edan todos los trabajadores jubilados y pensionados de la educaci\u00f3n federalizados por parte del Gobierno Federal. Con ello se logr\u00f3 la homologaci\u00f3n de aumentar de 40 a 65 d\u00edas el aguinaldo a jubilados y pensionados para que estuvieran en un estado de igualdad de derechos con los trabajadores en activo. <\/span><\/p>\n<p style=\"text-align: justify;\">&nbsp;<\/p>\n<p style=\"text-align: justify;\"><span style=\"font-size: 14pt; font-family: arial, helvetica, sans-serif;\">Sin embargo, en esta reforma a la Ley de Educaci\u00f3n para el Estado de Sinaloa aprobada en 2019, no se incluy\u00f3 a las y los trabajadores de la educaci\u00f3n federalizados jubilados y pensionados que se encuentran dentro del r\u00e9gimen de cuentas individuales. <\/span><\/p>\n<p style=\"text-align: justify;\">&nbsp;<\/p>\n<p style=\"text-align: justify;\"><span style=\"font-size: 14pt; font-family: arial, helvetica, sans-serif;\">Despu\u00e9s de la primera lectura al dictamen, la diputada Alma Rosa Garz\u00f3n Aguilar, propuso dispensar la segunda, posteriormente inici\u00f3 la discusi\u00f3n y votaci\u00f3n, que fue por unanimidad. El presente Decreto entrar\u00e1 en vigor al d\u00eda siguiente de su publicaci\u00f3n en el Peri\u00f3dico Oficial \u201cEl Estado de Sinaloa\u201d.<\/span><\/p>\n<p style=\"text-align: justify;\">&nbsp;<\/p>\n<p style=\"text-align: justify;\">&nbsp;<\/p>\n<p style=\"text-align: justify;\"><span style=\"font-size: 14pt; font-family: arial, helvetica, sans-serif;\">REDACCI\u00d3N VISI\u00d3N CIUDADANA.<\/span><\/p>\n<p>&nbsp;<\/p>\n<p>&nbsp;<\/p>\n<p>&nbsp;<\/p>\n","protected":false},"excerpt":{"rendered":"<p>&nbsp; El Congreso del Estado de Sinaloa aprob\u00f3 dictamen que garantiza el pago de 25 d\u00edas de aguinaldo, por parte del Gobierno del Estado, a las y los trabajadores de la educaci\u00f3n jubilados y pensionados del SNTE Secci\u00f3n 27 que se encuentran dentro del r\u00e9gimen de cuentas individuales. &nbsp; Por unanimidad, el Pleno aprob\u00f3 dictamen [&hellip;]<\/p>\n","protected":false},"author":1,"featured_media":6478,"comment_status":"closed","ping_status":"closed","sticky":false,"template":"","format":"standard","meta":{"footnotes":""},"categories":[24],"tags":[],"ppma_author":[31],"class_list":["post-14747","post","type-post","status-publish","format-standard","has-post-thumbnail","hentry","category-relevantes"],"aioseo_notices":[],"authors":[{"term_id":31,"user_id":1,"is_guest":0,"slug":"ivan3vino","display_name":"Iv\u00e1n Trevi\u00f1o","avatar_url":{"url":"https:\/\/visionciudadana.com.mx\/oficial\/wp-content\/uploads\/2025\/09\/columna-ivan-Trevino.png","url2x":"https:\/\/visionciudadana.com.mx\/oficial\/wp-content\/uploads\/2025\/09\/columna-ivan-Trevino.png"},"0":null,"1":"","2":"","3":"","4":"","5":"","6":"","7":"","8":""}],"_links":{"self":[{"href":"https:\/\/visionciudadana.com.mx\/oficial\/wp-json\/wp\/v2\/posts\/14747","targetHints":{"allow":["GET"]}}],"collection":[{"href":"https:\/\/visionciudadana.com.mx\/oficial\/wp-json\/wp\/v2\/posts"}],"about":[{"href":"https:\/\/visionciudadana.com.mx\/oficial\/wp-json\/wp\/v2\/types\/post"}],"author":[{"embeddable":true,"href":"https:\/\/visionciudadana.com.mx\/oficial\/wp-json\/wp\/v2\/users\/1"}],"replies":[{"embeddable":true,"href":"https:\/\/visionciudadana.com.mx\/oficial\/wp-json\/wp\/v2\/comments?post=14747"}],"version-history":[{"count":1,"href":"https:\/\/visionciudadana.com.mx\/oficial\/wp-json\/wp\/v2\/posts\/14747\/revisions"}],"predecessor-version":[{"id":31496,"href":"https:\/\/visionciudadana.com.mx\/oficial\/wp-json\/wp\/v2\/posts\/14747\/revisions\/31496"}],"wp:featuredmedia":[{"embeddable":true,"href":"https:\/\/visionciudadana.com.mx\/oficial\/wp-json\/wp\/v2\/media\/6478"}],"wp:attachment":[{"href":"https:\/\/visionciudadana.com.mx\/oficial\/wp-json\/wp\/v2\/media?parent=14747"}],"wp:term":[{"taxonomy":"category","embeddable":true,"href":"https:\/\/visionciudadana.com.mx\/oficial\/wp-json\/wp\/v2\/categories?post=14747"},{"taxonomy":"post_tag","embeddable":true,"href":"https:\/\/visionciudadana.com.mx\/oficial\/wp-json\/wp\/v2\/tags?post=14747"},{"taxonomy":"author","embeddable":true,"href":"https:\/\/visionciudadana.com.mx\/oficial\/wp-json\/wp\/v2\/ppma_author?post=14747"}],"curies":[{"name":"wp","href":"https:\/\/api.w.org\/{rel}","templated":true}]}}