{"id":14746,"date":"2021-01-22T03:25:43","date_gmt":"2021-01-22T03:25:43","guid":{"rendered":"https:\/\/visionciudadana.com.mx\/prueba\/2021\/01\/22\/maestros-federalizados-recibiran-ahora-25-dias-adicionales-de-aguinaldo\/"},"modified":"2025-06-25T00:32:38","modified_gmt":"2025-06-25T00:32:38","slug":"maestros-federalizados-recibiran-ahora-25-dias-adicionales-de-aguinaldo","status":"publish","type":"post","link":"https:\/\/visionciudadana.com.mx\/oficial\/2021\/01\/22\/maestros-federalizados-recibiran-ahora-25-dias-adicionales-de-aguinaldo\/","title":{"rendered":"Maestros federalizados recibir\u00e1n ahora 25 d\u00edas adicionales de aguinaldo"},"content":{"rendered":"<p style=\"text-align: justify;\">&nbsp;<\/p>\n<div dir=\"ltr\">\n<p class=\"x_MsoNormal\" style=\"text-align: justify;\" align=\"right\"><img fetchpriority=\"high\" decoding=\"async\" src=\"images\/Enero2021\/maestros_fed.PNG\" alt=\"maestros fed\" width=\"386\" height=\"222\" style=\"display: block; margin-left: auto; margin-right: auto;\" \/><\/p>\n<p style=\"text-align: justify;\"><span style=\"font-size: 14pt; font-family: arial, helvetica, sans-serif;\">La secretaria de la Comisi\u00f3n de Educaci\u00f3n en el Congreso de Sinaloa, la diputada Guadalupe Iribe Gasc\u00f3n, respaldo el dictamen que propuso&nbsp; otorgar&nbsp; a los trabajadores jubilados y pensionados federalizados, que se encuentran dentro del r\u00e9gimen de cuentas individuales,&nbsp; los 25 d\u00edas adicionales de aguinaldo, que ya fueron aprobados para el resto de sus compa\u00f1eros.<\/span><\/p>\n<p style=\"text-align: justify;\">&nbsp;<\/p>\n<p class=\"x_MsoNormal\" style=\"text-align: justify;\"><span style=\"font-size: 14pt; font-family: arial, helvetica, sans-serif;\">Para ello, aval\u00f3 reformar la Ley de Educaci\u00f3n, en su art\u00edculo 145, para que este grupo de maestros pertenecientes a la secci\u00f3n 27 del Sindicato Nacional de Trabajadores de la Educaci\u00f3n aumenten tambi\u00e9n de 40 a 65 el n\u00famero de d\u00edas que recibir\u00e1n de aguinaldo.<\/span><\/p>\n<p style=\"text-align: justify;\">&nbsp;<\/p>\n<p class=\"x_MsoNormal\" style=\"text-align: justify;\"><span style=\"font-size: 14pt; font-family: arial, helvetica, sans-serif;\">En su intervenci\u00f3n, la legisladora local del PRI destac\u00f3 la voluntad pol\u00edtica y la sensibilidad social del Gobernador Quirino Ordaz Coppel para gestionar los recursos suficientes para dar respuesta positiva a este reclamo de los trabajadores de la educaci\u00f3n.<\/span><\/p>\n<p style=\"text-align: justify;\">&nbsp;<\/p>\n<p class=\"x_MsoNormal\" style=\"text-align: justify;\"><span style=\"font-size: 14pt; font-family: arial, helvetica, sans-serif;\">\u201cSin duda, un factor que fue especialmente decisivo para construir la respuesta positiva que se necesitaba, es que pudi\u00e9ramos contar con un Gobernador con sensibilidad pol\u00edtica, enorme capacidad de gesti\u00f3n y comprometido con los trabajadores de la educaci\u00f3n\u201d, dijo.<\/span><\/p>\n<p style=\"text-align: justify;\">&nbsp;<\/p>\n<p class=\"x_MsoNormal\" style=\"text-align: justify;\"><span style=\"font-size: 14pt; font-family: arial, helvetica, sans-serif;\">La diputada Guadalupe Iribe Gasc\u00f3n destac\u00f3 que el dise\u00f1o de una f\u00f3rmula de colaboraci\u00f3n efectiva en el gobierno del estado, se da pese a la compleja situaci\u00f3n econ\u00f3mica del pa\u00eds y tambi\u00e9n a las dificultades financieras que hay en el Gobierno de Sinaloa.<\/span><\/p>\n<p style=\"text-align: justify;\">&nbsp;<\/p>\n<p class=\"x_MsoNormal\" style=\"text-align: justify;\"><span style=\"font-size: 14pt; font-family: arial, helvetica, sans-serif;\">\u201cHoy, con este important\u00edsimo resultado, tenemos una muestra m\u00e1s de por qu\u00e9 el Gobernador Quirino Ordaz reiteradamente ha sido considerado como uno de los mejores gobernadores del pa\u00eds. Quirino Ordaz hizo un compromiso y lo ha cumplido a cabalidad\u201d, puntualiz\u00f3.<\/span><\/p>\n<p style=\"text-align: justify;\">&nbsp;<\/p>\n<p style=\"text-align: justify;\">&nbsp;<\/p>\n<p style=\"text-align: justify;\"><span style=\"font-size: 14pt; font-family: arial, helvetica, sans-serif;\">REDACCI\u00d3N\/VISI\u00d3N CIUDADANA.<\/span><\/p>\n<\/div>\n<p>&#8212;<\/p>\n","protected":false},"excerpt":{"rendered":"<p>&nbsp; La secretaria de la Comisi\u00f3n de Educaci\u00f3n en el Congreso de Sinaloa, la diputada Guadalupe Iribe Gasc\u00f3n, respaldo el dictamen que propuso&nbsp; otorgar&nbsp; a los trabajadores jubilados y pensionados federalizados, que se encuentran dentro del r\u00e9gimen de cuentas individuales,&nbsp; los 25 d\u00edas adicionales de aguinaldo, que ya fueron aprobados para el resto de sus [&hellip;]<\/p>\n","protected":false},"author":1,"featured_media":6476,"comment_status":"closed","ping_status":"closed","sticky":false,"template":"","format":"standard","meta":{"footnotes":""},"categories":[24],"tags":[],"ppma_author":[31],"class_list":["post-14746","post","type-post","status-publish","format-standard","has-post-thumbnail","hentry","category-relevantes"],"aioseo_notices":[],"authors":[{"term_id":31,"user_id":1,"is_guest":0,"slug":"ivan3vino","display_name":"Iv\u00e1n Trevi\u00f1o","avatar_url":{"url":"https:\/\/visionciudadana.com.mx\/oficial\/wp-content\/uploads\/2025\/09\/columna-ivan-Trevino.png","url2x":"https:\/\/visionciudadana.com.mx\/oficial\/wp-content\/uploads\/2025\/09\/columna-ivan-Trevino.png"},"0":null,"1":"","2":"","3":"","4":"","5":"","6":"","7":"","8":""}],"_links":{"self":[{"href":"https:\/\/visionciudadana.com.mx\/oficial\/wp-json\/wp\/v2\/posts\/14746","targetHints":{"allow":["GET"]}}],"collection":[{"href":"https:\/\/visionciudadana.com.mx\/oficial\/wp-json\/wp\/v2\/posts"}],"about":[{"href":"https:\/\/visionciudadana.com.mx\/oficial\/wp-json\/wp\/v2\/types\/post"}],"author":[{"embeddable":true,"href":"https:\/\/visionciudadana.com.mx\/oficial\/wp-json\/wp\/v2\/users\/1"}],"replies":[{"embeddable":true,"href":"https:\/\/visionciudadana.com.mx\/oficial\/wp-json\/wp\/v2\/comments?post=14746"}],"version-history":[{"count":1,"href":"https:\/\/visionciudadana.com.mx\/oficial\/wp-json\/wp\/v2\/posts\/14746\/revisions"}],"predecessor-version":[{"id":31497,"href":"https:\/\/visionciudadana.com.mx\/oficial\/wp-json\/wp\/v2\/posts\/14746\/revisions\/31497"}],"wp:featuredmedia":[{"embeddable":true,"href":"https:\/\/visionciudadana.com.mx\/oficial\/wp-json\/wp\/v2\/media\/6476"}],"wp:attachment":[{"href":"https:\/\/visionciudadana.com.mx\/oficial\/wp-json\/wp\/v2\/media?parent=14746"}],"wp:term":[{"taxonomy":"category","embeddable":true,"href":"https:\/\/visionciudadana.com.mx\/oficial\/wp-json\/wp\/v2\/categories?post=14746"},{"taxonomy":"post_tag","embeddable":true,"href":"https:\/\/visionciudadana.com.mx\/oficial\/wp-json\/wp\/v2\/tags?post=14746"},{"taxonomy":"author","embeddable":true,"href":"https:\/\/visionciudadana.com.mx\/oficial\/wp-json\/wp\/v2\/ppma_author?post=14746"}],"curies":[{"name":"wp","href":"https:\/\/api.w.org\/{rel}","templated":true}]}}