{"id":14742,"date":"2021-01-22T02:49:10","date_gmt":"2021-01-22T02:49:10","guid":{"rendered":"https:\/\/visionciudadana.com.mx\/prueba\/2021\/01\/22\/alcalde-y-colectivos-de-tianguis-logran-acuerdos-para-reducir-riesgos-de-contagio\/"},"modified":"2025-06-25T00:32:39","modified_gmt":"2025-06-25T00:32:39","slug":"alcalde-y-colectivos-de-tianguis-logran-acuerdos-para-reducir-riesgos-de-contagio","status":"publish","type":"post","link":"https:\/\/visionciudadana.com.mx\/oficial\/2021\/01\/22\/alcalde-y-colectivos-de-tianguis-logran-acuerdos-para-reducir-riesgos-de-contagio\/","title":{"rendered":"Alcalde y colectivos de tianguis logran acuerdos para reducir riesgos de contagio"},"content":{"rendered":"<p style=\"text-align: justify;\"><img fetchpriority=\"high\" decoding=\"async\" src=\"images\/Enero2021\/colectivo_tianguis.PNG\" alt=\"colectivo tianguis\" width=\"370\" height=\"222\" style=\"display: block; margin-left: auto; margin-right: auto;\" \/><br \/><span style=\"font-size: 14pt; font-family: arial, helvetica, sans-serif;\">El presidente municipal Lic. Jes\u00fas Estrada Ferreiro, se reuni\u00f3 con representantes y l\u00edderes de los diferentes tianguis de la ciudad con la finalidad de generar acuerdos que permitan flexibilizar su operatividad mediante el fortalecimiento de las medidas de sanidad para evitar riesgos de contagio por COVID-19; derivado de ello, se acord\u00f3 que esta semana, hasta el d\u00eda domingo 24, se permitir\u00e1 que funcionen bajo la aplicaci\u00f3n de los protocolos preventivos.<\/span><\/p>\n<p style=\"text-align: justify;\"><span style=\"font-size: 14pt; font-family: arial, helvetica, sans-serif;\">Con el aval de los comerciantes, el alcalde detall\u00f3 los compromisos adquiridos por ambas partes para resolver dicha situaci\u00f3n por el bien de todos pues, dijo, aunque es de suma importancia la reactivaci\u00f3n econ\u00f3mica, tambi\u00e9n lo es, y en mayor medida, la salud de la poblaci\u00f3n.<\/span><\/p>\n<p style=\"text-align: justify;\">\n<p><span style=\"font-size: 14pt; font-family: arial, helvetica, sans-serif;\">\u201cSepan que en ning\u00fan momento es nuestra intenci\u00f3n limitar el comercio pero simplemente no podemos cambiar el dinero por la vida de las personas, estamos pasando por una situaci\u00f3n muy delicada, donde cada d\u00eda suman m\u00e1s fallecidos a causa de esta terrible pandemia\u201d, manifest\u00f3 Estrada Ferreiro.<\/span><\/p>\n<p style=\"text-align: justify;\">\n<p><span style=\"font-size: 14pt; font-family: arial, helvetica, sans-serif;\">Tras dicho periodo se acord\u00f3 que se mantendr\u00eda suspendida su actividad durante los pr\u00f3ximos 15 d\u00edas, a fin de que se reduzcan los brotes de contagios.<\/span><\/p>\n<p style=\"text-align: justify;\"><span style=\"font-size: 14pt; font-family: arial, helvetica, sans-serif;\">\u201cHemos llegado a este acuerdo mutuo porque muchos de los comerciantes tienen art\u00edculos perecederos que necesitan sacar lo m\u00e1s pronto posible, pero por parte de ellos, hacen el compromiso de extremar las medidas sanitarias para evitar contagios en estos lugares\u201d, precis\u00f3.<\/span><\/p>\n<p style=\"text-align: justify;\">&nbsp;<\/p>\n<p style=\"text-align: justify;\">&nbsp;<\/p>\n<p style=\"text-align: justify;\"><span style=\"font-size: 14pt; font-family: arial, helvetica, sans-serif;\">REDACCI\u00d3N\/VISI\u00d3N CIUDADANA.<\/span><\/p>\n","protected":false},"excerpt":{"rendered":"<p>El presidente municipal Lic. Jes\u00fas Estrada Ferreiro, se reuni\u00f3 con representantes y l\u00edderes de los diferentes tianguis de la ciudad con la finalidad de generar acuerdos que permitan flexibilizar su operatividad mediante el fortalecimiento de las medidas de sanidad para evitar riesgos de contagio por COVID-19; derivado de ello, se acord\u00f3 que esta semana, hasta [&hellip;]<\/p>\n","protected":false},"author":1,"featured_media":6468,"comment_status":"closed","ping_status":"closed","sticky":false,"template":"","format":"standard","meta":{"footnotes":""},"categories":[13],"tags":[],"ppma_author":[31],"class_list":["post-14742","post","type-post","status-publish","format-standard","has-post-thumbnail","hentry","category-locales"],"aioseo_notices":[],"authors":[{"term_id":31,"user_id":1,"is_guest":0,"slug":"ivan3vino","display_name":"Iv\u00e1n Trevi\u00f1o","avatar_url":{"url":"https:\/\/visionciudadana.com.mx\/oficial\/wp-content\/uploads\/2025\/09\/columna-ivan-Trevino.png","url2x":"https:\/\/visionciudadana.com.mx\/oficial\/wp-content\/uploads\/2025\/09\/columna-ivan-Trevino.png"},"0":null,"1":"","2":"","3":"","4":"","5":"","6":"","7":"","8":""}],"_links":{"self":[{"href":"https:\/\/visionciudadana.com.mx\/oficial\/wp-json\/wp\/v2\/posts\/14742","targetHints":{"allow":["GET"]}}],"collection":[{"href":"https:\/\/visionciudadana.com.mx\/oficial\/wp-json\/wp\/v2\/posts"}],"about":[{"href":"https:\/\/visionciudadana.com.mx\/oficial\/wp-json\/wp\/v2\/types\/post"}],"author":[{"embeddable":true,"href":"https:\/\/visionciudadana.com.mx\/oficial\/wp-json\/wp\/v2\/users\/1"}],"replies":[{"embeddable":true,"href":"https:\/\/visionciudadana.com.mx\/oficial\/wp-json\/wp\/v2\/comments?post=14742"}],"version-history":[{"count":1,"href":"https:\/\/visionciudadana.com.mx\/oficial\/wp-json\/wp\/v2\/posts\/14742\/revisions"}],"predecessor-version":[{"id":31501,"href":"https:\/\/visionciudadana.com.mx\/oficial\/wp-json\/wp\/v2\/posts\/14742\/revisions\/31501"}],"wp:featuredmedia":[{"embeddable":true,"href":"https:\/\/visionciudadana.com.mx\/oficial\/wp-json\/wp\/v2\/media\/6468"}],"wp:attachment":[{"href":"https:\/\/visionciudadana.com.mx\/oficial\/wp-json\/wp\/v2\/media?parent=14742"}],"wp:term":[{"taxonomy":"category","embeddable":true,"href":"https:\/\/visionciudadana.com.mx\/oficial\/wp-json\/wp\/v2\/categories?post=14742"},{"taxonomy":"post_tag","embeddable":true,"href":"https:\/\/visionciudadana.com.mx\/oficial\/wp-json\/wp\/v2\/tags?post=14742"},{"taxonomy":"author","embeddable":true,"href":"https:\/\/visionciudadana.com.mx\/oficial\/wp-json\/wp\/v2\/ppma_author?post=14742"}],"curies":[{"name":"wp","href":"https:\/\/api.w.org\/{rel}","templated":true}]}}