{"id":14741,"date":"2021-01-22T02:42:13","date_gmt":"2021-01-22T02:42:13","guid":{"rendered":"https:\/\/visionciudadana.com.mx\/prueba\/2021\/01\/22\/personal-del-hospital-civil-y-cidocs-reciben-primera-dosis-de-vacuna-contra-covid\/"},"modified":"2025-06-25T00:32:39","modified_gmt":"2025-06-25T00:32:39","slug":"personal-del-hospital-civil-y-cidocs-reciben-primera-dosis-de-vacuna-contra-covid","status":"publish","type":"post","link":"https:\/\/visionciudadana.com.mx\/oficial\/2021\/01\/22\/personal-del-hospital-civil-y-cidocs-reciben-primera-dosis-de-vacuna-contra-covid\/","title":{"rendered":"Personal del Hospital Civil y CIDOCS reciben primera dosis de vacuna contra COVID"},"content":{"rendered":"<p style=\"text-align: justify;\"><img fetchpriority=\"high\" decoding=\"async\" src=\"images\/Enero2021\/recibe_vacuna_HC.PNG\" alt=\"recibe vacuna HC\" width=\"390\" height=\"217\" style=\"display: block; margin-left: auto; margin-right: auto;\" \/><\/p>\n<p class=\"x_MsoNormal\" style=\"text-align: justify;\"><span style=\"font-size: 14pt; font-family: arial, helvetica, sans-serif;\">Personal del Hospital Civil de Culiac\u00e1n y del Centro de Investigaci\u00f3n y Docencia en Ciencias de la Salud (CIDOCS) de la Universidad Aut\u00f3noma de Sinaloa, que participa en la primera l\u00ednea de combate a la pandemia del Coronavirus, acudi\u00f3 al Hospital Integral de Cosal\u00e1 a recibir la primera dosis de la vacuna contra el COVID-19, que los protege en una primera instancia para no contraer la letal enfermedad que est\u00e1 cobrando miles de v\u00edctimas a nivel mundial.<\/span><\/p>\n<p style=\"text-align: justify;\">&nbsp;<\/p>\n<p class=\"x_MsoNormal\" style=\"text-align: justify;\"><span style=\"font-size: 14pt; font-family: arial, helvetica, sans-serif;\">De los 120 trabajadores de la salud que se trasladaron de Culiac\u00e1n a Cosal\u00e1, el primero en recibir la dosis fue el m\u00e9dico ginec\u00f3logo, David Ponce Higuera, quien al finalizar el protocolo expres\u00f3 su confianza en el sentido de que por fin est\u00e1 protegido para llevar a cabo su labor de una forma m\u00e1s segura.<\/span><\/p>\n<p style=\"text-align: justify;\">&nbsp;<\/p>\n<p class=\"x_MsoNormal\" style=\"text-align: justify;\"><span style=\"font-size: 14pt; font-family: arial, helvetica, sans-serif;\">\u201cEs una experiencia muy tranquilizante el saber que por fin vamos a tener una posible soluci\u00f3n a esto que se est\u00e1 viviendo con el COVID; no es doloroso, no tiene ning\u00fan inconveniente y espero no tener ninguna reacci\u00f3n como la mayor\u00eda de la gente no la ha tenido\u201d, coment\u00f3.<\/span><\/p>\n<p style=\"text-align: justify;\">&nbsp;<\/p>\n<p class=\"x_MsoNormal\" style=\"text-align: justify;\"><span style=\"font-size: 14pt; font-family: arial, helvetica, sans-serif;\">Mar\u00eda Guadalupe Guicho Samaniego, ginec\u00f3loga adscrita tambi\u00e9n al Hospital Civil de Culiac\u00e1n manifest\u00f3 que una vez recibida la primera dosis de la vacuna se siente m\u00e1s segura, ya que ten\u00eda la incertidumbre si iba a recibir el biol\u00f3gico a pesar de estar en un nosocomio habilitado como Hospital COVID.<\/span><\/p>\n<p style=\"text-align: justify;\">&nbsp;<\/p>\n<p class=\"x_MsoNormal\" style=\"text-align: justify;\"><span style=\"font-size: 14pt; font-family: arial, helvetica, sans-serif;\">\u201cEsto es cuesti\u00f3n de tiempo, todos vamos a ser tomados en cuenta, debemos tener paciencia para cuando nos llegue el momento de aplicarnos la vacuna\u201d, expuso.<\/span><\/p>\n<p style=\"text-align: justify;\">&nbsp;<\/p>\n<p class=\"x_MsoNormal\" style=\"text-align: justify;\"><span style=\"font-size: 14pt; font-family: arial, helvetica, sans-serif;\">Por su parte Sergio F\u00e9lix F\u00e9lix, quien se desempe\u00f1a como camillero se dijo contento con que se le haya aplicado la vacuna para seguir trasladando a las personas sin el riesgo de contagiarse.<\/span><\/p>\n<p style=\"text-align: justify;\">&nbsp;<\/p>\n<p class=\"x_MsoNormal\" style=\"text-align: justify;\"><span style=\"font-size: 14pt; font-family: arial, helvetica, sans-serif;\">\u201cEs por el bien de uno el pon\u00e9rsela para que no haya m\u00e1s contagios y parar esto que estamos viviendo, que la verdad nadie se esperaba\u201d, extern\u00f3.<\/span><\/p>\n<p style=\"text-align: justify;\">&nbsp;<\/p>\n<p class=\"x_MsoNormal\" style=\"text-align: justify;\"><span style=\"font-size: 14pt; font-family: arial, helvetica, sans-serif;\">La enfermera Victoria Guadalupe L\u00f3pez Cu\u00e9n se\u00f1al\u00f3 que ella se siente afortunada por haber sido seleccionada para recibir la vacuna y seguir apoyando a la poblaci\u00f3n.<\/span><\/p>\n<p style=\"text-align: justify;\">&nbsp;<\/p>\n<p class=\"x_MsoNormal\" style=\"text-align: justify;\"><span style=\"font-size: 14pt; font-family: arial, helvetica, sans-serif;\">\u201cEsperemos que nos ayude para poder seguir ayudando, que es nuestra finalidad\u201d, subray\u00f3 L\u00f3pez Cu\u00e9n.<\/span><\/p>\n<p style=\"text-align: justify;\">&nbsp;<\/p>\n<p class=\"x_MsoNormal\" style=\"text-align: justify;\"><span style=\"font-size: 14pt; font-family: arial, helvetica, sans-serif;\">Presente en el proceso de vacunaci\u00f3n, por instrucciones del Rector, doctor Juan Eulogio Guerra Liera, el doctor Gerardo Alapizco Castro, secretario general de la UAS, indic\u00f3 que la instituci\u00f3n est\u00e1 en una coordinaci\u00f3n muy estrecha con el secretario de Salud del Estado, doctor Efr\u00e9n Encinas Torres y con el gobernador Quirino Ordaz Coppel, en su af\u00e1n de colaborar con personal y brigadistas en la campa\u00f1a de inmunizaci\u00f3n contra el Coronavirus.<\/span><\/p>\n<p style=\"text-align: justify;\">&nbsp;<\/p>\n<p class=\"x_MsoNormal\" style=\"text-align: justify;\"><span style=\"font-size: 14pt; font-family: arial, helvetica, sans-serif;\">\u201cLa Universidad est\u00e1 trabajando intensamente todos los d\u00edas, no ha parado en ayudar y apoyar en esta pandemia que verdaderamente est\u00e1 afectando a la poblaci\u00f3n\u201d, remarc\u00f3 Alapizco Castro.<\/span><\/p>\n<p style=\"text-align: justify;\">&nbsp;<\/p>\n<p class=\"x_MsoNormal\" style=\"text-align: justify;\"><span style=\"font-size: 14pt; font-family: arial, helvetica, sans-serif;\">Finalmente, la doctora Alma Guadalupe Pineda, directora del Hospital Integral de Cosal\u00e1 inform\u00f3 que en total se atendieron en dicho nosocomio a 120 trabajadores del Hospital Civil y el CIDOCS, entre enfermeras y enfermeros, doctores, camilleros y personal de intendencia, todos considerados dentro de la primera l\u00ednea de atenci\u00f3n a la pandemia.<\/span><\/p>\n<p style=\"text-align: justify;\">&nbsp;<\/p>\n<p style=\"text-align: justify;\">&nbsp;<\/p>\n<p style=\"text-align: justify;\"><span style=\"font-size: 14pt; font-family: arial, helvetica, sans-serif;\">REDACCI\u00d3N\/VISI\u00d3N CIUDADANA.<\/span><\/p>\n<div>&nbsp;<\/div>\n","protected":false},"excerpt":{"rendered":"<p>Personal del Hospital Civil de Culiac\u00e1n y del Centro de Investigaci\u00f3n y Docencia en Ciencias de la Salud (CIDOCS) de la Universidad Aut\u00f3noma de Sinaloa, que participa en la primera l\u00ednea de combate a la pandemia del Coronavirus, acudi\u00f3 al Hospital Integral de Cosal\u00e1 a recibir la primera dosis de la vacuna contra el COVID-19, [&hellip;]<\/p>\n","protected":false},"author":1,"featured_media":6466,"comment_status":"closed","ping_status":"closed","sticky":false,"template":"","format":"standard","meta":{"footnotes":""},"categories":[24],"tags":[],"ppma_author":[31],"class_list":["post-14741","post","type-post","status-publish","format-standard","has-post-thumbnail","hentry","category-relevantes"],"aioseo_notices":[],"authors":[{"term_id":31,"user_id":1,"is_guest":0,"slug":"ivan3vino","display_name":"Iv\u00e1n Trevi\u00f1o","avatar_url":{"url":"https:\/\/visionciudadana.com.mx\/oficial\/wp-content\/uploads\/2025\/09\/columna-ivan-Trevino.png","url2x":"https:\/\/visionciudadana.com.mx\/oficial\/wp-content\/uploads\/2025\/09\/columna-ivan-Trevino.png"},"0":null,"1":"","2":"","3":"","4":"","5":"","6":"","7":"","8":""}],"_links":{"self":[{"href":"https:\/\/visionciudadana.com.mx\/oficial\/wp-json\/wp\/v2\/posts\/14741","targetHints":{"allow":["GET"]}}],"collection":[{"href":"https:\/\/visionciudadana.com.mx\/oficial\/wp-json\/wp\/v2\/posts"}],"about":[{"href":"https:\/\/visionciudadana.com.mx\/oficial\/wp-json\/wp\/v2\/types\/post"}],"author":[{"embeddable":true,"href":"https:\/\/visionciudadana.com.mx\/oficial\/wp-json\/wp\/v2\/users\/1"}],"replies":[{"embeddable":true,"href":"https:\/\/visionciudadana.com.mx\/oficial\/wp-json\/wp\/v2\/comments?post=14741"}],"version-history":[{"count":1,"href":"https:\/\/visionciudadana.com.mx\/oficial\/wp-json\/wp\/v2\/posts\/14741\/revisions"}],"predecessor-version":[{"id":31502,"href":"https:\/\/visionciudadana.com.mx\/oficial\/wp-json\/wp\/v2\/posts\/14741\/revisions\/31502"}],"wp:featuredmedia":[{"embeddable":true,"href":"https:\/\/visionciudadana.com.mx\/oficial\/wp-json\/wp\/v2\/media\/6466"}],"wp:attachment":[{"href":"https:\/\/visionciudadana.com.mx\/oficial\/wp-json\/wp\/v2\/media?parent=14741"}],"wp:term":[{"taxonomy":"category","embeddable":true,"href":"https:\/\/visionciudadana.com.mx\/oficial\/wp-json\/wp\/v2\/categories?post=14741"},{"taxonomy":"post_tag","embeddable":true,"href":"https:\/\/visionciudadana.com.mx\/oficial\/wp-json\/wp\/v2\/tags?post=14741"},{"taxonomy":"author","embeddable":true,"href":"https:\/\/visionciudadana.com.mx\/oficial\/wp-json\/wp\/v2\/ppma_author?post=14741"}],"curies":[{"name":"wp","href":"https:\/\/api.w.org\/{rel}","templated":true}]}}