{"id":14740,"date":"2021-01-22T02:36:19","date_gmt":"2021-01-22T02:36:19","guid":{"rendered":"https:\/\/visionciudadana.com.mx\/prueba\/2021\/01\/22\/iees-da-cumplimiento-a-sentencia-de-teesin-y-concede-prorroga-a-26-aspirantes-a-candidaturas-independientes\/"},"modified":"2025-06-25T00:32:39","modified_gmt":"2025-06-25T00:32:39","slug":"iees-da-cumplimiento-a-sentencia-de-teesin-y-concede-prorroga-a-26-aspirantes-a-candidaturas-independientes","status":"publish","type":"post","link":"https:\/\/visionciudadana.com.mx\/oficial\/2021\/01\/22\/iees-da-cumplimiento-a-sentencia-de-teesin-y-concede-prorroga-a-26-aspirantes-a-candidaturas-independientes\/","title":{"rendered":"IEES da cumplimiento a sentencia de TEESIN y concede pr\u00f3rroga a 26 aspirantes a candidaturas independientes"},"content":{"rendered":"<p>&nbsp;<\/p>\n<p><img fetchpriority=\"high\" decoding=\"async\" src=\"images\/Enero2021\/sentencia_teesin.PNG\" alt=\"sentencia teesin\" width=\"392\" height=\"224\" style=\"display: block; margin-left: auto; margin-right: auto;\" \/><\/p>\n<p style=\"text-align: justify;\"><span style=\"font-size: 14pt; font-family: arial, helvetica, sans-serif;\">En sesi\u00f3n extraordinaria virtual, el Consejo General del Instituto Electoral del Estado de Sinaloa (IEES), dio cumplimiento a la sentencia dictada por el Tribunal Electoral del Estado de Sinaloa (TEESIN), en el Juicio para la Protecci\u00f3n de los Derechos Pol\u00edticos del Ciudadano TESIN-JDP-02\/2021.<\/span><\/p>\n<p style=\"text-align: justify;\">&nbsp;<\/p>\n<p style=\"text-align: justify;\"><span style=\"font-size: 14pt; font-family: arial, helvetica, sans-serif;\">Con base a la resoluci\u00f3n dictada por el Tribunal, el Pleno concede a 26 aspirantes a candidaturas independientes, una pr\u00f3rroga de ocho d\u00edas naturales otorgada por el \u00f3rgano jurisdiccional local, contados a partir de la aprobaci\u00f3n del presente acuerdo, para que presenten la documentaci\u00f3n requerida para obtener la acreditaci\u00f3n, conforme a la Ley Electoral Local y a los Lineamientos emitidos por este Instituto.<\/span><\/p>\n<p style=\"text-align: justify;\">&nbsp;<\/p>\n<p style=\"text-align: justify;\"><span style=\"font-size: 14pt; font-family: arial, helvetica, sans-serif;\">Al presentar el Proyecto de Acuerdo, el Consejero Electoral, Jorge Alberto De La Herr\u00e1n Garc\u00eda, se\u00f1al\u00f3 que en la sesi\u00f3n extraordinaria del pasado 9 de enero, se declar\u00f3 como no presentadas las manifestaciones de intenci\u00f3n de 27 aspirantes a candidaturas independientes, por no cumplir dentro del plazo establecido con los requisitos que para tal efecto se se\u00f1alan en el art\u00edculo 80 de la Ley de Instituciones y Procedimientos Electorales del Estado de Sinaloa (LIPEES) y en el art\u00edculo 33 de los Lineamientos de Candidaturas Independientes.<\/span><\/p>\n<p style=\"text-align: justify;\">&nbsp;<\/p>\n<p style=\"text-align: justify;\"><span style=\"font-size: 14pt; font-family: arial, helvetica, sans-serif;\">En el caso de la Manifestaci\u00f3n de Intenci\u00f3n para el cargo de la Gubernatura del Estado, presentada por Ricardo Arnulfo Mendoza Sauceda, al igual que en la solicitud de 18 aspirantes para las Diputaciones Locales al Congreso del Estado y 8 para las Presidencias Municipales, la Coordinaci\u00f3n de Prerrogativas de Partidos Pol\u00edticos de este Instituto detect\u00f3 como documentaci\u00f3n no entregada, las siguientes en todos los casos: copia certificada del Acta constitutiva de la Asociaci\u00f3n Civil integrada; as\u00ed como las copias simples de: el Registro Federal de Contribuyentes de la Asociaci\u00f3n Civil, del contrato de la cuenta bancaria aperturada, de la credencial para votar de la o el representante legal, y de la o el encargado de la administraci\u00f3n de los recursos.<\/span><\/p>\n<p style=\"text-align: justify;\">&nbsp;<\/p>\n<p style=\"text-align: justify;\"><span style=\"font-size: 14pt; font-family: arial, helvetica, sans-serif;\">Cabe destacar que originalmente en el Acuerdo de la sesi\u00f3n del 09 de enero, sumaban 27 aspirantes que no cumplieron con la entrega total de requisitos, pero durante el proceso del Juicio para la Protecci\u00f3n de los Derechos Pol\u00edticos del Ciudadano, el TEESIN dej\u00f3 fuera al aspirante a la Presidencia Municipal de Cosal\u00e1, Paulino Corrales Beltr\u00e1n, por no cumplir con un documento notarial; por lo que la lista finalmente qued\u00f3 conformada por 26 aspirantes.<\/span><\/p>\n<p style=\"text-align: justify;\">&nbsp;<\/p>\n<p style=\"text-align: justify;\"><span style=\"font-size: 14pt; font-family: arial, helvetica, sans-serif;\">De igual manera, en acatamiento a los efectos de la sentencia que se da cumplimiento, una vez que las y los promoventes presenten ante este Instituto los requisitos, se valorar\u00e1 la documentaci\u00f3n aportada, se resolver\u00e1 sobre el incumplimiento o no de los requisitos y se determinar\u00e1 si obtienen la calidad de aspirante a candidata o candidato independiente, a fin de que empiecen a recabar el apoyo ciudadano, teniendo como fecha l\u00edmite el 04 de marzo del presente a\u00f1o.<\/span><\/p>\n<p style=\"text-align: justify;\">&nbsp;<\/p>\n<p style=\"text-align: justify;\"><span style=\"font-size: 14pt; font-family: arial, helvetica, sans-serif;\">Aspirantes a candidaturas independientes a quienes se les concede pr\u00f3rroga<\/span><\/p>\n<p style=\"text-align: justify;\"><span style=\"font-size: 14pt; font-family: arial, helvetica, sans-serif;\">1. Ricardo Arnulfo Mendoza Sauceda, Gubernatura del Estado<\/span><\/p>\n<p style=\"text-align: justify;\"><span style=\"font-size: 14pt; font-family: arial, helvetica, sans-serif;\">2. Adilene Alg\u00e1ndar Espinoza, Distrito 02<\/span><\/p>\n<p style=\"text-align: justify;\"><span style=\"font-size: 14pt; font-family: arial, helvetica, sans-serif;\">3. Nora del Carmen Robles Rivas, Distrito 04<\/span><\/p>\n<p style=\"text-align: justify;\"><span style=\"font-size: 14pt; font-family: arial, helvetica, sans-serif;\">4. Ra\u00fal Eduardo \u00cd\u00f1iguez G\u00e1mez, Distrito 05<\/span><\/p>\n<p style=\"text-align: justify;\"><span style=\"font-size: 14pt; font-family: arial, helvetica, sans-serif;\">5. Rafaela Guadalupe Cuevas Garc\u00eda, Distrito 06<\/span><\/p>\n<p style=\"text-align: justify;\"><span style=\"font-size: 14pt; font-family: arial, helvetica, sans-serif;\">6. Diana Lizeth Cuevas Camargo, Distrito 07<\/span><\/p>\n<p style=\"text-align: justify;\"><span style=\"font-size: 14pt; font-family: arial, helvetica, sans-serif;\">7. Dulce Paola Cuevas Garc\u00eda, Distrito 08<\/span><\/p>\n<p style=\"text-align: justify;\"><span style=\"font-size: 14pt; font-family: arial, helvetica, sans-serif;\">8. Gilberto de la Vara Gast\u00e9lum, Distrito 10<\/span><\/p>\n<p style=\"text-align: justify;\"><span style=\"font-size: 14pt; font-family: arial, helvetica, sans-serif;\">9. Pedro Tapia R\u00edos, Distrito 11<\/span><\/p>\n<p style=\"text-align: justify;\"><span style=\"font-size: 14pt; font-family: arial, helvetica, sans-serif;\">10. Janeth Maribel D\u00edaz Reyes, Distrito 12<\/span><\/p>\n<p style=\"text-align: justify;\"><span style=\"font-size: 14pt; font-family: arial, helvetica, sans-serif;\">11. J. Carmen Bustamante Carri\u00f3n, Distrito 13<\/span><\/p>\n<p style=\"text-align: justify;\"><span style=\"font-size: 14pt; font-family: arial, helvetica, sans-serif;\">12. Miguel \u00c1ngel Espinoza Biarco, Distrito 14<\/span><\/p>\n<p style=\"text-align: justify;\"><span style=\"font-size: 14pt; font-family: arial, helvetica, sans-serif;\">13. Josefina Murrieta Castillo, Distrito 15<\/span><\/p>\n<p style=\"text-align: justify;\"><span style=\"font-size: 14pt; font-family: arial, helvetica, sans-serif;\">14. Norma Alicia L\u00f3pez Garc\u00eda, Distrito 16<\/span><\/p>\n<p style=\"text-align: justify;\"><span style=\"font-size: 14pt; font-family: arial, helvetica, sans-serif;\">15. Jes\u00fas Imelda Reyes Villa, Distrito 17<\/span><\/p>\n<p style=\"text-align: justify;\"><span style=\"font-size: 14pt; font-family: arial, helvetica, sans-serif;\">16. Juli\u00e1n Alfredo Carrillo Rodr\u00edguez, Distrito 18<\/span><\/p>\n<p style=\"text-align: justify;\"><span style=\"font-size: 14pt; font-family: arial, helvetica, sans-serif;\">17. Miguel Mart\u00edn Roy Gast\u00e9lum, Distrito 19<\/span><\/p>\n<p style=\"text-align: justify;\"><span style=\"font-size: 14pt; font-family: arial, helvetica, sans-serif;\">18. Baltazar Quintana Bernal, Distrito 20<\/span><\/p>\n<p style=\"text-align: justify;\"><span style=\"font-size: 14pt; font-family: arial, helvetica, sans-serif;\">19. Felipe de Jes\u00fas Osuna L\u00f3pez, Distrito 21<\/span><\/p>\n<p style=\"text-align: justify;\"><span style=\"font-size: 14pt; font-family: arial, helvetica, sans-serif;\">20. Blanca Estela S\u00e1nchez Villegas, PM Ahome<\/span><\/p>\n<p style=\"text-align: justify;\"><span style=\"font-size: 14pt; font-family: arial, helvetica, sans-serif;\">21. Miguel \u00c1ngel Mill\u00e1n Meza, PM Culiac\u00e1n<\/span><\/p>\n<p style=\"text-align: justify;\"><span style=\"font-size: 14pt; font-family: arial, helvetica, sans-serif;\">22. Pedro \u00c1ngel Favela Garc\u00eda, PM Elota;<\/span><\/p>\n<p style=\"text-align: justify;\"><span style=\"font-size: 14pt; font-family: arial, helvetica, sans-serif;\">23. Celia Gast\u00e9lum Valenzuela, PM Guasave<\/span><\/p>\n<p style=\"text-align: justify;\"><span style=\"font-size: 14pt; font-family: arial, helvetica, sans-serif;\">24. Sergio Indalecio Camacho Palazuelos, PM Mazatl\u00e1n<\/span><\/p>\n<p style=\"text-align: justify;\"><span style=\"font-size: 14pt; font-family: arial, helvetica, sans-serif;\">25. Carlos P\u00e9rez Villa, PM Mocorito<\/span><\/p>\n<p style=\"text-align: justify;\"><span style=\"font-size: 14pt; font-family: arial, helvetica, sans-serif;\">26. Josefina Camacho Inzunza, PM Navolato<\/span><\/p>\n<p style=\"text-align: justify;\">&nbsp;<\/p>\n<p style=\"text-align: justify;\">&nbsp;<\/p>\n<p style=\"text-align: justify;\"><span style=\"font-size: 14pt; font-family: arial, helvetica, sans-serif;\">REDACCI\u00d3N\/VISI\u00d3N CIUDADANA.<\/span><\/p>\n","protected":false},"excerpt":{"rendered":"<p>&nbsp; En sesi\u00f3n extraordinaria virtual, el Consejo General del Instituto Electoral del Estado de Sinaloa (IEES), dio cumplimiento a la sentencia dictada por el Tribunal Electoral del Estado de Sinaloa (TEESIN), en el Juicio para la Protecci\u00f3n de los Derechos Pol\u00edticos del Ciudadano TESIN-JDP-02\/2021. &nbsp; Con base a la resoluci\u00f3n dictada por el Tribunal, el [&hellip;]<\/p>\n","protected":false},"author":1,"featured_media":6464,"comment_status":"closed","ping_status":"closed","sticky":false,"template":"","format":"standard","meta":{"footnotes":""},"categories":[24],"tags":[],"ppma_author":[31],"class_list":["post-14740","post","type-post","status-publish","format-standard","has-post-thumbnail","hentry","category-relevantes"],"aioseo_notices":[],"authors":[{"term_id":31,"user_id":1,"is_guest":0,"slug":"ivan3vino","display_name":"Iv\u00e1n Trevi\u00f1o","avatar_url":{"url":"https:\/\/visionciudadana.com.mx\/oficial\/wp-content\/uploads\/2025\/09\/columna-ivan-Trevino.png","url2x":"https:\/\/visionciudadana.com.mx\/oficial\/wp-content\/uploads\/2025\/09\/columna-ivan-Trevino.png"},"0":null,"1":"","2":"","3":"","4":"","5":"","6":"","7":"","8":""}],"_links":{"self":[{"href":"https:\/\/visionciudadana.com.mx\/oficial\/wp-json\/wp\/v2\/posts\/14740","targetHints":{"allow":["GET"]}}],"collection":[{"href":"https:\/\/visionciudadana.com.mx\/oficial\/wp-json\/wp\/v2\/posts"}],"about":[{"href":"https:\/\/visionciudadana.com.mx\/oficial\/wp-json\/wp\/v2\/types\/post"}],"author":[{"embeddable":true,"href":"https:\/\/visionciudadana.com.mx\/oficial\/wp-json\/wp\/v2\/users\/1"}],"replies":[{"embeddable":true,"href":"https:\/\/visionciudadana.com.mx\/oficial\/wp-json\/wp\/v2\/comments?post=14740"}],"version-history":[{"count":1,"href":"https:\/\/visionciudadana.com.mx\/oficial\/wp-json\/wp\/v2\/posts\/14740\/revisions"}],"predecessor-version":[{"id":31503,"href":"https:\/\/visionciudadana.com.mx\/oficial\/wp-json\/wp\/v2\/posts\/14740\/revisions\/31503"}],"wp:featuredmedia":[{"embeddable":true,"href":"https:\/\/visionciudadana.com.mx\/oficial\/wp-json\/wp\/v2\/posts\/6464"}],"wp:attachment":[{"href":"https:\/\/visionciudadana.com.mx\/oficial\/wp-json\/wp\/v2\/media?parent=14740"}],"wp:term":[{"taxonomy":"category","embeddable":true,"href":"https:\/\/visionciudadana.com.mx\/oficial\/wp-json\/wp\/v2\/categories?post=14740"},{"taxonomy":"post_tag","embeddable":true,"href":"https:\/\/visionciudadana.com.mx\/oficial\/wp-json\/wp\/v2\/tags?post=14740"},{"taxonomy":"author","embeddable":true,"href":"https:\/\/visionciudadana.com.mx\/oficial\/wp-json\/wp\/v2\/ppma_author?post=14740"}],"curies":[{"name":"wp","href":"https:\/\/api.w.org\/{rel}","templated":true}]}}